{"id":28896,"date":"2025-04-01T13:50:29","date_gmt":"2025-04-01T16:50:29","guid":{"rendered":"https:\/\/guialimeira.com.br\/?p=28896"},"modified":"2025-04-01T13:50:29","modified_gmt":"2025-04-01T16:50:29","slug":"marcos-nobre-analisa-democracia-e-desafios-da-esquerda-agencia-brasil","status":"publish","type":"post","link":"https:\/\/guialimeira.com.br\/news\/marcos-nobre-analisa-democracia-e-desafios-da-esquerda-agencia-brasil\/","title":{"rendered":"Marcos Nobre analisa democracia e desafios da esquerda| Ag\u00eancia Brasil"},"content":{"rendered":"\n<figure class=\"wp-block-gallery has-nested-images columns-default is-cropped wp-block-gallery-1 is-layout-flex wp-block-gallery-is-layout-flex\">\n<figure class=\"wp-block-image size-large\"><\/figure>\n\t\t\t\t\t\n<figure class=\"wp-block-image size-large\"><img loading=\"lazy\" decoding=\"async\" width=\"1\" height=\"1\" data-attachment-id=\"28894\" data-permalink=\"https:\/\/guialimeira.com.br\/news\/marcos-nobre-analisa-democracia-e-desafios-da-esquerda-agencia-brasil-2\/\" data-orig-file=\"https:\/\/i0.wp.com\/guialimeira.com.br\/news\/wp-content\/uploads\/2025\/04\/ebc.gif?fit=1%2C1&amp;ssl=1\" data-orig-size=\"1,1\" data-comments-opened=\"1\" data-image-meta=\"{&quot;aperture&quot;:&quot;0&quot;,&quot;credit&quot;:&quot;&quot;,&quot;camera&quot;:&quot;&quot;,&quot;caption&quot;:&quot;&quot;,&quot;created_timestamp&quot;:&quot;0&quot;,&quot;copyright&quot;:&quot;&quot;,&quot;focal_length&quot;:&quot;0&quot;,&quot;iso&quot;:&quot;0&quot;,&quot;shutter_speed&quot;:&quot;0&quot;,&quot;title&quot;:&quot;&quot;,&quot;orientation&quot;:&quot;0&quot;}\" data-image-title=\"Marcos Nobre analisa democracia e desafios da esquerda| Ag\u00eancia Brasil\" data-image-description=\"\" data-image-caption=\"\" data-large-file=\"https:\/\/i0.wp.com\/guialimeira.com.br\/news\/wp-content\/uploads\/2025\/04\/ebc.gif?fit=1%2C1&amp;ssl=1\" data-id=\"28894\" src=\"https:\/\/i0.wp.com\/guialimeira.com.br\/wp-content\/uploads\/2025\/04\/ebc.gif?resize=1%2C1&amp;ssl=1\" alt=\"\" class=\"wp-image-28894\" \/><\/figure>\n\t\t\t\t\t\n<figure class=\"wp-block-image size-large\"><img loading=\"lazy\" decoding=\"async\" width=\"754\" height=\"503\" data-attachment-id=\"28895\" data-permalink=\"https:\/\/guialimeira.com.br\/news\/marcos-nobre-analisa-democracia-e-desafios-da-esquerda-agencia-brasil-3\/\" data-orig-file=\"https:\/\/i0.wp.com\/guialimeira.com.br\/news\/wp-content\/uploads\/2025\/04\/marcos_nobre_11.jpg?fit=754%2C503&amp;ssl=1\" data-orig-size=\"754,503\" data-comments-opened=\"1\" data-image-meta=\"{&quot;aperture&quot;:&quot;0&quot;,&quot;credit&quot;:&quot;&quot;,&quot;camera&quot;:&quot;&quot;,&quot;caption&quot;:&quot;&quot;,&quot;created_timestamp&quot;:&quot;0&quot;,&quot;copyright&quot;:&quot;&quot;,&quot;focal_length&quot;:&quot;0&quot;,&quot;iso&quot;:&quot;0&quot;,&quot;shutter_speed&quot;:&quot;0&quot;,&quot;title&quot;:&quot;&quot;,&quot;orientation&quot;:&quot;0&quot;}\" data-image-title=\"Marcos Nobre analisa democracia e desafios da esquerda| Ag\u00eancia Brasil\" data-image-description=\"\" data-image-caption=\"\" data-large-file=\"https:\/\/i0.wp.com\/guialimeira.com.br\/news\/wp-content\/uploads\/2025\/04\/marcos_nobre_11.jpg?fit=696%2C464&amp;ssl=1\" data-id=\"28895\" src=\"https:\/\/i0.wp.com\/guialimeira.com.br\/wp-content\/uploads\/2025\/04\/marcos_nobre_11.jpg?resize=150%2C150&amp;ssl=1\" alt=\"\" class=\"wp-image-28895\" \/><\/figure>\n\t\t\t\t\t<\/figure>\n \r\n<br><div>\n                    <p><strong>O jornalista Leandro Demori recebeu o fil\u00f3sofo e professor da Universidade Estadual de Campinas (Unicamp) Marcos Nobre para uma conversa sobre os dilemas da democracia brasileira, o papel das novas tecnologias na pol\u00edtica e os desafios do campo progressista.\u00a0<\/strong><img data-recalc-dims=\"1\" decoding=\"async\" src=\"https:\/\/i0.wp.com\/guialimeira.com.br\/wp-content\/uploads\/2025\/04\/ebc.png?w=696&#038;ssl=1\" style=\"width:1px;height:1px\" \/><img data-recalc-dims=\"1\" decoding=\"async\" src=\"https:\/\/i0.wp.com\/guialimeira.com.br\/wp-content\/uploads\/2025\/04\/ebc.gif?w=696&#038;ssl=1\" style=\"width:1px;height:1px\" \/><\/p>\n\n<p>Presidente do Centro para a Imagina\u00e7\u00e3o Cr\u00edtica do Centro Brasileiro de An\u00e1lise e Planejamento (Cebrap) e autor do livro Limites da Democracia,\u00a0vencedor do Pr\u00eamio Jabuti,\u00a0Nobre fez uma an\u00e1lise sobre os rumos da pol\u00edtica nacional.<\/p>\n\n<p>A entrevista, que vai ao ar nesta ter\u00e7a-feira (1\u00ba) foi gravada no mesmo dia em que o ex-presidente Jair Bolsonaro se tornou r\u00e9u por tentativa de golpe de Estado, fato que abriu a conversa.\u00a0<\/p>\n\n<blockquote>\n<p>\u201cResponsabilizar pessoas que s\u00e3o suspeitas de dar um golpe de Estado \u00e9 uma coisa muito, muito, muito importante\u201d, afirmou.\u00a0<\/p>\n<\/blockquote>\n\n<p><strong>Segundo ele, as institui\u00e7\u00f5es brasileiras est\u00e3o cumprindo um papel que os Estados Unidos, por exemplo, n\u00e3o cumpriram ap\u00f3s os ataques ao Capit\u00f3lio em 2021<\/strong>. \u201cIsso n\u00e3o foi feito nos Estados Unidos e a gente est\u00e1 vendo a consequ\u00eancia de n\u00e3o se fazer isso, de n\u00e3o responsabilizar pessoas pelos seus eventuais crimes\u201d, disse.<\/p>\n\n<h2>Bolsonarismo<\/h2>\n\n<p><strong>O professor destacou que, apesar da queda de mobiliza\u00e7\u00e3o popular nas ruas em torno de Bolsonaro, \u00e9 um erro subestimar o bolsonarismo. <\/strong>Nobre explicou a din\u00e2mica do chamado \u201cPartido Digital Bolsonarista\u201d, um ecossistema pol\u00edtico que n\u00e3o depende de estrutura partid\u00e1ria tradicional.\u00a0<\/p>\n\n<p>\u201cSe voc\u00ea tem um partido digital, por exemplo, voc\u00ea n\u00e3o precisa prestar contas \u00e0 justi\u00e7a eleitoral, voc\u00ea tem uma vantagem competitiva enorme\u201d, explicou. Segundo ele, esse sistema cria sensa\u00e7\u00e3o de participa\u00e7\u00e3o entre os apoiadores e se articula de forma complementar a partidos como o PL.<\/p>\n\n<p>A conversa tamb\u00e9m abordou a ascens\u00e3o da extrema direita global, com paralelos entre os casos de Donald Trump e Jair Bolsonaro.<strong> Nobre argumentou que \u00e9 um erro tratar esses personagens como figuras folcl\u00f3ricas.\u00a0<\/strong><\/p>\n\n<blockquote>\n<p>\u201cN\u00e3o chame o Trump de burro, de louco, de maluco. Essa pessoa sabe muito bem o que ela est\u00e1 fazendo. Simplesmente tome essa pessoa com a seriedade que ela merece, porque ela est\u00e1 reformulando a ordem global internacional\u201d, disse.<\/p>\n<\/blockquote>\n\n<div class=\"dnd-widget-wrapper context-cheio_8colunas type-image atom-align-center\"><div class=\"dnd-atom-rendered\"><!-- scald=418891:cheio_8colunas {\"additionalClasses\":\"\"} -->\n            <img data-recalc-dims=\"1\" decoding=\"async\" src=\"https:\/\/i0.wp.com\/guialimeira.com.br\/wp-content\/uploads\/2025\/04\/marcos_nobre_11.jpg?w=696&#038;ssl=1\" alt=\"S\u00e3o Paulo SP 27\/03\/2025 Fil\u00f3sofo e cientista Social Marcos Nobre, convidado do programa DR com Demori na Empresa Brasil de Comunica\u00e7\u00e3o (EBC).&#013;&#010;&#013;&#010;Foto: Paulo Pinto\/Ag\u00eancia Brasil\" title=\"Paulo Pinto\/Ag\u00eancia Brasil\" \/>\n        <img data-recalc-dims=\"1\" decoding=\"async\" src=\"https:\/\/i0.wp.com\/guialimeira.com.br\/wp-content\/uploads\/2025\/04\/marcos_nobre_11.jpg?w=696&#038;ssl=1\" alt=\"S\u00e3o Paulo SP 27\/03\/2025 Fil\u00f3sofo e cientista Social Marcos Nobre, convidado do programa DR com Demori na Empresa Brasil de Comunica\u00e7\u00e3o (EBC).&#013;&#010;&#013;&#010;Foto: Paulo Pinto\/Ag\u00eancia Brasil\" title=\"Paulo Pinto\/Ag\u00eancia Brasil\" \/>\n    <!-- END scald=418891 --><\/div><p>\n<h6 class=\"meta\"><!--copyright=418891-->S\u00e3o Paulo SP 27\/03\/2025 Fil\u00f3sofo e cientista Social Marcos Nobre, convidado do programa DR com Demori na Empresa Brasil de Comunica\u00e7\u00e3o (EBC). Foto: Paulo Pinto\/Ag\u00eancia Brasil &#8211; <strong>Paulo Pinto\/Ag\u00eancia Brasil<\/strong><!--END copyright=418891--><\/h6>\n<\/p><\/div>\n\n<h2>Esquerda<\/h2>\n\n<p><strong>Para o fil\u00f3sofo, a esquerda brasileira ainda n\u00e3o conseguiu formular uma imagem de futuro que dispute com a narrativa da extrema direita.<\/strong><\/p>\n\n<p>\u201cA extrema-direita tem o h\u00e1bito de dar golpe, de acabar com a democracia, de fechar tudo\u2026 A gente tem que formular um programa do novo progressismo muito rapidamente, enquanto ainda tem elei\u00e7\u00e3o, enquanto a gente tem alguma democracia\u201d, afirmou.<\/p>\n\n<p><strong>Nobre tamb\u00e9m analisou a fragilidade da coaliz\u00e3o que sustenta o governo Lula.<\/strong> Ao comentar sobre a chamada \u201cesquerda \u00e0 esquerda\u201d, o professor afirmou que esses grupos ainda s\u00e3o minorit\u00e1rios eleitoralmente e culturalmente, mas t\u00eam papel fundamental na formula\u00e7\u00e3o de utopias.\u00a0<\/p>\n\n<p>\u201cD\u00e1 para dizer hoje que \u00e9 minorit\u00e1rio em termos eleitorais, minorit\u00e1rio em termos culturais e de hegemonia, mas assim, \u00e9 sempre muito importante, porque se tem algu\u00e9m olhando para al\u00e9m do capitalismo, isso \u00e9 uma coisa que produz justamente um tipo de utopia, um tipo de sonho, que \u00e9 necess\u00e1rio para alimentar\u201d, acredita. Para ele, \u00e9 muito importante que essa ala esquerda do progressismo, que \u00e9 minorit\u00e1ria, continue elaborando coisas que est\u00e3o \u201ccompletamente fora da caixa.\u201d<\/p>\n\n<p><strong>Nobre afirmou ainda que \u00e9 preciso atuar em tr\u00eas frentes conflitantes simultaneamente: <\/strong><\/p>\n\n<ul>\n\t<li>Defender as institui\u00e7\u00f5es atuais<\/li>\n\t<li>Formular um novo programa de enfrentamento \u00e0 extrema direita<\/li>\n\t<li>Manter vivas as utopias de longo prazo.\u00a0<\/li>\n<\/ul>\n\n<blockquote>\n<p>\u201cComo \u00e9 que eu vou defender a institui\u00e7\u00e3o, ao mesmo tempo dizer que ela est\u00e1 caduca, que precisa fazer uma nova, e que essa nova que vai ser feita, ela n\u00e3o \u00e9 suficiente, porque ela ainda n\u00e3o liberta a gente como a gente quer.\u00a0 Ent\u00e3o, \u00e9 muito complexo, mas \u00e9 isso que tem que ser feito, \u00e9 isso que o momento exige.\u00a0 Porque a gente sabe que quando a extrema-direita chega ao poder, a guerra, o autoritarismo, s\u00e3o o pr\u00f3ximo passo\u201d, afirma.<\/p>\n<\/blockquote>\n\n<p>\u201cEst\u00e1 tudo em risco. Ent\u00e3o, assim, a gente n\u00e3o pode hesitar nesse momento\u201d, concluiu.<\/p>\n\n<h2>Onde assistir<\/h2>\n\n<p>O programa DR com Demori vai ao toda ter\u00e7a-feira, \u00e0s 23h, na TV Brasil, no aplicativo TV Brasil Play e no <a href=\"https:\/\/www.youtube.com\/tvbrasil\" rel=\"noopener\">YouTube<\/a>. Tamb\u00e9m \u00e9 veiculado nas <a href=\"https:\/\/radios.ebc.com.br\/?_gl=1*mwtlv*_ga*MjIwNDU5MTI3LjE2OTcwNDM4MTQ.*_ga_TGW7R30M20*MTc0MzQ0NDUyMi4xMDg1LjEuMTc0MzQ0Nzk2My4zNy4wLjA.\" rel=\"noopener\">r\u00e1dios Nacional FM e MEC<\/a>.<\/p>\n\n      <!-- Relacionada -->\n              \n            <!-- Relacionada -->\n    <\/div>\r\n<br>\r\n<br><a href=\"https:\/\/agenciabrasil.ebc.com.br\/politica\/noticia\/2025-03\/dr-com-demori-marcos-nobre-analisa-democracia-e-desafios-da-esquerda\" rel=\"noopener\">Ag\u00eancia Brasil<\/a>","protected":false},"excerpt":{"rendered":"<p>O jornalista Leandro Demori recebeu o fil\u00f3sofo e professor da Universidade Estadual de Campinas (Unicamp) Marcos Nobre para uma conversa sobre os dilemas da democracia brasileira, o papel das novas tecnologias na pol\u00edtica e os desafios do campo progressista.\u00a0 Presidente do Centro para a Imagina\u00e7\u00e3o Cr\u00edtica do Centro Brasileiro de An\u00e1lise e Planejamento (Cebrap) e [&hellip;]<\/p>\n","protected":false},"author":1,"featured_media":28897,"comment_status":"open","ping_status":"open","sticky":false,"template":"","format":"standard","meta":{"_jetpack_newsletter_access":"","_jetpack_dont_email_post_to_subs":false,"_jetpack_newsletter_tier_id":0,"_jetpack_memberships_contains_paywalled_content":false,"_mbp_banners":[],"_jetpack_feature_clip_id":0,"_jetpack_memberships_contains_paid_content":false,"footnotes":"","jetpack_publicize_message":"","jetpack_publicize_feature_enabled":true,"jetpack_social_post_already_shared":true,"jetpack_social_options":{"image_generator_settings":{"template":"highway","default_image_id":0,"font":"","enabled":false},"version":2},"jetpack_post_was_ever_published":false},"categories":[19],"tags":[],"class_list":["post-28896","post","type-post","status-publish","format-standard","has-post-thumbnail","category-politica"],"jetpack_publicize_connections":[],"jetpack-related-posts":[],"jetpack_shortlink":"https:\/\/wp.me\/p7Eq1F-7w4","jetpack_sharing_enabled":true,"jetpack_featured_media_url":"https:\/\/i0.wp.com\/guialimeira.com.br\/news\/wp-content\/uploads\/2025\/04\/Marcos-Nobre-analisa-democracia-e-desafios-da-esquerda-Agencia-Brasil.jpg?fit=1600%2C800&ssl=1","_links":{"self":[{"href":"https:\/\/guialimeira.com.br\/news\/wp-json\/wp\/v2\/posts\/28896","targetHints":{"allow":["GET"]}}],"collection":[{"href":"https:\/\/guialimeira.com.br\/news\/wp-json\/wp\/v2\/posts"}],"about":[{"href":"https:\/\/guialimeira.com.br\/news\/wp-json\/wp\/v2\/types\/post"}],"author":[{"embeddable":true,"href":"https:\/\/guialimeira.com.br\/news\/wp-json\/wp\/v2\/users\/1"}],"replies":[{"embeddable":true,"href":"https:\/\/guialimeira.com.br\/news\/wp-json\/wp\/v2\/comments?post=28896"}],"version-history":[{"count":1,"href":"https:\/\/guialimeira.com.br\/news\/wp-json\/wp\/v2\/posts\/28896\/revisions"}],"predecessor-version":[{"id":28898,"href":"https:\/\/guialimeira.com.br\/news\/wp-json\/wp\/v2\/posts\/28896\/revisions\/28898"}],"wp:featuredmedia":[{"embeddable":true,"href":"https:\/\/guialimeira.com.br\/news\/wp-json\/wp\/v2\/media\/28897"}],"wp:attachment":[{"href":"https:\/\/guialimeira.com.br\/news\/wp-json\/wp\/v2\/media?parent=28896"}],"wp:term":[{"taxonomy":"category","embeddable":true,"href":"https:\/\/guialimeira.com.br\/news\/wp-json\/wp\/v2\/categories?post=28896"},{"taxonomy":"post_tag","embeddable":true,"href":"https:\/\/guialimeira.com.br\/news\/wp-json\/wp\/v2\/tags?post=28896"}],"curies":[{"name":"wp","href":"https:\/\/api.w.org\/{rel}","templated":true}]}}