{"id":28885,"date":"2025-04-01T12:43:23","date_gmt":"2025-04-01T15:43:23","guid":{"rendered":"https:\/\/guialimeira.com.br\/2025\/04\/01\/relatorio-dos-eua-critica-brasil-as-vesperas-de-novo-tarifaco-de-trump\/"},"modified":"2025-04-01T12:43:23","modified_gmt":"2025-04-01T15:43:23","slug":"relatorio-dos-eua-critica-brasil-as-vesperas-de-novo-tarifaco-de-trump","status":"publish","type":"post","link":"https:\/\/guialimeira.com.br\/news\/relatorio-dos-eua-critica-brasil-as-vesperas-de-novo-tarifaco-de-trump\/","title":{"rendered":"Relat\u00f3rio dos EUA critica Brasil \u00e0s v\u00e9speras de novo tarifa\u00e7o de Trump"},"content":{"rendered":"<p> <br \/>\n<\/p>\n<div>\n<p>Relat\u00f3rio divulgado nesta segunda-feira (31) por escrit\u00f3rio ligado ao governo dos Estados Unidos (EUA) faz cr\u00edticas ao modelo de tarifas que o Brasil imp\u00f5e \u00e0s importa\u00e7\u00f5es.<img data-recalc-dims=\"1\" decoding=\"async\" src=\"https:\/\/i0.wp.com\/agenciabrasil.ebc.com.br\/ebc.png?w=696&#038;ssl=1\" style=\"width:1px; height:1px; display:inline;\"\/><img data-recalc-dims=\"1\" decoding=\"async\" src=\"https:\/\/i0.wp.com\/agenciabrasil.ebc.com.br\/ebc.gif?w=696&#038;ssl=1\" style=\"width:1px; height:1px; display:inline;\"\/><\/p>\n<p><strong>O texto critica tarifas brasileiras sobre\u00a0etanol, filmes estadunidenses, bebidas alco\u00f3licas, produtos de telecomunica\u00e7\u00f5es, m\u00e1quinas e equipamentos e carne su\u00edna, al\u00e9m de reclamar da prefer\u00eancia dada pela legisla\u00e7\u00e3o e normas do Brasil aos produtores nacionais.<\/strong><\/p>\n<p>O documento deve servir de base ao novo tarifa\u00e7o que o presidente dos EUA, Donald Trump, prometeu anunciar nesta quarta-feira (2). Trump afirmou que vai impor \u201ctarifas reciprocas\u201d com a taxa\u00e7\u00e3o de produtos de todos os pa\u00edses que cobrem impostos para importa\u00e7\u00e3o de bens e produtos estadunidenses. Trump afirmou que vai impor <strong>\u201ctarifas rec\u00edprocas\u201d com a taxa\u00e7\u00e3o de produtos de todos os pa\u00edses que cobrem impostos para importa\u00e7\u00e3o de bens e produtos estadunidenses<\/strong>. O chefe da Casa Branca tem chamado o novo tarifa\u00e7o de \u201cDia da Liberta\u00e7\u00e3o\u201d.<\/p>\n<p>Para subsidiar as novas tarifas<strong>, o Escrit\u00f3rio do Representante Comercial dos EUA <\/strong>(USTR, na sigla em ingl\u00eas)<strong>\u00a0<\/strong>produziu<strong> <a href=\"https:\/\/ustr.gov\/about\/policy-offices\/press-office\/press-releases\/2025\/march\/ustr-releases-2025-national-trade-estimate-report\" target=\"_blank\" rel=\"noopener\">documento de quase 400 p\u00e1ginas<\/a> <\/strong>que descreve as tarifas que os EUA enfrentam nas exporta\u00e7\u00f5es para 59 pa\u00edses ou blocos comerciais, incluindo<strong> Uni\u00e3o Europeia, China, Reino Unido, Argentina e M\u00e9xico<\/strong>.<\/p>\n<p>O <strong>Brasil ocupa seis p\u00e1ginas no relat\u00f3rio<\/strong> e \u00e9 apresentado pelo USTR como uma na\u00e7\u00e3o que imp\u00f5e\u00a0<strong>tarifas relativamente altas sobre importa\u00e7\u00f5es<\/strong> de uma ampla gama de setores, <strong>\u201cincluindo autom\u00f3veis, pe\u00e7as automotivas, tecnologia da informa\u00e7\u00e3o e eletr\u00f4nicos, produtos qu\u00edmicos, pl\u00e1sticos, m\u00e1quinas industriais, a\u00e7o e t\u00eaxteis e vestu\u00e1rio\u201d.<\/strong><\/p>\n<blockquote>\n<p>\u201cOs exportadores dos EUA enfrentam incertezas significativas no mercado brasileiro porque o governo frequentemente modifica as taxas tarif\u00e1rias dentro das flexibilidades do Mercosul. A falta de previsibilidade em rela\u00e7\u00e3o \u00e0s taxas tarif\u00e1rias torna dif\u00edcil para os exportadores dos EUA preverem os custos de fazer neg\u00f3cios no Brasil\u201d, diz o relat\u00f3rio estadunidense.<\/p>\n<\/blockquote>\n<h2>Compras governamentais<\/h2>\n<p>O \u00f3rg\u00e3o ligado ao governo dos EUA destacou as restri\u00e7\u00f5es brasileiras \u00e0s compras governamentais, que <strong>privilegiam os produtores internos, principalmente na \u00e1rea de sa\u00fade e defesa<\/strong>.<\/p>\n<blockquote>\n<p>\u201cEmbora o Brasil tenha tomado medidas para tornar seu mercado de compras mais transparente, restri\u00e7\u00f5es e prefer\u00eancias dom\u00e9sticas permanecem\u201d, diz o documento.<\/p>\n<\/blockquote>\n<p>O USTR manifesta ainda preocupa\u00e7\u00e3o com as normas de prote\u00e7\u00e3o \u00e0 propriedade intelectual no Brasil e com a discuss\u00e3o de taxa\u00e7\u00e3o de plataformas digitais realizada pela Anatel, que consideram uma <strong>\u201cbarreira ao com\u00e9rcio digital\u201d<\/strong>.<\/p>\n<blockquote>\n<p>\u201cAs partes interessadas dos EUA levantaram preocupa\u00e7\u00f5es de que os pagamentos diretos sob a proposta poderiam refor\u00e7ar o dom\u00ednio das maiores operadoras e que as taxas poderiam aumentar os custos para os usu\u00e1rios finais\u201d, afirma o relat\u00f3rio.<\/p>\n<\/blockquote>\n<h2>Etanol, bebidas e filmes<\/h2>\n<p>O documento lembra que o Brasil e os EUA s\u00e3o os maiores produtores e consumidores de etanol do mundo e reclama das tarifas de 18% impostas ao produto estadunidense.<\/p>\n<blockquote>\n<p>\u201cOs EUA continuam a se envolver com o Brasil para reduzir sua tarifa de etanol\u201d, destaca o documento.<\/p>\n<\/blockquote>\n<p><strong>O escrit\u00f3rio de Washington tamb\u00e9m cita o Imposto de Produtos Industrializados (IPI) sobre bebidas alco\u00f3licas de 19,5%, enquanto a cacha\u00e7a tem IPI menor de 16,25% por ser um produto nacional.<\/strong><\/p>\n<p>O documento cita os impostos sobre produtos audiovisuais.<\/p>\n<blockquote>\n<p>\u201cO Brasil imp\u00f5e v\u00e1rios impostos sobre produtos estrangeiros que n\u00e3o aplica igualmente aos produtos nacionais\u201d, destaca o relat\u00f3rio dos EUA.<\/p>\n<\/blockquote>\n<h2>M\u00e1quinas e Equipamentos<\/h2>\n<p>Segundo o documento do USTR, o pa\u00eds <strong>restringe a entrada de produtos manufaturados como equipamentos de terraplenagem, pe\u00e7as automotivas e equipamentos m\u00e9dicos<\/strong>.<\/p>\n<p>\u201cO Brasil s\u00f3 permite a importa\u00e7\u00e3o de tais bens se um importador puder fornecer evid\u00eancias de que os bens n\u00e3o s\u00e3o ou n\u00e3o podem ser produzidos internamente, ou se atenderem a certas outras limita\u00e7\u00f5es\u201d, diz o escrit\u00f3rio.<\/p>\n<p>Sobre procedimentos para licenciamento de importa\u00e7\u00f5es, o USTR diz que falta transpar\u00eancia nos procedimentos, o que prejudicaria os exportadores estadunidenses. \u201cExportadores de cal\u00e7ados e vestu\u00e1rio dos EUA e do setor automotivo expressaram preocupa\u00e7\u00f5es sobre esses requisitos de licenciamento n\u00e3o autom\u00e1ticos\u201d, ressalta.<\/p>\n<h2>Renova-Bio e carne su\u00edna<\/h2>\n<p>Os Estados Unidos querem ainda ter acesso aos benef\u00edcios do <strong>programa brasileiro Renova-Bio<\/strong>, destinado aos produtores nacionais com oferta de cr\u00e9ditos de carbono por redu\u00e7\u00e3o da emiss\u00e3o de gases do efeito estufa.<\/p>\n<blockquote>\n<p>\u201cOs Estados Unidos continuam a se envolver com o Brasil para instar o Brasil a revisar seus regulamentos para permitir que os produtores dos EUA sejam eleg\u00edveis para tratamento igualit\u00e1rio sob o programa\u201d, destacou o Escrit\u00f3rio do Representante Comercial dos EUA.<\/p>\n<\/blockquote>\n<p>O documento critica\u00a0o fato de o mercado brasileiro estar fechado para carne su\u00edna fresca e congelada dos EUA devido \u00e0 preocupa\u00e7\u00e3o do Brasil de que essas importa\u00e7\u00f5es possam aumentar os riscos de peste su\u00edna africana.<\/p>\n<blockquote>\n<p>\u201cO Brasil n\u00e3o forneceu evid\u00eancias cient\u00edficas que apoiem a proibi\u00e7\u00e3o e a proibi\u00e7\u00e3o parece ser inconsistente com os padr\u00f5es internacionais da Organiza\u00e7\u00e3o Mundial de Sa\u00fade Animal.\u201d<\/p>\n<\/blockquote>\n<p>      <!-- Relacionada --><\/p>\n<p>            <!-- Relacionada -->\n    <\/div>\n<p><br \/>\n<br \/><a href=\"https:\/\/agenciabrasil.ebc.com.br\/internacional\/noticia\/2025-04\/relatorio-dos-eua-critica-brasil-vesperas-de-novo-tarifaco-de-trump\" rel=\"noopener\">Ag\u00eancia Brasil <\/a><\/p>\n","protected":false},"excerpt":{"rendered":"<p>Relat\u00f3rio divulgado nesta segunda-feira (31) por escrit\u00f3rio ligado ao governo dos Estados Unidos (EUA) faz cr\u00edticas ao modelo de tarifas que o Brasil imp\u00f5e \u00e0s importa\u00e7\u00f5es. O texto critica tarifas brasileiras sobre\u00a0etanol, filmes estadunidenses, bebidas alco\u00f3licas, produtos de telecomunica\u00e7\u00f5es, m\u00e1quinas e equipamentos e carne su\u00edna, al\u00e9m de reclamar da prefer\u00eancia dada pela legisla\u00e7\u00e3o e normas [&hellip;]<\/p>\n","protected":false},"author":1,"featured_media":21593,"comment_status":"open","ping_status":"open","sticky":false,"template":"","format":"standard","meta":{"_jetpack_newsletter_access":"","_jetpack_dont_email_post_to_subs":false,"_jetpack_newsletter_tier_id":0,"_jetpack_memberships_contains_paywalled_content":false,"_mbp_banners":[],"_jetpack_feature_clip_id":0,"_jetpack_memberships_contains_paid_content":false,"footnotes":"","jetpack_publicize_message":"","jetpack_publicize_feature_enabled":true,"jetpack_social_post_already_shared":true,"jetpack_social_options":{"image_generator_settings":{"template":"highway","default_image_id":0,"font":"","enabled":false},"version":2},"jetpack_post_was_ever_published":false},"categories":[25],"tags":[],"class_list":["post-28885","post","type-post","status-publish","format-standard","has-post-thumbnail","category-internacional"],"jetpack_publicize_connections":[],"jetpack-related-posts":[],"jetpack_shortlink":"https:\/\/wp.me\/p7Eq1F-7vT","jetpack_sharing_enabled":true,"jetpack_featured_media_url":"https:\/\/i0.wp.com\/guialimeira.com.br\/news\/wp-content\/uploads\/2025\/01\/2025-01-23t110027z_513292522_rc20ecavkuz4_rtrmadp_3_usa-trump-world-liberty.jpg?fit=1600%2C800&ssl=1","_links":{"self":[{"href":"https:\/\/guialimeira.com.br\/news\/wp-json\/wp\/v2\/posts\/28885","targetHints":{"allow":["GET"]}}],"collection":[{"href":"https:\/\/guialimeira.com.br\/news\/wp-json\/wp\/v2\/posts"}],"about":[{"href":"https:\/\/guialimeira.com.br\/news\/wp-json\/wp\/v2\/types\/post"}],"author":[{"embeddable":true,"href":"https:\/\/guialimeira.com.br\/news\/wp-json\/wp\/v2\/users\/1"}],"replies":[{"embeddable":true,"href":"https:\/\/guialimeira.com.br\/news\/wp-json\/wp\/v2\/comments?post=28885"}],"version-history":[{"count":0,"href":"https:\/\/guialimeira.com.br\/news\/wp-json\/wp\/v2\/posts\/28885\/revisions"}],"wp:featuredmedia":[{"embeddable":true,"href":"https:\/\/guialimeira.com.br\/news\/wp-json\/wp\/v2\/media\/21593"}],"wp:attachment":[{"href":"https:\/\/guialimeira.com.br\/news\/wp-json\/wp\/v2\/media?parent=28885"}],"wp:term":[{"taxonomy":"category","embeddable":true,"href":"https:\/\/guialimeira.com.br\/news\/wp-json\/wp\/v2\/categories?post=28885"},{"taxonomy":"post_tag","embeddable":true,"href":"https:\/\/guialimeira.com.br\/news\/wp-json\/wp\/v2\/tags?post=28885"}],"curies":[{"name":"wp","href":"https:\/\/api.w.org\/{rel}","templated":true}]}}