{"id":28874,"date":"2025-04-01T11:45:41","date_gmt":"2025-04-01T14:45:41","guid":{"rendered":"https:\/\/guialimeira.com.br\/?p=28874"},"modified":"2025-04-01T11:45:41","modified_gmt":"2025-04-01T14:45:41","slug":"dr-marcelo-rossi-propoe-a-criacao-do-banco-de-fraldas-geriatricas-de-limeira","status":"publish","type":"post","link":"https:\/\/guialimeira.com.br\/news\/dr-marcelo-rossi-propoe-a-criacao-do-banco-de-fraldas-geriatricas-de-limeira\/","title":{"rendered":"Dr. Marcelo Rossi prop\u00f5e a cria\u00e7\u00e3o do Banco de Fraldas Geri\u00e1tricas de Limeira"},"content":{"rendered":"\n<figure class=\"wp-block-gallery has-nested-images columns-default is-cropped wp-block-gallery-1 is-layout-flex wp-block-gallery-is-layout-flex\"><\/figure>\n \r\n<br><img data-recalc-dims=\"1\" decoding=\"async\" src=\"https:\/\/i0.wp.com\/guialimeira.com.br\/wp-content\/uploads\/2025\/04\/2025-04-01_dr-marcelo-rossi-propoe-a-criacao-do-banco-de-fraldas-geriatricas-de-limeira_1.jpg?w=696&#038;ssl=1\" \/><br><div>\n\t\t\t\t\t<p>O vereador Dr. Marcelo Rossi (MDB) protocolou nesta segunda-feira , 31 de mar\u00e7o, na C\u00e2mara Municipal o <a href=\"https:\/\/consulta.limeira.sp.leg.br\/Documentos\/Pesquisa?Pesquisa=Avancada&amp;id=79&amp;pagina=1&amp;Modulo=8&amp;Documento=133&amp;Numeracao=Documento&amp;NumeroInicial=50&amp;AnoInicial=2025&amp;DataInicial=&amp;NumeroFinal=&amp;AnoFinal=&amp;DataFinal=&amp;SubTipoId=0&amp;Situacao=0&amp;Classificacao=0&amp;TipoAutor=Todos&amp;AutoriaId=0&amp;Iniciativa=Nenhum&amp;NoTexto=false&amp;Assunto=&amp;Observacoes=\" rel=\"noopener\">Projeto de Lei N\u00b0 50\/2025<\/a> que institui o Banco Municipal de Fraldas Geri\u00e1tricas de Limeira. Al\u00e9m de ajudar a organizar as a\u00e7\u00f5es isoladas j\u00e1 realizadas em prol dos idosos em vulnerabilidade social, a propositura reconhece o trabalho volunt\u00e1rio e incentiva mais doa\u00e7\u00f5es.\u00a0<\/p><p>\u201cO Banco de Fraldas Geri\u00e1tricas se tornar\u00e1 um elo importante entre a sociedade civil e o poder p\u00fablico, somando for\u00e7as para enfrentar os desafios sociais e econ\u00f4micos decorrentes do envelhecimento populacional, proporcionando dignidade aos idosos e amparo \u00e0s fam\u00edlias\u201d, justificou o autor da propositura.<\/p><p>Apesar da exist\u00eancia de propostas nos \u00e2mbitos estadual e federal que visam a obrigatoriedade de fornecimento gratuito de fraldas geri\u00e1tricas aos idosos carentes pelo poder p\u00fablico, ainda n\u00e3o existe lei sobre essa mat\u00e9ria.<\/p><p>O parlamentar enfatizou que, dessa forma, a proposta do banco \u00e9 pertinente, considerando o potencial volunt\u00e1rio da cidade por meio de campanhas j\u00e1 feitas por escolas, igrejas, empresas, institui\u00e7\u00f5es e at\u00e9 mesmo grupos de amigos que unem para ajudar o pr\u00f3ximo.<\/p><p>Dados do Instituto Brasileiro de Geografia e Estat\u00edstica (IBGE) indicam que a popula\u00e7\u00e3o idosa de Limeira j\u00e1 passa de 50 mil habitantes. \u201cApesar dos avan\u00e7os da medicina e das a\u00e7\u00f5es que visam promover a sa\u00fade, a qualidade de vida e a autonomia dos idosos, \u00e9 incontest\u00e1vel que as demandas relacionadas \u00e0 sa\u00fade e \u00e0s quest\u00f5es sociais s\u00e3o crescentes, acompanhando os \u00edndices de longevidade\u201d, acrescentou.\u00a0<\/p><p>Em justificativa para a proposta, o parlamentar ainda citou os desafios enfrentados pela chamada \u201cgera\u00e7\u00e3o sandu\u00edche\u201d \u2013 composta em sua maioria por mulheres entre 30 e 50 anos que cuidam de filhos pequenos ou adolescentes, e tamb\u00e9m dos pais idosos. \u201cEssa carga de trabalho tamb\u00e9m demanda custos que, por sua vez, n\u00e3o s\u00e3o supridos com os valores das aposentadorias e dos sal\u00e1rios dos familiares\u201d, enfatizou o vereador.\u00a0<\/p><p><i>Do Gabinete Parlamentar \u2013 Vereador\u00a0 Dr. Marcelo Rossi (MDB)<\/i><\/p><p><strong>As mat\u00e9rias de origem dos Gabinetes Parlamentares s\u00e3o de inteira\u00a0 responsabilidade dos parlamentares e de suas assessorias. S\u00e3o devidamente assinadas e n\u00e3o refletem, necessariamente, a opini\u00e3o institucional da C\u00e2mara Municipal de Limeira.<\/strong><\/p>\t\t\t\t<\/div>\r\n<br>\r\n<br><a href=\"https:\/\/www.limeira.sp.leg.br\/noticias\/view\/2025-04-01_dr-marcelo-rossi-propoe-a-criacao-do-banco-de-fraldas-geriatricas-de-limeira\" rel=\"noopener\">Informa\u00e7\u00f5es CML <\/a>","protected":false},"excerpt":{"rendered":"<p>O vereador Dr. Marcelo Rossi (MDB) protocolou nesta segunda-feira , 31 de mar\u00e7o, na C\u00e2mara Municipal o Projeto de Lei N\u00b0 50\/2025 que institui o Banco Municipal de Fraldas Geri\u00e1tricas de Limeira. Al\u00e9m de ajudar a organizar as a\u00e7\u00f5es isoladas j\u00e1 realizadas em prol dos idosos em vulnerabilidade social, a propositura reconhece o trabalho volunt\u00e1rio [&hellip;]<\/p>\n","protected":false},"author":1,"featured_media":28875,"comment_status":"open","ping_status":"open","sticky":false,"template":"","format":"standard","meta":{"_jetpack_newsletter_access":"","_jetpack_dont_email_post_to_subs":false,"_jetpack_newsletter_tier_id":0,"_jetpack_memberships_contains_paywalled_content":false,"_mbp_banners":[],"_jetpack_feature_clip_id":0,"_jetpack_memberships_contains_paid_content":false,"footnotes":"","jetpack_publicize_message":"","jetpack_publicize_feature_enabled":true,"jetpack_social_post_already_shared":true,"jetpack_social_options":{"image_generator_settings":{"template":"highway","default_image_id":0,"font":"","enabled":false},"version":2},"jetpack_post_was_ever_published":false},"categories":[19],"tags":[],"class_list":["post-28874","post","type-post","status-publish","format-standard","has-post-thumbnail","category-politica"],"jetpack_publicize_connections":[],"jetpack-related-posts":[],"jetpack_shortlink":"https:\/\/wp.me\/p7Eq1F-7vI","jetpack_sharing_enabled":true,"jetpack_featured_media_url":"https:\/\/i0.wp.com\/guialimeira.com.br\/news\/wp-content\/uploads\/2025\/04\/Dr-Marcelo-Rossi-propoe-a-criacao-do-Banco-de-Fraldas.jpg?fit=1280%2C640&ssl=1","_links":{"self":[{"href":"https:\/\/guialimeira.com.br\/news\/wp-json\/wp\/v2\/posts\/28874","targetHints":{"allow":["GET"]}}],"collection":[{"href":"https:\/\/guialimeira.com.br\/news\/wp-json\/wp\/v2\/posts"}],"about":[{"href":"https:\/\/guialimeira.com.br\/news\/wp-json\/wp\/v2\/types\/post"}],"author":[{"embeddable":true,"href":"https:\/\/guialimeira.com.br\/news\/wp-json\/wp\/v2\/users\/1"}],"replies":[{"embeddable":true,"href":"https:\/\/guialimeira.com.br\/news\/wp-json\/wp\/v2\/comments?post=28874"}],"version-history":[{"count":1,"href":"https:\/\/guialimeira.com.br\/news\/wp-json\/wp\/v2\/posts\/28874\/revisions"}],"predecessor-version":[{"id":28876,"href":"https:\/\/guialimeira.com.br\/news\/wp-json\/wp\/v2\/posts\/28874\/revisions\/28876"}],"wp:featuredmedia":[{"embeddable":true,"href":"https:\/\/guialimeira.com.br\/news\/wp-json\/wp\/v2\/media\/28875"}],"wp:attachment":[{"href":"https:\/\/guialimeira.com.br\/news\/wp-json\/wp\/v2\/media?parent=28874"}],"wp:term":[{"taxonomy":"category","embeddable":true,"href":"https:\/\/guialimeira.com.br\/news\/wp-json\/wp\/v2\/categories?post=28874"},{"taxonomy":"post_tag","embeddable":true,"href":"https:\/\/guialimeira.com.br\/news\/wp-json\/wp\/v2\/tags?post=28874"}],"curies":[{"name":"wp","href":"https:\/\/api.w.org\/{rel}","templated":true}]}}