{"id":2887,"date":"2024-04-26T02:08:43","date_gmt":"2024-04-26T05:08:43","guid":{"rendered":"https:\/\/guialimeira.com.br\/2024\/04\/26\/programa-habilitacao-e-reabilitacao-realiza-oficina-de-inclusao-no-ccinter-jaragua-portal-do-municipio-de-piracicaba\/"},"modified":"2024-04-26T02:08:43","modified_gmt":"2024-04-26T05:08:43","slug":"programa-habilitacao-e-reabilitacao-realiza-oficina-de-inclusao-no-ccinter-jaragua-portal-do-municipio-de-piracicaba","status":"publish","type":"post","link":"https:\/\/guialimeira.com.br\/news\/programa-habilitacao-e-reabilitacao-realiza-oficina-de-inclusao-no-ccinter-jaragua-portal-do-municipio-de-piracicaba\/","title":{"rendered":"Programa Habilita\u00e7\u00e3o e Reabilita\u00e7\u00e3o realiza oficina de inclus\u00e3o no CCInter Jaragu\u00e1 \u2013 Portal do Munic\u00edpio de Piracicaba"},"content":{"rendered":"<p> <br \/>\n<\/p>\n<div>\n<figure class=\"text-center\">\n<img data-recalc-dims=\"1\" width=\"696\" height=\"522\" src=\"https:\/\/i0.wp.com\/piracicaba.sp.gov.br\/wp-content\/uploads\/2024\/04\/Ao-centro-Marly-Elisama-Cano-fala-com-as-criancas-e-os-adolescentes-do-CCInter-Jaragua.png?resize=696%2C522&#038;ssl=1\" class=\"img-fluid img-thumbnail border-1 wp-post-image\" alt=\"Na imagem, crian\u00e7as sentadas em roda e ao centro, Marly fala sobre a atividade\" itemprop=\"image\" decoding=\"async\" fetchpriority=\"high\" srcset=\"https:\/\/piracicaba.sp.gov.br\/wp-content\/uploads\/2024\/04\/Ao-centro-Marly-Elisama-Cano-fala-com-as-criancas-e-os-adolescentes-do-CCInter-Jaragua.png 1024w, https:\/\/piracicaba.sp.gov.br\/wp-content\/uploads\/2024\/04\/Ao-centro-Marly-Elisama-Cano-fala-com-as-criancas-e-os-adolescentes-do-CCInter-Jaragua-300x225.png 300w, https:\/\/piracicaba.sp.gov.br\/wp-content\/uploads\/2024\/04\/Ao-centro-Marly-Elisama-Cano-fala-com-as-criancas-e-os-adolescentes-do-CCInter-Jaragua-768x576.png 768w\" sizes=\"(max-width: 1024px) 100vw, 1024px\"\/><figcaption class=\"text-center small fw-bold fst-italic mt-1\">Ao centro, Marly Elisama Cano fala com as crian\u00e7as e os adolescentes do CCInter Jaragu\u00e1<\/figcaption><\/figure>\n<p>Crian\u00e7as e adolescentes do Servi\u00e7o de Conviv\u00eancia e Fortalecimento de V\u00ednculos \u2013 Centro de Conviv\u00eancia Intergeracional (CCInter) Jaragu\u00e1 participaram na tarde de ontem, 24\/4, da oficina de inclus\u00e3o realizada pelas equipes do Programa de Habilita\u00e7\u00e3o e Reabilita\u00e7\u00e3o (PHR) e do projeto TEAcolhe executados pela Associa\u00e7\u00e3o de Pais e Amigos dos Autistas (Auma), em parceria com o Centro de Refer\u00eancia de Assist\u00eancia Social (Cras) S\u00e3o Jos\u00e9.<\/p>\n<p>As atividades tiveram in\u00edcio com uma din\u00e2mica envolvendo papel e l\u00e1pis, onde os representantes do PHR e projeto TEAcolhe indicavam tra\u00e7os que os participantes deveriam desenhar na folha de papel. Ao final, a reflex\u00e3o de que, apesar das mesmas orienta\u00e7\u00f5es, os desenhos sa\u00edram totalmente diferentes. \u201cNossa ideia foi desafi\u00e1-los a pensar sobre as diferen\u00e7as e assim, abordar a quest\u00e3o do transtorno do espectro autista, o TEA\u201d, explicou Marly Elisama Cano, pedagoga do projeto TEAcolhe.<\/p>\n<figure class=\"wp-block-image size-full\"><img data-recalc-dims=\"1\" loading=\"lazy\" decoding=\"async\" width=\"696\" height=\"522\" src=\"https:\/\/i0.wp.com\/piracicaba.sp.gov.br\/wp-content\/uploads\/2024\/04\/Pietro-Gabriel-Almeida-no-canto-a-direita-exibe-com-orgulho-o-desenho-que-fez-na-oficina-de-inclusao-1.png?resize=696%2C522&#038;ssl=1\" alt=\"\" class=\"wp-image-77866\" srcset=\"https:\/\/piracicaba.sp.gov.br\/wp-content\/uploads\/2024\/04\/Pietro-Gabriel-Almeida-no-canto-a-direita-exibe-com-orgulho-o-desenho-que-fez-na-oficina-de-inclusao-1.png 1024w, https:\/\/piracicaba.sp.gov.br\/wp-content\/uploads\/2024\/04\/Pietro-Gabriel-Almeida-no-canto-a-direita-exibe-com-orgulho-o-desenho-que-fez-na-oficina-de-inclusao-1-300x225.png 300w, https:\/\/piracicaba.sp.gov.br\/wp-content\/uploads\/2024\/04\/Pietro-Gabriel-Almeida-no-canto-a-direita-exibe-com-orgulho-o-desenho-que-fez-na-oficina-de-inclusao-1-768x576.png 768w\" sizes=\"auto, (max-width: 1024px) 100vw, 1024px\"\/><figcaption class=\"wp-element-caption\"><em>Pietro Gabriel Almeida, no canto \u00e0 direita exibe com orgulho o desenho que fez na oficina de inclus\u00e3o<\/em><\/figcaption><\/figure>\n<p>Pietro Gabriel Almeida, 09 anos, ficou animado com a a\u00e7\u00e3o. \u201cGostei muito de participar dessa oficina; aprendi que as pessoas autistas s\u00e3o iguais a n\u00f3s, mas recebem informa\u00e7\u00f5es de maneira diferente\u201d, comentou.<\/p>\n<p>\u201cA oficina foi planejada como instrumento de inclus\u00e3o, articulada de forma a trabalhar a tem\u00e1tica no sentido de informar e orientar o p\u00fablico em geral e tamb\u00e9m as pessoas com autismo e suas fam\u00edlias para que tenham maior autonomia\u00a0e qualidade de vida\u201d, enfatizou\u00a0Caroline Freitas Ferreira da Silva, pedagoga\u00a0do PHR.<\/p>\n<p>O PHR, desenvolvido pelas organiza\u00e7\u00f5es Auma, Espa\u00e7o Pipa, Avistar e Apaspi, tem como objetivo principal promover a inclus\u00e3o de pessoas com defici\u00eancia nos servi\u00e7os e benef\u00edcios socioassistenciais da Prote\u00e7\u00e3o Social B\u00e1sica. Atrav\u00e9s de a\u00e7\u00f5es coordenadas no territ\u00f3rio, ele busca sensibilizar as redes locais, mobilizar a identifica\u00e7\u00e3o de pessoas com defici\u00eancia e enfrentar as barreiras para sua inclus\u00e3o plena. Este programa representa um compromisso concreto com a igualdade e a justi\u00e7a social, capacitando as pessoas com defici\u00eancia a acessarem e desfrutarem de todos os direitos dispon\u00edveis.<\/p>\n<p>J\u00e1 o projeto TEAcolhe, financiado pelo Fundo Municipal dos Direitos da Crian\u00e7a e do Adolescentes (Fumdeca), atende crian\u00e7as e adolescentes, entre 12 e 17 anos, com a proposta de atividades em grupos, atrav\u00e9s de oficinas e jogos sociais, visando a estimula\u00e7\u00e3o da comunica\u00e7\u00e3o, intera\u00e7\u00e3o social, autonomia e independ\u00eancia, e o fortalecimento dos v\u00ednculos familiares.<\/p>\n<\/div>\n<p><br \/>\n<br \/><a href=\"https:\/\/piracicaba.sp.gov.br\/noticias\/programa-habilitacao-e-reabilitacao-realiza-oficina-de-inclusao-no-ccinter-jaragua\/\" rel=\"noopener\">Informa\u00e7\u00f5es PMP <\/a><\/p>\n","protected":false},"excerpt":{"rendered":"<p>Ao centro, Marly Elisama Cano fala com as crian\u00e7as e os adolescentes do CCInter Jaragu\u00e1 Crian\u00e7as e adolescentes do Servi\u00e7o de Conviv\u00eancia e Fortalecimento de V\u00ednculos \u2013 Centro de Conviv\u00eancia Intergeracional (CCInter) Jaragu\u00e1 participaram na tarde de ontem, 24\/4, da oficina de inclus\u00e3o realizada pelas equipes do Programa de Habilita\u00e7\u00e3o e Reabilita\u00e7\u00e3o (PHR) e do [&hellip;]<\/p>\n","protected":false},"author":1,"featured_media":2888,"comment_status":"open","ping_status":"open","sticky":false,"template":"","format":"standard","meta":{"_jetpack_newsletter_access":"","_jetpack_dont_email_post_to_subs":false,"_jetpack_newsletter_tier_id":0,"_jetpack_memberships_contains_paywalled_content":false,"_mbp_banners":[],"_jetpack_feature_clip_id":0,"_jetpack_memberships_contains_paid_content":false,"footnotes":"","jetpack_publicize_message":"","jetpack_publicize_feature_enabled":true,"jetpack_social_post_already_shared":true,"jetpack_social_options":{"image_generator_settings":{"template":"highway","default_image_id":0,"font":"","enabled":false},"version":2},"jetpack_post_was_ever_published":false},"categories":[20],"tags":[],"class_list":["post-2887","post","type-post","status-publish","format-standard","has-post-thumbnail","category-regiao"],"jetpack_publicize_connections":[],"jetpack-related-posts":[],"jetpack_shortlink":"https:\/\/wp.me\/p7Eq1F-Kz","jetpack_sharing_enabled":true,"jetpack_featured_media_url":"https:\/\/i0.wp.com\/guialimeira.com.br\/news\/wp-content\/uploads\/2024\/04\/Ao-centro-Marly-Elisama-Cano-fala-com-as-criancas-e-os-adolescentes-do-CCInter-Jaragua.png?fit=1024%2C768&ssl=1","_links":{"self":[{"href":"https:\/\/guialimeira.com.br\/news\/wp-json\/wp\/v2\/posts\/2887","targetHints":{"allow":["GET"]}}],"collection":[{"href":"https:\/\/guialimeira.com.br\/news\/wp-json\/wp\/v2\/posts"}],"about":[{"href":"https:\/\/guialimeira.com.br\/news\/wp-json\/wp\/v2\/types\/post"}],"author":[{"embeddable":true,"href":"https:\/\/guialimeira.com.br\/news\/wp-json\/wp\/v2\/users\/1"}],"replies":[{"embeddable":true,"href":"https:\/\/guialimeira.com.br\/news\/wp-json\/wp\/v2\/comments?post=2887"}],"version-history":[{"count":0,"href":"https:\/\/guialimeira.com.br\/news\/wp-json\/wp\/v2\/posts\/2887\/revisions"}],"wp:featuredmedia":[{"embeddable":true,"href":"https:\/\/guialimeira.com.br\/news\/wp-json\/wp\/v2\/media\/2888"}],"wp:attachment":[{"href":"https:\/\/guialimeira.com.br\/news\/wp-json\/wp\/v2\/media?parent=2887"}],"wp:term":[{"taxonomy":"category","embeddable":true,"href":"https:\/\/guialimeira.com.br\/news\/wp-json\/wp\/v2\/categories?post=2887"},{"taxonomy":"post_tag","embeddable":true,"href":"https:\/\/guialimeira.com.br\/news\/wp-json\/wp\/v2\/tags?post=2887"}],"curies":[{"name":"wp","href":"https:\/\/api.w.org\/{rel}","templated":true}]}}