{"id":28862,"date":"2025-04-01T10:44:22","date_gmt":"2025-04-01T13:44:22","guid":{"rendered":"https:\/\/guialimeira.com.br\/?p=28862"},"modified":"2025-04-01T10:44:22","modified_gmt":"2025-04-01T13:44:22","slug":"projeto-que-perpetua-o-nome-de-francisco-lino-em-area-verde-de-limeira-e-aprovado","status":"publish","type":"post","link":"https:\/\/guialimeira.com.br\/news\/projeto-que-perpetua-o-nome-de-francisco-lino-em-area-verde-de-limeira-e-aprovado\/","title":{"rendered":"Projeto que perpetua o nome de Francisco Lino em \u00e1rea verde de Limeira \u00e9 aprovado"},"content":{"rendered":"\n<figure class=\"wp-block-gallery has-nested-images columns-default is-cropped wp-block-gallery-1 is-layout-flex wp-block-gallery-is-layout-flex\"><\/figure>\n \r\n<br><img data-recalc-dims=\"1\" decoding=\"async\" src=\"https:\/\/i0.wp.com\/guialimeira.com.br\/wp-content\/uploads\/2025\/04\/2025-04-01_projeto-que-perpetua-o-nome-de-francisco-lino-em-area-verde-de-limeira-e-aprovado_1.jpg?w=696&#038;ssl=1\" \/><br><div>\n\t\t\t\t\t<p>Os vereadores presentes na sess\u00e3o ordin\u00e1ria realizada nesta segunda-feira, 31 de mar\u00e7o, aprovaram o <a href=\"https:\/\/consulta.limeira.sp.leg.br\/Documentos\/Documento\/370665\" rel=\"noopener\">Projeto de Lei N\u00ba 45\/2025<\/a>, de autoria de Nilton Santos (Republicanos), para perpetuar o nome de Francisco Lino, \u201cChico Lino\u201d, na \u00e1rea verde III, IV e V + APP I, II, III da quadra V do loteamento Colinas do Engenho II.\u00a0<\/p><p>Francisco Lino, mais conhecido como &#8220;Chico Lino&#8221;, nasceu em Iracem\u00e1polis (SP), na fazenda Morro Azul, em 1942 e se casou com In\u00eas Denadai Lino, com quem teve cinco filhos, Maria Jos\u00e9, Isabel, In\u00eas, Francisco e Leonel. O casal mudou-se para Limeira (SP) para estabelecer a fam\u00edlia e j\u00e1 na cidade ele se tornou empreendedor, o qual deu in\u00edcio ao Bar e Mercearia com o seu nome.\u00a0<\/p><p>O homenageado tamb\u00e9m trabalhou na \u00e1rea rural para ajudar os pais, ao mesmo tempo que aprendeu a tocar viola caipira e fazer parte de v\u00e1rias duplas sertanejas. Chico n\u00e3o tinha nenhum conhecimento t\u00e9cnico, faculdade ou curso no segmento da m\u00fasica, mas comandou o programa \u201cComadre Presente\u201d e \u201cRecordando o passado&#8221; na R\u00e1dio Educadora AM, por mais de 40 anos.\u00a0\u00a0<\/p><p>Chico Lino faleceu em 2022, aos 80 anos. \u201cA fam\u00edlia e amigos sempre ter\u00e3o a recorda\u00e7\u00e3o do homem \u00edntegro, humilde, bondoso e que s\u00f3 deixou amor aos que tiveram o privil\u00e9gio da sua conviv\u00eancia\u201d, declarou Nilton Santos.<\/p><p>A proposta aprovada segue para aprecia\u00e7\u00e3o do prefeito Murilo F\u00e9lix (Podemos) para san\u00e7\u00e3o ou veto. Se sancionada, ser\u00e1 promulgada e publicada no Jornal Oficial do Munic\u00edpio e passa a ser lei.<\/p>\t\t\t\t<\/div>\r\n<br>\r\n<br><a href=\"https:\/\/www.limeira.sp.leg.br\/noticias\/view\/2025-04-01_projeto-que-perpetua-o-nome-de-francisco-lino-em-area-verde-de-limeira-e-aprovado\" rel=\"noopener\">Informa\u00e7\u00f5es CML <\/a>","protected":false},"excerpt":{"rendered":"<p>Os vereadores presentes na sess\u00e3o ordin\u00e1ria realizada nesta segunda-feira, 31 de mar\u00e7o, aprovaram o Projeto de Lei N\u00ba 45\/2025, de autoria de Nilton Santos (Republicanos), para perpetuar o nome de Francisco Lino, \u201cChico Lino\u201d, na \u00e1rea verde III, IV e V + APP I, II, III da quadra V do loteamento Colinas do Engenho II.\u00a0 [&hellip;]<\/p>\n","protected":false},"author":1,"featured_media":28863,"comment_status":"open","ping_status":"open","sticky":false,"template":"","format":"standard","meta":{"_jetpack_newsletter_access":"","_jetpack_dont_email_post_to_subs":false,"_jetpack_newsletter_tier_id":0,"_jetpack_memberships_contains_paywalled_content":false,"_mbp_banners":[],"_jetpack_feature_clip_id":0,"_jetpack_memberships_contains_paid_content":false,"footnotes":"","jetpack_publicize_message":"","jetpack_publicize_feature_enabled":true,"jetpack_social_post_already_shared":true,"jetpack_social_options":{"image_generator_settings":{"template":"highway","default_image_id":0,"font":"","enabled":false},"version":2},"jetpack_post_was_ever_published":false},"categories":[19],"tags":[],"class_list":["post-28862","post","type-post","status-publish","format-standard","has-post-thumbnail","category-politica"],"jetpack_publicize_connections":[],"jetpack-related-posts":[],"jetpack_shortlink":"https:\/\/wp.me\/p7Eq1F-7vw","jetpack_sharing_enabled":true,"jetpack_featured_media_url":"https:\/\/i0.wp.com\/guialimeira.com.br\/news\/wp-content\/uploads\/2025\/04\/Projeto-que-perpetua-o-nome-de-Francisco-Lino-em-area.jpg?fit=1280%2C640&ssl=1","_links":{"self":[{"href":"https:\/\/guialimeira.com.br\/news\/wp-json\/wp\/v2\/posts\/28862","targetHints":{"allow":["GET"]}}],"collection":[{"href":"https:\/\/guialimeira.com.br\/news\/wp-json\/wp\/v2\/posts"}],"about":[{"href":"https:\/\/guialimeira.com.br\/news\/wp-json\/wp\/v2\/types\/post"}],"author":[{"embeddable":true,"href":"https:\/\/guialimeira.com.br\/news\/wp-json\/wp\/v2\/users\/1"}],"replies":[{"embeddable":true,"href":"https:\/\/guialimeira.com.br\/news\/wp-json\/wp\/v2\/comments?post=28862"}],"version-history":[{"count":1,"href":"https:\/\/guialimeira.com.br\/news\/wp-json\/wp\/v2\/posts\/28862\/revisions"}],"predecessor-version":[{"id":28864,"href":"https:\/\/guialimeira.com.br\/news\/wp-json\/wp\/v2\/posts\/28862\/revisions\/28864"}],"wp:featuredmedia":[{"embeddable":true,"href":"https:\/\/guialimeira.com.br\/news\/wp-json\/wp\/v2\/media\/28863"}],"wp:attachment":[{"href":"https:\/\/guialimeira.com.br\/news\/wp-json\/wp\/v2\/media?parent=28862"}],"wp:term":[{"taxonomy":"category","embeddable":true,"href":"https:\/\/guialimeira.com.br\/news\/wp-json\/wp\/v2\/categories?post=28862"},{"taxonomy":"post_tag","embeddable":true,"href":"https:\/\/guialimeira.com.br\/news\/wp-json\/wp\/v2\/tags?post=28862"}],"curies":[{"name":"wp","href":"https:\/\/api.w.org\/{rel}","templated":true}]}}