{"id":2886,"date":"2024-04-26T01:07:43","date_gmt":"2024-04-26T04:07:43","guid":{"rendered":"https:\/\/guialimeira.com.br\/2024\/04\/26\/escolas-municipais-vencedoras-do-programa-educatrilha-recebem-homenagem-na-camara-portal-do-municipio-de-piracicaba\/"},"modified":"2024-04-26T01:07:43","modified_gmt":"2024-04-26T04:07:43","slug":"escolas-municipais-vencedoras-do-programa-educatrilha-recebem-homenagem-na-camara-portal-do-municipio-de-piracicaba","status":"publish","type":"post","link":"https:\/\/guialimeira.com.br\/news\/escolas-municipais-vencedoras-do-programa-educatrilha-recebem-homenagem-na-camara-portal-do-municipio-de-piracicaba\/","title":{"rendered":"Escolas municipais vencedoras do programa EducaTrilha recebem homenagem na C\u00e2mara \u2013 Portal do Munic\u00edpio de Piracicaba"},"content":{"rendered":"<p> <br \/>\n<\/p>\n<div>\n<p>Os educadores representantes das escolas municipais Professor Tomaz Caetano Cannavan Ripoli e Professora Tercilia Bernadete Sanches Costa estiveram no Sal\u00e3o Nobre da C\u00e2mara Municipal de Vereadores de Piracicaba na segunda-feira, 22\/04, para receber a Mo\u00e7\u00e3o de Aplausos pelo Programa EducaTrilha na Escola, realizado no ano passado. As escolas se destacaram e levaram o primeiro lugar em suas categorias \u2013 Educa\u00e7\u00e3o Infantil e Ensino Fundamental Ciclo I, respectivamente.<\/p>\n<figure class=\"wp-block-image size-large\"><img data-recalc-dims=\"1\" fetchpriority=\"high\" decoding=\"async\" width=\"696\" height=\"464\" src=\"https:\/\/i0.wp.com\/piracicaba.sp.gov.br\/wp-content\/uploads\/2024\/04\/As-representantes-da-escola-Professora-Tercilia-Bernadete-Sanches-Costa-estiveram-no-Salao-Nobre-da-Camara-de-Vereadores-para-receber-a-Mocao-de-Aplausos-pelo-Programa-EducaTrilha-na-Escola-1024x682.jpg?resize=696%2C464&#038;ssl=1\" alt=\"\" class=\"wp-image-77899\" srcset=\"https:\/\/piracicaba.sp.gov.br\/wp-content\/uploads\/2024\/04\/As-representantes-da-escola-Professora-Tercilia-Bernadete-Sanches-Costa-estiveram-no-Salao-Nobre-da-Camara-de-Vereadores-para-receber-a-Mocao-de-Aplausos-pelo-Programa-EducaTrilha-na-Escola-1024x682.jpg 1024w, https:\/\/piracicaba.sp.gov.br\/wp-content\/uploads\/2024\/04\/As-representantes-da-escola-Professora-Tercilia-Bernadete-Sanches-Costa-estiveram-no-Salao-Nobre-da-Camara-de-Vereadores-para-receber-a-Mocao-de-Aplausos-pelo-Programa-EducaTrilha-na-Escola-300x200.jpg 300w, https:\/\/piracicaba.sp.gov.br\/wp-content\/uploads\/2024\/04\/As-representantes-da-escola-Professora-Tercilia-Bernadete-Sanches-Costa-estiveram-no-Salao-Nobre-da-Camara-de-Vereadores-para-receber-a-Mocao-de-Aplausos-pelo-Programa-EducaTrilha-na-Escola-768x512.jpg 768w, https:\/\/piracicaba.sp.gov.br\/wp-content\/uploads\/2024\/04\/As-representantes-da-escola-Professora-Tercilia-Bernadete-Sanches-Costa-estiveram-no-Salao-Nobre-da-Camara-de-Vereadores-para-receber-a-Mocao-de-Aplausos-pelo-Programa-EducaTrilha-na-Escola.jpg 1280w\" sizes=\"(max-width: 1024px) 100vw, 1024px\"\/><figcaption class=\"wp-element-caption\"><strong><em>As representantes da escola Professora Tercilia Bernadete Sanches Costa estiveram no Sal\u00e3o Nobre da C\u00e2mara de Vereadores para receber a Mo\u00e7\u00e3o de Aplausos pelo Programa EducaTrilha na Escola<\/em><\/strong><\/figcaption><\/figure>\n<p>As escolas estaduais Dr. Jo\u00e3o Sampaio, Professor Jo\u00e3o Alves de Almeida e Felipe Cardoso, e a escola particular Espa\u00e7o Cirandarte tamb\u00e9m foram homenageadas na ocasi\u00e3o. Essas escolas se destacaram em 2023 por seus projetos de educa\u00e7\u00e3o ambiental, cultural e de promo\u00e7\u00e3o da sa\u00fade e bem-estar envolvendo toda a comunidade escolar. No total, o EducaTrilha na Escola 2023 teve mais de 14.200 beneficiados.<\/p>\n<p>O pr\u00eamio para as escolas foi recebido em novembro do ano passado: uma viagem pedag\u00f3gica ao N\u00facleo Picinguaba, no Parque Estadual da Serra do Mar, com tr\u00eas representantes de cada escola.<\/p>\n<p>Em 2024, o programa continua e j\u00e1 realizou dois encontros formativos e um de tutoria com os professores, sendo que este ano tamb\u00e9m abarca temas como a educa\u00e7\u00e3o inclusiva e o enfrentamento \u00e0s mudan\u00e7as globais.<\/p>\n<figure class=\"wp-block-image size-large\"><img data-recalc-dims=\"1\" loading=\"lazy\" decoding=\"async\" width=\"696\" height=\"464\" src=\"https:\/\/i0.wp.com\/piracicaba.sp.gov.br\/wp-content\/uploads\/2024\/04\/A-vereadora-Silvia-Morales-e-Pamela-Pereira-diretora-da-escola-Tomas-Ripoli-que-ganhou-o-primeiro-lugar-na-categoria-Educacao-Infantil-1024x682.jpg?resize=696%2C464&#038;ssl=1\" alt=\"\" class=\"wp-image-77900\" srcset=\"https:\/\/piracicaba.sp.gov.br\/wp-content\/uploads\/2024\/04\/A-vereadora-Silvia-Morales-e-Pamela-Pereira-diretora-da-escola-Tomas-Ripoli-que-ganhou-o-primeiro-lugar-na-categoria-Educacao-Infantil-1024x682.jpg 1024w, https:\/\/piracicaba.sp.gov.br\/wp-content\/uploads\/2024\/04\/A-vereadora-Silvia-Morales-e-Pamela-Pereira-diretora-da-escola-Tomas-Ripoli-que-ganhou-o-primeiro-lugar-na-categoria-Educacao-Infantil-300x200.jpg 300w, https:\/\/piracicaba.sp.gov.br\/wp-content\/uploads\/2024\/04\/A-vereadora-Silvia-Morales-e-Pamela-Pereira-diretora-da-escola-Tomas-Ripoli-que-ganhou-o-primeiro-lugar-na-categoria-Educacao-Infantil-768x512.jpg 768w, https:\/\/piracicaba.sp.gov.br\/wp-content\/uploads\/2024\/04\/A-vereadora-Silvia-Morales-e-Pamela-Pereira-diretora-da-escola-Tomas-Ripoli-que-ganhou-o-primeiro-lugar-na-categoria-Educacao-Infantil.jpg 1280w\" sizes=\"auto, (max-width: 1024px) 100vw, 1024px\"\/><figcaption class=\"wp-element-caption\"><strong><em>A vereadora Silvia Morales e Pamela Pereira, diretora da escola Tomas Ripoli, que ganhou o primeiro lugar na categoria Educa\u00e7\u00e3o Infantil<\/em><\/strong><\/figcaption><\/figure>\n<p>Pamela Pereira, diretora da escola Tomas Ripoli, falou como representante das escolas municipais durante a homenagem. \u201cAgradecemos pela oportunidade e estendemos essa homenagem a toda a equipe escolar, crian\u00e7as e comunidade. Acreditamos no potencial dos nossos alunos e na import\u00e2ncia de trabalhar temas que promovam a sustentabilidade e a educa\u00e7\u00e3o ambiental, aproximando os pequenos da natureza.\u201d<\/p>\n<p>No evento, Maria Lu\u00edsa Bonazzi Palmieri, especialista ambiental do Instituto de Pesquisas Ambientais, idealizadora e coordenadora do programa, comentou sobre a import\u00e2ncia dessas mo\u00e7\u00f5es de aplausos: \u201cEsse reconhecimento valoriza o trabalho dos professores e gestores, que lutam para oferecerem projetos inovadores e transformadores aos seus estudantes. N\u00f3s, da equipe do EducaTrilha na Escola, ficamos extremamente satisfeitos com os resultados, que mostram que o programa est\u00e1 no caminho certo, transformando vidas\u201d.<\/p>\n<figure class=\"wp-block-image size-large\"><img data-recalc-dims=\"1\" loading=\"lazy\" decoding=\"async\" width=\"696\" height=\"464\" src=\"https:\/\/i0.wp.com\/piracicaba.sp.gov.br\/wp-content\/uploads\/2024\/04\/As-escolas-premiadas-se-destacaram-por-seus-projetos-de-educacao-ambiental-cultural-e-de-promocao-da-saude-e-bem-estar-envolvendo-toda-a-comunidade-escolar-1024x682.jpg?resize=696%2C464&#038;ssl=1\" alt=\"\" class=\"wp-image-77901\" srcset=\"https:\/\/piracicaba.sp.gov.br\/wp-content\/uploads\/2024\/04\/As-escolas-premiadas-se-destacaram-por-seus-projetos-de-educacao-ambiental-cultural-e-de-promocao-da-saude-e-bem-estar-envolvendo-toda-a-comunidade-escolar-1024x682.jpg 1024w, https:\/\/piracicaba.sp.gov.br\/wp-content\/uploads\/2024\/04\/As-escolas-premiadas-se-destacaram-por-seus-projetos-de-educacao-ambiental-cultural-e-de-promocao-da-saude-e-bem-estar-envolvendo-toda-a-comunidade-escolar-300x200.jpg 300w, https:\/\/piracicaba.sp.gov.br\/wp-content\/uploads\/2024\/04\/As-escolas-premiadas-se-destacaram-por-seus-projetos-de-educacao-ambiental-cultural-e-de-promocao-da-saude-e-bem-estar-envolvendo-toda-a-comunidade-escolar-768x512.jpg 768w, https:\/\/piracicaba.sp.gov.br\/wp-content\/uploads\/2024\/04\/As-escolas-premiadas-se-destacaram-por-seus-projetos-de-educacao-ambiental-cultural-e-de-promocao-da-saude-e-bem-estar-envolvendo-toda-a-comunidade-escolar.jpg 1280w\" sizes=\"auto, (max-width: 1024px) 100vw, 1024px\"\/><figcaption class=\"wp-element-caption\"><strong><em>As escolas premiadas se destacaram por seus projetos de educa\u00e7\u00e3o ambiental, cultural e de promo\u00e7\u00e3o da sa\u00fade e bem-estar envolvendo toda a comunidade escolar<\/em><\/strong><\/figcaption><\/figure>\n<p><strong>O PROGRAMA \u2013<\/strong>\u00a0O EducaTrilha na Escola \u00e9 um programa de educa\u00e7\u00e3o ambiental, cultural e de promo\u00e7\u00e3o de sa\u00fade e bem-estar, realizado com escolas municipais, estaduais e particulares, por meio de um processo formativo e de um concurso de projetos educativos que incluem visitas \u00e0 Esta\u00e7\u00e3o Experimental de Tupi. O mesmo ofereceu encontros formativos e de tutoria aos professores e tem um papel integrador em rela\u00e7\u00e3o \u00e0s demais iniciativas de educa\u00e7\u00e3o ambiental e cultural no \u00e2mbito escolar.<\/p>\n<\/div>\n<p><br \/>\n<br \/><a href=\"https:\/\/piracicaba.sp.gov.br\/noticias\/escolas-municipais-vencedoras-do-programa-educatrilha-recebem-homenagem-na-camara\/\" rel=\"noopener\">Informa\u00e7\u00f5es PMP <\/a><\/p>\n","protected":false},"excerpt":{"rendered":"<p>Os educadores representantes das escolas municipais Professor Tomaz Caetano Cannavan Ripoli e Professora Tercilia Bernadete Sanches Costa estiveram no Sal\u00e3o Nobre da C\u00e2mara Municipal de Vereadores de Piracicaba na segunda-feira, 22\/04, para receber a Mo\u00e7\u00e3o de Aplausos pelo Programa EducaTrilha na Escola, realizado no ano passado. As escolas se destacaram e levaram o primeiro lugar [&hellip;]<\/p>\n","protected":false},"author":1,"featured_media":0,"comment_status":"open","ping_status":"open","sticky":false,"template":"","format":"standard","meta":{"_jetpack_newsletter_access":"","_jetpack_dont_email_post_to_subs":false,"_jetpack_newsletter_tier_id":0,"_jetpack_memberships_contains_paywalled_content":false,"_mbp_banners":[],"_jetpack_feature_clip_id":0,"_jetpack_memberships_contains_paid_content":false,"footnotes":"","jetpack_publicize_message":"","jetpack_publicize_feature_enabled":true,"jetpack_social_post_already_shared":true,"jetpack_social_options":{"image_generator_settings":{"template":"highway","default_image_id":0,"font":"","enabled":false},"version":2},"jetpack_post_was_ever_published":false},"categories":[20],"tags":[],"class_list":["post-2886","post","type-post","status-publish","format-standard","category-regiao"],"jetpack_publicize_connections":[],"jetpack-related-posts":[],"jetpack_shortlink":"https:\/\/wp.me\/p7Eq1F-Ky","jetpack_sharing_enabled":true,"jetpack_featured_media_url":"","_links":{"self":[{"href":"https:\/\/guialimeira.com.br\/news\/wp-json\/wp\/v2\/posts\/2886","targetHints":{"allow":["GET"]}}],"collection":[{"href":"https:\/\/guialimeira.com.br\/news\/wp-json\/wp\/v2\/posts"}],"about":[{"href":"https:\/\/guialimeira.com.br\/news\/wp-json\/wp\/v2\/types\/post"}],"author":[{"embeddable":true,"href":"https:\/\/guialimeira.com.br\/news\/wp-json\/wp\/v2\/users\/1"}],"replies":[{"embeddable":true,"href":"https:\/\/guialimeira.com.br\/news\/wp-json\/wp\/v2\/comments?post=2886"}],"version-history":[{"count":0,"href":"https:\/\/guialimeira.com.br\/news\/wp-json\/wp\/v2\/posts\/2886\/revisions"}],"wp:attachment":[{"href":"https:\/\/guialimeira.com.br\/news\/wp-json\/wp\/v2\/media?parent=2886"}],"wp:term":[{"taxonomy":"category","embeddable":true,"href":"https:\/\/guialimeira.com.br\/news\/wp-json\/wp\/v2\/categories?post=2886"},{"taxonomy":"post_tag","embeddable":true,"href":"https:\/\/guialimeira.com.br\/news\/wp-json\/wp\/v2\/tags?post=2886"}],"curies":[{"name":"wp","href":"https:\/\/api.w.org\/{rel}","templated":true}]}}