{"id":28855,"date":"2025-04-01T09:43:30","date_gmt":"2025-04-01T12:43:30","guid":{"rendered":"https:\/\/guialimeira.com.br\/?p=28855"},"modified":"2025-04-01T09:43:30","modified_gmt":"2025-04-01T12:43:30","slug":"vagas-de-embarque-e-desembarque-de-transporte-escolar-devem-ter-placa-indicativa-e-sinalizacao-de-solo","status":"publish","type":"post","link":"https:\/\/guialimeira.com.br\/news\/vagas-de-embarque-e-desembarque-de-transporte-escolar-devem-ter-placa-indicativa-e-sinalizacao-de-solo\/","title":{"rendered":"Vagas de embarque e desembarque de transporte escolar devem ter placa indicativa e sinaliza\u00e7\u00e3o de solo"},"content":{"rendered":"\n<figure class=\"wp-block-gallery has-nested-images columns-default is-cropped wp-block-gallery-1 is-layout-flex wp-block-gallery-is-layout-flex\"><\/figure>\n \r\n<br><img data-recalc-dims=\"1\" decoding=\"async\" src=\"https:\/\/i0.wp.com\/guialimeira.com.br\/wp-content\/uploads\/2025\/04\/2025-04-01_vagas-de-embarque-e-desembarque-de-transporte-escolar-devem-ter-placa-indicativa-e-sinali.jpeg?w=696&#038;ssl=1\" \/><br><div>\n\t\t\t\t\t<p>Aprovado durante a sess\u00e3o ordin\u00e1ria desta segunda-feira, 31 de mar\u00e7o, o <a href=\"https:\/\/consulta.limeira.sp.leg.br\/Documentos\/Documento\/348373\" rel=\"noopener\">Projeto de Lei N\u00ba 97\/2024<\/a>, da vereadora Lu Bogo (PL), que acrescenta o par\u00e1grafo \u00fanico ao art. 1\u00ba da <a href=\"https:\/\/legislacao.limeira.sp.leg.br\/limeira-sp?Pagina=1&amp;Pesquisa=Avancada&amp;TipoId=0&amp;Numero=6874&amp;Ano=2023&amp;Data=&amp;NumeroFinal=&amp;AnoFinal=&amp;DataFinal=&amp;SituacaoId=0&amp;ClassificacaoId=0&amp;IniciativaTipoId=0&amp;IniciativaEntidadeId=0&amp;EmentaAssunto=&amp;NoTexto=false\" rel=\"noopener\">Lei N\u00ba 6874\/2023<\/a>, que disp\u00f5e sobre a cria\u00e7\u00e3o de vagas para ve\u00edculos de transporte escolar em frente \u00e0s creches e escolas. A propositura passa a prever al\u00e9m da coloca\u00e7\u00e3o de placa indicativa a sinaliza\u00e7\u00e3o de solo nas \u00e1reas de embarque e desembarque.\u00a0\u00a0<\/p><p>De acordo com a propositura, o projeto de lei tem por finalidade atender de forma abrangente a necessidade dos motoristas, que realizam o servi\u00e7o de transporte escolar oferecido e solicitado em Limeira. \u201cCom a sinaliza\u00e7\u00e3o de solo vamos dar maior visibilidade dos locais onde est\u00e3o instaladas as placas que autorizam o embarque e desembarque de alunos\u201d, justificou a vereadora.<\/p><p>A proposta aprovada segue para aprecia\u00e7\u00e3o do prefeito Murilo F\u00e9lix (Podemos) para san\u00e7\u00e3o ou veto. Se sancionada, ser\u00e1 promulgada e publicada no Jornal Oficial do Munic\u00edpio e passa a ser lei.\u00a0<\/p>\t\t\t\t<\/div>\r\n<br>\r\n<br><a href=\"https:\/\/www.limeira.sp.leg.br\/noticias\/view\/2025-04-01_vagas-de-embarque-e-desembarque-de-transporte-escolar-devem-ter-placa-indicativa-e-sinalizacao-de-solo\" rel=\"noopener\">Informa\u00e7\u00f5es CML <\/a>","protected":false},"excerpt":{"rendered":"<p>Aprovado durante a sess\u00e3o ordin\u00e1ria desta segunda-feira, 31 de mar\u00e7o, o Projeto de Lei N\u00ba 97\/2024, da vereadora Lu Bogo (PL), que acrescenta o par\u00e1grafo \u00fanico ao art. 1\u00ba da Lei N\u00ba 6874\/2023, que disp\u00f5e sobre a cria\u00e7\u00e3o de vagas para ve\u00edculos de transporte escolar em frente \u00e0s creches e escolas. A propositura passa a [&hellip;]<\/p>\n","protected":false},"author":1,"featured_media":28856,"comment_status":"open","ping_status":"open","sticky":false,"template":"","format":"standard","meta":{"_jetpack_newsletter_access":"","_jetpack_dont_email_post_to_subs":false,"_jetpack_newsletter_tier_id":0,"_jetpack_memberships_contains_paywalled_content":false,"_mbp_banners":[],"_jetpack_feature_clip_id":0,"_jetpack_memberships_contains_paid_content":false,"footnotes":"","jetpack_publicize_message":"","jetpack_publicize_feature_enabled":true,"jetpack_social_post_already_shared":true,"jetpack_social_options":{"image_generator_settings":{"template":"highway","default_image_id":0,"font":"","enabled":false},"version":2},"jetpack_post_was_ever_published":false},"categories":[19],"tags":[],"class_list":["post-28855","post","type-post","status-publish","format-standard","has-post-thumbnail","category-politica"],"jetpack_publicize_connections":[],"jetpack-related-posts":[],"jetpack_shortlink":"https:\/\/wp.me\/p7Eq1F-7vp","jetpack_sharing_enabled":true,"jetpack_featured_media_url":"https:\/\/i0.wp.com\/guialimeira.com.br\/news\/wp-content\/uploads\/2025\/04\/Vagas-de-embarque-e-desembarque-de-transporte-escolar-devem-ter.jpeg?fit=1280%2C640&ssl=1","_links":{"self":[{"href":"https:\/\/guialimeira.com.br\/news\/wp-json\/wp\/v2\/posts\/28855","targetHints":{"allow":["GET"]}}],"collection":[{"href":"https:\/\/guialimeira.com.br\/news\/wp-json\/wp\/v2\/posts"}],"about":[{"href":"https:\/\/guialimeira.com.br\/news\/wp-json\/wp\/v2\/types\/post"}],"author":[{"embeddable":true,"href":"https:\/\/guialimeira.com.br\/news\/wp-json\/wp\/v2\/users\/1"}],"replies":[{"embeddable":true,"href":"https:\/\/guialimeira.com.br\/news\/wp-json\/wp\/v2\/comments?post=28855"}],"version-history":[{"count":1,"href":"https:\/\/guialimeira.com.br\/news\/wp-json\/wp\/v2\/posts\/28855\/revisions"}],"predecessor-version":[{"id":28857,"href":"https:\/\/guialimeira.com.br\/news\/wp-json\/wp\/v2\/posts\/28855\/revisions\/28857"}],"wp:featuredmedia":[{"embeddable":true,"href":"https:\/\/guialimeira.com.br\/news\/wp-json\/wp\/v2\/media\/28856"}],"wp:attachment":[{"href":"https:\/\/guialimeira.com.br\/news\/wp-json\/wp\/v2\/media?parent=28855"}],"wp:term":[{"taxonomy":"category","embeddable":true,"href":"https:\/\/guialimeira.com.br\/news\/wp-json\/wp\/v2\/categories?post=28855"},{"taxonomy":"post_tag","embeddable":true,"href":"https:\/\/guialimeira.com.br\/news\/wp-json\/wp\/v2\/tags?post=28855"}],"curies":[{"name":"wp","href":"https:\/\/api.w.org\/{rel}","templated":true}]}}