{"id":28812,"date":"2025-03-31T20:25:40","date_gmt":"2025-03-31T23:25:40","guid":{"rendered":"https:\/\/guialimeira.com.br\/2025\/03\/31\/haddad-diz-que-brasil-e-franca-convergem-em-tributacao-de-super-ricos\/"},"modified":"2025-03-31T20:25:40","modified_gmt":"2025-03-31T23:25:40","slug":"haddad-diz-que-brasil-e-franca-convergem-em-tributacao-de-super-ricos","status":"publish","type":"post","link":"https:\/\/guialimeira.com.br\/news\/haddad-diz-que-brasil-e-franca-convergem-em-tributacao-de-super-ricos\/","title":{"rendered":"Haddad diz que Brasil e Fran\u00e7a convergem em tributa\u00e7\u00e3o de super-ricos"},"content":{"rendered":"<p> <br \/>\n<\/p>\n<div>\n<p>No primeiro dia da viagem \u00e0 Fran\u00e7a, <strong>o ministro da Fazenda, Fernando Haddad, destacou a sintonia do Brasil e do pa\u00eds europeu na agenda de tributa\u00e7\u00e3o dos super-ricos<\/strong>. O ministro participou de uma confer\u00eancia na universidade <em>Science Po<\/em> sobre os desafios para os governos enfrentarem a mudan\u00e7a clim\u00e1tica.<img data-recalc-dims=\"1\" decoding=\"async\" src=\"https:\/\/i0.wp.com\/agenciabrasil.ebc.com.br\/ebc.png?w=696&#038;ssl=1\" style=\"width:1px; height:1px; display:inline;\"\/><img data-recalc-dims=\"1\" decoding=\"async\" src=\"https:\/\/i0.wp.com\/agenciabrasil.ebc.com.br\/ebc.gif?w=696&#038;ssl=1\" style=\"width:1px; height:1px; display:inline;\"\/><\/p>\n<p>\u201cNa defesa da tributa\u00e7\u00e3o dos super-ricos, um imperativo moral diante do avan\u00e7o das oligarquias dentro das democracias, Fran\u00e7a e o Brasil mostraram o caminho da coordena\u00e7\u00e3o Norte-Sul que pode ajudar o sistema internacional a sair do impasse\u201d, disse o ministro.<\/p>\n<p>Haddad lembrou que a proposta de tributa\u00e7\u00e3o global de at\u00e9 2% da renda dos super-ricos foi elaborada pelo economista franc\u00eas Gabriel Zucman e teve o apoio da vencedora do Pr\u00eamio Nobel de Economia de 2019, a tamb\u00e9m francesa Esther Duflo. <a href=\"https:\/\/agenciabrasil.ebc.com.br\/economia\/noticia\/2024-11\/taxacao-dos-super-ricos-e-aprovada-em-declaracao-de-lideres-do-g20\" target=\"_blank\" rel=\"noopener\">A proposta foi uma das bandeiras da presid\u00eancia brasileira no G20<\/a> (grupo das 19 maiores economias do planeta, mais Uni\u00e3o Europeia e Uni\u00e3o Africana) no ano passado.<\/p>\n<p>Haddad tamb\u00e9m mencionou o papel da 30\u00aa Confer\u00eancia das Na\u00e7\u00f5es Unidas sobre Mudan\u00e7a no Clima (COP30) no resgate do multilateralismo, a articula\u00e7\u00e3o multilateral entre os pa\u00edses para a resolu\u00e7\u00e3o de conflitos e temas comuns. O ministro disse esperar que a Fran\u00e7a repita o apoio ao Brasil em outras quest\u00f5es.<\/p>\n<p>\u201cSem o apoio de intelectuais como Gabriel Zucman e Esther Duflo, o primeiro passo para uma tributa\u00e7\u00e3o coordenada dos super-ricos n\u00e3o teria sido alcan\u00e7ado com a Declara\u00e7\u00e3o sobre Coopera\u00e7\u00e3o Tribut\u00e1ria Internacional e o documento final da C\u00fapula do G20 no Rio, em novembro passado. Esperamos poder reeditar essa parceria franco-brasileira na COP com outras bandeiras\u201d, acrescentou Haddad.<\/p>\n<p><strong>O ministro ressaltou que Brasil e Fran\u00e7a podem constituir uma frente de resgate ao multilateralismo ap\u00f3s as recentes mudan\u00e7as no governo norte-americano.<\/strong> Para Haddad, o mundo mudou muito desde a \u00faltima reuni\u00e3o de c\u00fapula do G20, em novembro do ano passado no Rio de Janeiro.<\/p>\n<blockquote>\n<p>\u201cA melhor resposta \u00e0 crise no multilateralismo \u00e9 ousarmos ainda mais no multilateralismo\u201d, declarou o ministro.<\/p>\n<\/blockquote>\n<h2>Clima e inova\u00e7\u00e3o<\/h2>\n<p><strong>De acordo com Haddad, os mecanismos de financiamento internacional devem estar \u201cno cora\u00e7\u00e3o do debate\u201d sobre a mudan\u00e7a clim\u00e1tica.<\/strong> Segundo ele, a COP30 ser\u00e1 \u201ca COP da implementa\u00e7\u00e3o\u201d, em que as ideias apresentadas nos \u00faltimos anos devem come\u00e7ar a sair do papel. \u201cO Brasil tem de liderar por meio do exemplo, promovendo uma agenda clim\u00e1tica inclusiva e focada na implementa\u00e7\u00e3o de solu\u00e7\u00f5es concretas\u201d, declarou.<\/p>\n<p>Em seu discurso, Haddad citou como inovadoras as seguintes iniciativas do governo brasileiro: <a href=\"https:\/\/agenciabrasil.ebc.com.br\/meio-ambiente\/noticia\/2024-10\/cinco-paises-apoiam-fundo-para-conservacao-de-florestas-tropicais\" target=\"_blank\" rel=\"noopener\">Mecanismo de Financiamento para Florestas Tropicais<\/a> (TFFF, na sigla em ingl\u00eas), fundo de US$ 125 bilh\u00f5es com recursos de governos e de empresas privadas, e a constru\u00e7\u00e3o de um marco regulat\u00f3rio robusto do mercado de carbono. \u201cA campanha permanente pela inova\u00e7\u00e3o na governan\u00e7a no plano nacional e internacional \u00e9 a melhor forma de enfrentar a mar\u00e9 da desinforma\u00e7\u00e3o que polui o debate p\u00fablico\u201d, declarou.<\/p>\n<h2>Viagem<\/h2>\n<p><strong><a href=\"https:\/\/agenciabrasil.ebc.com.br\/economia\/noticia\/2025-03\/haddad-discutira-transicao-ecologica-e-reforma-do-g20-na-franca\" rel=\"noopener\">A viagem de Haddad a Paris<\/a> servir\u00e1 como preparativo para a viagem que o presidente Luiz In\u00e1cio Lula da Silva far\u00e1 \u00e0 Fran\u00e7a em junho.<\/strong> As conversas est\u00e3o concentradas no Plano de Transforma\u00e7\u00e3o Ecol\u00f3gica e na reforma do G20.<\/p>\n<p>No primeiro dia, o ministro participou da confer\u00eancia na <em>Science Po<\/em> e foi homenageado com um jantar na mesma institui\u00e7\u00e3o. Nesta ter\u00e7a (1\u00ba), Haddad se re\u00fane com o ministro da Economia franc\u00eas, \u00c9ric Lombard, \u00e0s 11h30 (hor\u00e1rio local). Em seguida, almo\u00e7ar\u00e1 com empres\u00e1rios franceses e, \u00e0s 13h30, discursar\u00e1 na cerim\u00f4nia de abertura dos Di\u00e1logos Econ\u00f4micos Brasil-Fran\u00e7a. Haddad embarca \u00e0s 15h30 (hor\u00e1rio local) e chega a Bras\u00edlia na madrugada de quarta-feira (2).<\/p>\n<p>      <!-- Relacionada --><\/p>\n<p>            <!-- Relacionada -->\n    <\/div>\n<p><br \/>\n<br \/><a href=\"https:\/\/agenciabrasil.ebc.com.br\/internacional\/noticia\/2025-03\/haddad-diz-que-brasil-e-franca-convergem-em-tributacao-de-super-ricos\" rel=\"noopener\">Ag\u00eancia Brasil <\/a><\/p>\n","protected":false},"excerpt":{"rendered":"<p>No primeiro dia da viagem \u00e0 Fran\u00e7a, o ministro da Fazenda, Fernando Haddad, destacou a sintonia do Brasil e do pa\u00eds europeu na agenda de tributa\u00e7\u00e3o dos super-ricos. O ministro participou de uma confer\u00eancia na universidade Science Po sobre os desafios para os governos enfrentarem a mudan\u00e7a clim\u00e1tica. \u201cNa defesa da tributa\u00e7\u00e3o dos super-ricos, um [&hellip;]<\/p>\n","protected":false},"author":1,"featured_media":28813,"comment_status":"open","ping_status":"open","sticky":false,"template":"","format":"standard","meta":{"_jetpack_newsletter_access":"","_jetpack_dont_email_post_to_subs":false,"_jetpack_newsletter_tier_id":0,"_jetpack_memberships_contains_paywalled_content":false,"_mbp_banners":[],"_jetpack_feature_clip_id":0,"_jetpack_memberships_contains_paid_content":false,"footnotes":"","jetpack_publicize_message":"","jetpack_publicize_feature_enabled":true,"jetpack_social_post_already_shared":true,"jetpack_social_options":{"image_generator_settings":{"template":"highway","default_image_id":0,"font":"","enabled":false},"version":2},"jetpack_post_was_ever_published":false},"categories":[25],"tags":[],"class_list":["post-28812","post","type-post","status-publish","format-standard","has-post-thumbnail","category-internacional"],"jetpack_publicize_connections":[],"jetpack-related-posts":[],"jetpack_shortlink":"https:\/\/wp.me\/p7Eq1F-7uI","jetpack_sharing_enabled":true,"jetpack_featured_media_url":"https:\/\/i0.wp.com\/guialimeira.com.br\/news\/wp-content\/uploads\/2025\/03\/54421489037_d8cc661145_o.jpg?fit=1600%2C800&ssl=1","_links":{"self":[{"href":"https:\/\/guialimeira.com.br\/news\/wp-json\/wp\/v2\/posts\/28812","targetHints":{"allow":["GET"]}}],"collection":[{"href":"https:\/\/guialimeira.com.br\/news\/wp-json\/wp\/v2\/posts"}],"about":[{"href":"https:\/\/guialimeira.com.br\/news\/wp-json\/wp\/v2\/types\/post"}],"author":[{"embeddable":true,"href":"https:\/\/guialimeira.com.br\/news\/wp-json\/wp\/v2\/users\/1"}],"replies":[{"embeddable":true,"href":"https:\/\/guialimeira.com.br\/news\/wp-json\/wp\/v2\/comments?post=28812"}],"version-history":[{"count":0,"href":"https:\/\/guialimeira.com.br\/news\/wp-json\/wp\/v2\/posts\/28812\/revisions"}],"wp:featuredmedia":[{"embeddable":true,"href":"https:\/\/guialimeira.com.br\/news\/wp-json\/wp\/v2\/media\/28813"}],"wp:attachment":[{"href":"https:\/\/guialimeira.com.br\/news\/wp-json\/wp\/v2\/media?parent=28812"}],"wp:term":[{"taxonomy":"category","embeddable":true,"href":"https:\/\/guialimeira.com.br\/news\/wp-json\/wp\/v2\/categories?post=28812"},{"taxonomy":"post_tag","embeddable":true,"href":"https:\/\/guialimeira.com.br\/news\/wp-json\/wp\/v2\/tags?post=28812"}],"curies":[{"name":"wp","href":"https:\/\/api.w.org\/{rel}","templated":true}]}}