{"id":28805,"date":"2025-03-31T19:30:55","date_gmt":"2025-03-31T22:30:55","guid":{"rendered":"https:\/\/guialimeira.com.br\/?p=28805"},"modified":"2025-03-31T19:30:57","modified_gmt":"2025-03-31T22:30:57","slug":"projeto-amplia-atendimento-prioritario-para-autistas-em-limeira-e-garante-inclusao-em-estabelecimentos-publicos-e-privados","status":"publish","type":"post","link":"https:\/\/guialimeira.com.br\/news\/projeto-amplia-atendimento-prioritario-para-autistas-em-limeira-e-garante-inclusao-em-estabelecimentos-publicos-e-privados\/","title":{"rendered":"Projeto amplia atendimento priorit\u00e1rio para autistas em Limeira e garante inclus\u00e3o em estabelecimentos p\u00fablicos e privados"},"content":{"rendered":"\n<p class=\"wp-block-paragraph\">Est\u00e1 em an\u00e1lise um importante projeto de lei apresentado pelo vereador <strong>Elias Barbosa (PRTB)<\/strong> que prop\u00f5e altera\u00e7\u00f5es na <strong>Lei Municipal n\u00ba 5.973\/2018<\/strong>, refor\u00e7ando os direitos das pessoas com Transtorno do Espectro Autista (TEA) no munic\u00edpio de Limeira.<\/p>\n\n\n\n<p class=\"wp-block-paragraph\">O projeto atualiza a reda\u00e7\u00e3o da legisla\u00e7\u00e3o vigente para garantir o uso do termo <strong>\u201catendimento priorit\u00e1rio\u201d<\/strong> \u2014 conforme estabelece a <strong>Lei Federal n\u00ba 10.048\/2000<\/strong> \u2014, assegurando n\u00e3o apenas o atendimento imediato \u00e0s pessoas com TEA, mas tamb\u00e9m <strong>aos seus respons\u00e1veis legais quando estiverem acompanhados da pessoa autista<\/strong>.<\/p>\n\n\n\n<hr class=\"wp-block-separator has-alpha-channel-opacity\"\/>\n\n\n\n<h3 class=\"wp-block-heading\">O que muda com a nova proposta?<\/h3>\n\n\n\n<p class=\"wp-block-paragraph\">Se aprovado, o projeto trar\u00e1 as seguintes melhorias na legisla\u00e7\u00e3o:<\/p>\n\n\n\n<p class=\"wp-block-paragraph\">\u2705 <strong>Atendimento priorit\u00e1rio<\/strong> para pessoas com TEA, equiparado aos demais grupos protegidos por lei (idosos, gestantes, pessoas com defici\u00eancia, entre outros);<br>\u2705 <strong>Estabelecimentos p\u00fablicos e privados de Limeira<\/strong> dever\u00e3o incluir o <strong>s\u00edmbolo mundial do autismo<\/strong> nas placas de atendimento priorit\u00e1rio;<br>\u2705 O <strong>respons\u00e1vel que estiver acompanhado da pessoa autista<\/strong> tamb\u00e9m ter\u00e1 direito ao atendimento priorit\u00e1rio;<br>\u2705 Para ter acesso ao direito, ser\u00e1 aceito <strong>atestado m\u00e9dico simples<\/strong> que comprove a condi\u00e7\u00e3o de autista \u2014 desburocratizando o processo.<\/p>\n\n\n\n<hr class=\"wp-block-separator has-alpha-channel-opacity\"\/>\n\n\n\n<h3 class=\"wp-block-heading\">Por que essa mudan\u00e7a \u00e9 importante?<\/h3>\n\n\n\n<p class=\"wp-block-paragraph\">O projeto visa garantir mais <strong>efetividade, acolhimento e visibilidade<\/strong> \u00e0s necessidades das pessoas com autismo no dia a dia. Muitos familiares relatam dificuldades em obter atendimento priorit\u00e1rio por falta de regulamenta\u00e7\u00e3o clara ou sinaliza\u00e7\u00e3o adequada nos estabelecimentos. Essa altera\u00e7\u00e3o visa justamente <strong>preencher essas lacunas<\/strong>, oferecendo <strong>mais respeito e agilidade nos atendimentos<\/strong>, al\u00e9m de facilitar a identifica\u00e7\u00e3o visual com o s\u00edmbolo do autismo.<\/p>\n\n\n\n<p class=\"wp-block-paragraph\">O vereador Elias Barbosa refor\u00e7a que a proposta est\u00e1 em sintonia com o Estatuto da Pessoa com Defici\u00eancia e com os princ\u00edpios da inclus\u00e3o social:<\/p>\n\n\n\n<blockquote class=\"wp-block-quote is-layout-flow wp-block-quote-is-layout-flow\">\n<p class=\"wp-block-paragraph\">\u201cEstamos alinhando nossa legisla\u00e7\u00e3o local com as diretrizes federais, garantindo mais dignidade e menos obst\u00e1culos para quem j\u00e1 enfrenta tantas barreiras invis\u00edveis diariamente.\u201d<\/p>\n<\/blockquote>\n\n\n\n<hr class=\"wp-block-separator has-alpha-channel-opacity\"\/>\n\n\n\n<h3 class=\"wp-block-heading\">Um passo a mais pela inclus\u00e3o<\/h3>\n\n\n\n<p class=\"wp-block-paragraph\">A iniciativa tamb\u00e9m destaca a import\u00e2ncia de <strong>educar e sensibilizar a sociedade<\/strong> sobre o TEA. A inclus\u00e3o do s\u00edmbolo mundial do autismo nas placas de prioridade visa <strong>aumentar a consci\u00eancia coletiva e combater o preconceito<\/strong>, refor\u00e7ando que a empatia deve ser parte do nosso cotidiano.<\/p>\n\n\n\n<p class=\"wp-block-paragraph\"><\/p>\n\n\n\n<p class=\"wp-block-paragraph\">O projeto de lei que trata do <strong>atendimento priorit\u00e1rio para autistas em Limeira<\/strong> \u00e9 mais que uma adequa\u00e7\u00e3o legislativa: \u00e9 um avan\u00e7o concreto na promo\u00e7\u00e3o da cidadania, do respeito e da igualdade de direitos. A proposta segue em tramita\u00e7\u00e3o na C\u00e2mara Municipal e aguarda aprova\u00e7\u00e3o.<\/p>\n\n\n\n<p class=\"wp-block-paragraph\">Vamos acompanhar e apoiar pol\u00edticas p\u00fablicas que <strong>humanizam o atendimento e acolhem a diversidade<\/strong>.<\/p>\n","protected":false},"excerpt":{"rendered":"<p>Proposta do vereador Elias Barbosa altera a Lei Municipal 5.973\/2018 e garante atendimento priorit\u00e1rio para autistas e seus respons\u00e1veis em Limeira, al\u00e9m da inclus\u00e3o do s\u00edmbolo mundial do autismo em placas de prioridade.<\/p>\n","protected":false},"author":1,"featured_media":28806,"comment_status":"open","ping_status":"open","sticky":false,"template":"","format":"standard","meta":{"_jetpack_newsletter_access":"","_jetpack_dont_email_post_to_subs":false,"_jetpack_newsletter_tier_id":0,"_jetpack_memberships_contains_paywalled_content":false,"_mbp_banners":[],"_jetpack_feature_clip_id":0,"_jetpack_memberships_contains_paid_content":false,"footnotes":"","jetpack_publicize_message":"","jetpack_publicize_feature_enabled":true,"jetpack_social_post_already_shared":true,"jetpack_social_options":{"image_generator_settings":{"template":"highway","default_image_id":0,"font":"","enabled":false},"version":2},"jetpack_post_was_ever_published":false},"categories":[19],"tags":[],"class_list":["post-28805","post","type-post","status-publish","format-standard","has-post-thumbnail","category-politica"],"jetpack_publicize_connections":[],"jetpack-related-posts":[],"jetpack_shortlink":"https:\/\/wp.me\/p7Eq1F-7uB","jetpack_sharing_enabled":true,"jetpack_featured_media_url":"https:\/\/i0.wp.com\/guialimeira.com.br\/news\/wp-content\/uploads\/2025\/03\/autismo-1.jpg?fit=750%2C450&ssl=1","_links":{"self":[{"href":"https:\/\/guialimeira.com.br\/news\/wp-json\/wp\/v2\/posts\/28805","targetHints":{"allow":["GET"]}}],"collection":[{"href":"https:\/\/guialimeira.com.br\/news\/wp-json\/wp\/v2\/posts"}],"about":[{"href":"https:\/\/guialimeira.com.br\/news\/wp-json\/wp\/v2\/types\/post"}],"author":[{"embeddable":true,"href":"https:\/\/guialimeira.com.br\/news\/wp-json\/wp\/v2\/users\/1"}],"replies":[{"embeddable":true,"href":"https:\/\/guialimeira.com.br\/news\/wp-json\/wp\/v2\/comments?post=28805"}],"version-history":[{"count":1,"href":"https:\/\/guialimeira.com.br\/news\/wp-json\/wp\/v2\/posts\/28805\/revisions"}],"predecessor-version":[{"id":28807,"href":"https:\/\/guialimeira.com.br\/news\/wp-json\/wp\/v2\/posts\/28805\/revisions\/28807"}],"wp:featuredmedia":[{"embeddable":true,"href":"https:\/\/guialimeira.com.br\/news\/wp-json\/wp\/v2\/media\/28806"}],"wp:attachment":[{"href":"https:\/\/guialimeira.com.br\/news\/wp-json\/wp\/v2\/media?parent=28805"}],"wp:term":[{"taxonomy":"category","embeddable":true,"href":"https:\/\/guialimeira.com.br\/news\/wp-json\/wp\/v2\/categories?post=28805"},{"taxonomy":"post_tag","embeddable":true,"href":"https:\/\/guialimeira.com.br\/news\/wp-json\/wp\/v2\/tags?post=28805"}],"curies":[{"name":"wp","href":"https:\/\/api.w.org\/{rel}","templated":true}]}}