{"id":2880,"date":"2024-04-26T00:06:50","date_gmt":"2024-04-26T03:06:50","guid":{"rendered":"https:\/\/guialimeira.com.br\/2024\/04\/26\/prefeitura-homologa-dois-lotes-da-quarta-etapa-dos-servicos-portal-do-municipio-de-piracicaba\/"},"modified":"2024-04-26T00:06:50","modified_gmt":"2024-04-26T03:06:50","slug":"prefeitura-homologa-dois-lotes-da-quarta-etapa-dos-servicos-portal-do-municipio-de-piracicaba","status":"publish","type":"post","link":"https:\/\/guialimeira.com.br\/news\/prefeitura-homologa-dois-lotes-da-quarta-etapa-dos-servicos-portal-do-municipio-de-piracicaba\/","title":{"rendered":"Prefeitura homologa dois lotes da quarta etapa dos servi\u00e7os \u2013 Portal do Munic\u00edpio de Piracicaba"},"content":{"rendered":"<p> <br \/>\n<\/p>\n<div>\n<figure class=\"wp-block-image size-large\"><img data-recalc-dims=\"1\" fetchpriority=\"high\" decoding=\"async\" width=\"696\" height=\"460\" src=\"https:\/\/i0.wp.com\/piracicaba.sp.gov.br\/wp-content\/uploads\/2024\/04\/A-rua-Governador-Pedro-de-Toledo-principal-ponto-comercial-do-centro-da-cidade-sera-recapeada-em-toda-sua-extensao-1024x677.jpg?resize=696%2C460&#038;ssl=1\" alt=\"\" class=\"wp-image-77903\" srcset=\"https:\/\/piracicaba.sp.gov.br\/wp-content\/uploads\/2024\/04\/A-rua-Governador-Pedro-de-Toledo-principal-ponto-comercial-do-centro-da-cidade-sera-recapeada-em-toda-sua-extensao-1024x677.jpg 1024w, https:\/\/piracicaba.sp.gov.br\/wp-content\/uploads\/2024\/04\/A-rua-Governador-Pedro-de-Toledo-principal-ponto-comercial-do-centro-da-cidade-sera-recapeada-em-toda-sua-extensao-300x198.jpg 300w, https:\/\/piracicaba.sp.gov.br\/wp-content\/uploads\/2024\/04\/A-rua-Governador-Pedro-de-Toledo-principal-ponto-comercial-do-centro-da-cidade-sera-recapeada-em-toda-sua-extensao-768x508.jpg 768w, https:\/\/piracicaba.sp.gov.br\/wp-content\/uploads\/2024\/04\/A-rua-Governador-Pedro-de-Toledo-principal-ponto-comercial-do-centro-da-cidade-sera-recapeada-em-toda-sua-extensao-1536x1016.jpg 1536w, https:\/\/piracicaba.sp.gov.br\/wp-content\/uploads\/2024\/04\/A-rua-Governador-Pedro-de-Toledo-principal-ponto-comercial-do-centro-da-cidade-sera-recapeada-em-toda-sua-extensao.jpg 1700w\" sizes=\"(max-width: 1024px) 100vw, 1024px\"\/><figcaption class=\"wp-element-caption\"><strong><em><sub>A rua Governador Pedro de Toledo, principal ponto comercial do centro da cidade, ser\u00e1 recapeada em toda sua extens\u00e3o<\/sub><\/em><\/strong><\/figcaption><\/figure>\n<p>A Prefeitura de Piracicaba, por meio da Secretaria de Obras e Zeladoria (Semozel), homologou dois lotes (B e D) do edital 58\/2023, que integram a quarta etapa do recapeamento asf\u00e1ltico do munic\u00edpio e que atender\u00e1 47 pontos no total, entre ruas e avenidas. Os servi\u00e7os integram o pacote de 258 km de recape anunciado pelo prefeito Luciano Almeida.<\/p>\n<p>O lote B foi arrematado pelo valor de R$ 14,3 milh\u00f5es e a empresa vencedora \u00e9 a Pontuali Construtora e Engenharia Ltda. J\u00e1 o lote D tem investimento de R$ 19.770.346,00, e a empresa ganhadora do certame \u00e9 a Pavinc Construtora e Pavimentadora Ltda.<\/p>\n<p>A escolha dos locais que receber\u00e3o o recape asf\u00e1ltico objetivou priorizar as vias r\u00e1pidas, arteriais e coletoras, que s\u00e3o consideradas de acesso estrat\u00e9gico para a mobilidade urbana da cidade, e onde h\u00e1 intenso fluxo de ve\u00edculos.<\/p>\n<figure class=\"wp-block-image size-large\"><img data-recalc-dims=\"1\" loading=\"lazy\" decoding=\"async\" width=\"696\" height=\"522\" src=\"https:\/\/i0.wp.com\/piracicaba.sp.gov.br\/wp-content\/uploads\/2024\/04\/Rua-Inga-sera-contemplada-na-quarta-etapa-dos-servicos-de-recape-asfaltico-na-cidade-1024x768.jpg?resize=696%2C522&#038;ssl=1\" alt=\"\" class=\"wp-image-77904\" srcset=\"https:\/\/piracicaba.sp.gov.br\/wp-content\/uploads\/2024\/04\/Rua-Inga-sera-contemplada-na-quarta-etapa-dos-servicos-de-recape-asfaltico-na-cidade-1024x768.jpg 1024w, https:\/\/piracicaba.sp.gov.br\/wp-content\/uploads\/2024\/04\/Rua-Inga-sera-contemplada-na-quarta-etapa-dos-servicos-de-recape-asfaltico-na-cidade-300x225.jpg 300w, https:\/\/piracicaba.sp.gov.br\/wp-content\/uploads\/2024\/04\/Rua-Inga-sera-contemplada-na-quarta-etapa-dos-servicos-de-recape-asfaltico-na-cidade-768x576.jpg 768w, https:\/\/piracicaba.sp.gov.br\/wp-content\/uploads\/2024\/04\/Rua-Inga-sera-contemplada-na-quarta-etapa-dos-servicos-de-recape-asfaltico-na-cidade-1536x1152.jpg 1536w, https:\/\/piracicaba.sp.gov.br\/wp-content\/uploads\/2024\/04\/Rua-Inga-sera-contemplada-na-quarta-etapa-dos-servicos-de-recape-asfaltico-na-cidade.jpg 2000w\" sizes=\"auto, (max-width: 1024px) 100vw, 1024px\"\/><figcaption class=\"wp-element-caption\"><strong><em><sub>Rua Ing\u00e1 ser\u00e1 contemplada na quarta etapa dos servi\u00e7os de recape asf\u00e1ltico na cidade<\/sub><\/em><\/strong><\/figcaption><\/figure>\n<p>Entre os pontos que ser\u00e3o atendidos nestes dois lotes est\u00e3o: rua Guerino Lubiani (toda extens\u00e3o), rua Dona Idalina (toda extens\u00e3o), rua Ing\u00e1 (da avenida Raposo Tavares at\u00e9 a avenida Thales Castanho de Andrade), rua Jo\u00e3o Bottene (toda extens\u00e3o), rua Governador Pedro de Toledo (toda extens\u00e3o), rua Riachuelo (toda extens\u00e3o), rua Visconde do Rio Branco (da avenida Antonio Fazanaro at\u00e9 a rua Floriano Peixoto) e avenida Dois C\u00f3rregos (da avenida Alberto Vollet Sachs at\u00e9 a rodovia do A\u00e7\u00facar).<\/p>\n<p>Os servi\u00e7os realizados consistem nas etapas de fresagem, tratamentos e recapeamento das vias, sendo que a fresagem consiste na remo\u00e7\u00e3o do pavimento antigo, em vias com remendos em mau estado, \u00e1reas adjacentes a panelas, \u00e1reas com grande concentra\u00e7\u00e3o de trincas e outros defeitos. J\u00e1 os servi\u00e7os de tratamentos e recapeamento asf\u00e1ltico dever\u00e3o ser executados conforme as espessuras de CBUQ (asfalto) j\u00e1 definidas pelos projetistas como tr\u00e1fego leve e tr\u00e1fego m\u00e9dio, al\u00e9m do trabalho de tratamentos superficiais e profundos que visam a troca da base ou at\u00e9 mesmo sub-base em \u00e1reas de deformidades extremas.<\/p>\n<p>A empresa contratada tamb\u00e9m ser\u00e1 respons\u00e1vel por toda a sinaliza\u00e7\u00e3o e seguran\u00e7a da obra, devendo apresentar projeto de desvio de tr\u00e2nsito local, com prov\u00e1veis rotas de desvio, e sinaliza\u00e7\u00e3o vertical a serem implantadas, al\u00e9m do projeto de implanta\u00e7\u00e3o de sinaliza\u00e7\u00e3o horizontal para rotas de desvio, caso necess\u00e1rio.<\/p>\n<p><strong>QUARTA ETAPA \u2013\u00a0<\/strong>Esta \u00e9 quarta de quatro etapas de recapeamento. As etapas 1, de pavimenta\u00e7\u00e3o em concreto, e 2, de recape asf\u00e1ltico, j\u00e1 est\u00e3o em andamento.<\/p>\n<p>A etapa 3 est\u00e1 em processo licitat\u00f3rio, assim como os dois lotes restantes (A e C) da quarta etapa. Ao todo, os quatro pacotes totalizam aproximadamente 258 km de malha vi\u00e1ria da cidade a receber recape.<\/p>\n<\/div>\n<p><br \/>\n<br \/><a href=\"https:\/\/piracicaba.sp.gov.br\/noticias\/recape-asfaltico-prefeitura-homologa-dois-lotes-da-quarta-etapa-dos-servicos\/\" rel=\"noopener\">Informa\u00e7\u00f5es PMP <\/a><\/p>\n","protected":false},"excerpt":{"rendered":"<p>A rua Governador Pedro de Toledo, principal ponto comercial do centro da cidade, ser\u00e1 recapeada em toda sua extens\u00e3o A Prefeitura de Piracicaba, por meio da Secretaria de Obras e Zeladoria (Semozel), homologou dois lotes (B e D) do edital 58\/2023, que integram a quarta etapa do recapeamento asf\u00e1ltico do munic\u00edpio e que atender\u00e1 47 [&hellip;]<\/p>\n","protected":false},"author":1,"featured_media":2881,"comment_status":"open","ping_status":"open","sticky":false,"template":"","format":"standard","meta":{"_jetpack_newsletter_access":"","_jetpack_dont_email_post_to_subs":false,"_jetpack_newsletter_tier_id":0,"_jetpack_memberships_contains_paywalled_content":false,"_mbp_banners":[],"_jetpack_feature_clip_id":0,"_jetpack_memberships_contains_paid_content":false,"footnotes":"","jetpack_publicize_message":"","jetpack_publicize_feature_enabled":true,"jetpack_social_post_already_shared":true,"jetpack_social_options":{"image_generator_settings":{"template":"highway","default_image_id":0,"font":"","enabled":false},"version":2},"jetpack_post_was_ever_published":false},"categories":[20],"tags":[],"class_list":["post-2880","post","type-post","status-publish","format-standard","has-post-thumbnail","category-regiao"],"jetpack_publicize_connections":[],"jetpack-related-posts":[],"jetpack_shortlink":"https:\/\/wp.me\/p7Eq1F-Ks","jetpack_sharing_enabled":true,"jetpack_featured_media_url":"https:\/\/i0.wp.com\/guialimeira.com.br\/news\/wp-content\/uploads\/2024\/04\/A-rua-Governador-Pedro-de-Toledo-principal-ponto-comercial-do-centro-da-cidade-sera-recapeada-em-toda-sua-extensao-1024x677.jpg?fit=1024%2C677&ssl=1","_links":{"self":[{"href":"https:\/\/guialimeira.com.br\/news\/wp-json\/wp\/v2\/posts\/2880","targetHints":{"allow":["GET"]}}],"collection":[{"href":"https:\/\/guialimeira.com.br\/news\/wp-json\/wp\/v2\/posts"}],"about":[{"href":"https:\/\/guialimeira.com.br\/news\/wp-json\/wp\/v2\/types\/post"}],"author":[{"embeddable":true,"href":"https:\/\/guialimeira.com.br\/news\/wp-json\/wp\/v2\/users\/1"}],"replies":[{"embeddable":true,"href":"https:\/\/guialimeira.com.br\/news\/wp-json\/wp\/v2\/comments?post=2880"}],"version-history":[{"count":0,"href":"https:\/\/guialimeira.com.br\/news\/wp-json\/wp\/v2\/posts\/2880\/revisions"}],"wp:featuredmedia":[{"embeddable":true,"href":"https:\/\/guialimeira.com.br\/news\/wp-json\/wp\/v2\/media\/2881"}],"wp:attachment":[{"href":"https:\/\/guialimeira.com.br\/news\/wp-json\/wp\/v2\/media?parent=2880"}],"wp:term":[{"taxonomy":"category","embeddable":true,"href":"https:\/\/guialimeira.com.br\/news\/wp-json\/wp\/v2\/categories?post=2880"},{"taxonomy":"post_tag","embeddable":true,"href":"https:\/\/guialimeira.com.br\/news\/wp-json\/wp\/v2\/tags?post=2880"}],"curies":[{"name":"wp","href":"https:\/\/api.w.org\/{rel}","templated":true}]}}