{"id":28792,"date":"2025-03-31T18:27:51","date_gmt":"2025-03-31T21:27:51","guid":{"rendered":"https:\/\/guialimeira.com.br\/?p=28792"},"modified":"2025-03-31T18:27:51","modified_gmt":"2025-03-31T21:27:51","slug":"comportamento-em-contexto-escolar-camara-promove-palestra-ministrada-por-especialista-em-tea","status":"publish","type":"post","link":"https:\/\/guialimeira.com.br\/news\/comportamento-em-contexto-escolar-camara-promove-palestra-ministrada-por-especialista-em-tea\/","title":{"rendered":"Comportamento em contexto escolar: C\u00e2mara promove palestra ministrada por especialista em TEA"},"content":{"rendered":"\n<figure class=\"wp-block-gallery has-nested-images columns-default is-cropped wp-block-gallery-1 is-layout-flex wp-block-gallery-is-layout-flex\"><\/figure>\n \r\n<br><img data-recalc-dims=\"1\" decoding=\"async\" src=\"https:\/\/i0.wp.com\/guialimeira.com.br\/wp-content\/uploads\/2025\/03\/2025-03-31_comportamento-em-contexto-escolar-camara-promove-palestra-ministrada-por-especialista-em-.jpeg?w=696&#038;ssl=1\" \/><br><div>\n\t\t\t\t\t<p>Em celebra\u00e7\u00e3o ao Dia Mundial de Conscientiza\u00e7\u00e3o do Autismo, a C\u00e2mara Municipal de Limeira em parceria com a <a href=\"https:\/\/escolalegislativa.limeira.sp.leg.br\/\" rel=\"noopener\">Escola Legislativa<\/a> promove nesta ter\u00e7a-feira, 2 de abril, uma palestra sobre An\u00e1lise Aplicada do Comportamento em Contexto Escolar. As vagas est\u00e3o esgotadas mas \u00e9 poss\u00edvel acompanhar o evento por meio de transmiss\u00e3o realizada pelos canais de comunica\u00e7\u00e3o do Legislativo no <a href=\"https:\/\/www.youtube.com\/user\/camaradelimeira\" rel=\"noopener\">Youtube<\/a>,<a href=\"https:\/\/www.facebook.com\/camaradelimeira\/\" rel=\"noopener\"> Facebook<\/a> e<a href=\"http:\/\/www.limeira.sp.leg.br\/sessoes\/aovivo\" rel=\"noopener\"> site.<\/a><\/p><p>A professora, psic\u00f3loga e mestra em Educa\u00e7\u00e3o Especial pela Universidade da Carolina do Norte, nos Estados Unidos, Maria Elisa Granchi Fonseca \u00e9 a convidada para ministrar a palestra sobre comportamento escolar de crian\u00e7as inseridas no espectro. Maria Elisa estuda sobre autismo desde 1991 e atuou por mais de 30 anos como coordenadora do Centro de Estudos e Desenvolvimento do Autismo e Patologias Associadas (Cedap) da Apae de Pirassununga.\u00a0<\/p><p>O evento atende \u00e0s demandas da <a href=\"https:\/\/legislacao.limeira.sp.leg.br\/limeira-sp?Pagina=1&amp;Pesquisa=Avancada&amp;TipoId=28&amp;Numero=777&amp;Ano=2019&amp;Data=&amp;NumeroFinal=&amp;AnoFinal=&amp;DataFinal=&amp;SituacaoId=0&amp;ClassificacaoId=0&amp;IniciativaTipoId=0&amp;IniciativaEntidadeId=0&amp;EmentaAssunto=&amp;NoTexto=false\" rel=\"noopener\">Resolu\u00e7\u00e3o N\u00b0777\/2019<\/a>, que institui\u00a0 no \u00e2mbito da C\u00e2mara Municipal de Limeira a campanha permanente de conscientiza\u00e7\u00e3o e orienta\u00e7\u00e3o sobre o Transtorno do Espectro Autista (TEA).<\/p><p><strong>Dia Mundial de Conscientiza\u00e7\u00e3o sobre o Autismo<\/strong><\/p><p>O dia 2 de abril foi institu\u00eddo pela Organiza\u00e7\u00e3o das Na\u00e7\u00f5es Unidas (ONU) em 2007 como o Dia Mundial de Conscientiza\u00e7\u00e3o sobre o autismo, com a finalidade de levar informa\u00e7\u00e3o a respeito do TEA \u00e0 sociedade, a fim de reduzir estigmas\u00a0 que cercam o transtorno e as pessoas com defici\u00eancia.<\/p>\t\t\t\t<\/div>\r\n<br>\r\n<br><a href=\"https:\/\/www.limeira.sp.leg.br\/noticias\/view\/2025-03-31_comportamento-em-contexto-escolar-camara-promove-palestra-ministrada-por-especialista-em-tea\" rel=\"noopener\">Informa\u00e7\u00f5es CML <\/a>","protected":false},"excerpt":{"rendered":"<p>Em celebra\u00e7\u00e3o ao Dia Mundial de Conscientiza\u00e7\u00e3o do Autismo, a C\u00e2mara Municipal de Limeira em parceria com a Escola Legislativa promove nesta ter\u00e7a-feira, 2 de abril, uma palestra sobre An\u00e1lise Aplicada do Comportamento em Contexto Escolar. As vagas est\u00e3o esgotadas mas \u00e9 poss\u00edvel acompanhar o evento por meio de transmiss\u00e3o realizada pelos canais de comunica\u00e7\u00e3o [&hellip;]<\/p>\n","protected":false},"author":1,"featured_media":28793,"comment_status":"open","ping_status":"open","sticky":false,"template":"","format":"standard","meta":{"_jetpack_newsletter_access":"","_jetpack_dont_email_post_to_subs":false,"_jetpack_newsletter_tier_id":0,"_jetpack_memberships_contains_paywalled_content":false,"_mbp_banners":[],"_jetpack_feature_clip_id":0,"_jetpack_memberships_contains_paid_content":false,"footnotes":"","jetpack_publicize_message":"","jetpack_publicize_feature_enabled":true,"jetpack_social_post_already_shared":true,"jetpack_social_options":{"image_generator_settings":{"template":"highway","default_image_id":0,"font":"","enabled":false},"version":2},"jetpack_post_was_ever_published":false},"categories":[19],"tags":[],"class_list":["post-28792","post","type-post","status-publish","format-standard","has-post-thumbnail","category-politica"],"jetpack_publicize_connections":[],"jetpack-related-posts":[],"jetpack_shortlink":"https:\/\/wp.me\/p7Eq1F-7uo","jetpack_sharing_enabled":true,"jetpack_featured_media_url":"https:\/\/i0.wp.com\/guialimeira.com.br\/news\/wp-content\/uploads\/2025\/03\/Comportamento-em-contexto-escolar-Camara-promove-palestra-ministrada-por-especialista.jpeg?fit=1280%2C640&ssl=1","_links":{"self":[{"href":"https:\/\/guialimeira.com.br\/news\/wp-json\/wp\/v2\/posts\/28792","targetHints":{"allow":["GET"]}}],"collection":[{"href":"https:\/\/guialimeira.com.br\/news\/wp-json\/wp\/v2\/posts"}],"about":[{"href":"https:\/\/guialimeira.com.br\/news\/wp-json\/wp\/v2\/types\/post"}],"author":[{"embeddable":true,"href":"https:\/\/guialimeira.com.br\/news\/wp-json\/wp\/v2\/users\/1"}],"replies":[{"embeddable":true,"href":"https:\/\/guialimeira.com.br\/news\/wp-json\/wp\/v2\/comments?post=28792"}],"version-history":[{"count":1,"href":"https:\/\/guialimeira.com.br\/news\/wp-json\/wp\/v2\/posts\/28792\/revisions"}],"predecessor-version":[{"id":28794,"href":"https:\/\/guialimeira.com.br\/news\/wp-json\/wp\/v2\/posts\/28792\/revisions\/28794"}],"wp:featuredmedia":[{"embeddable":true,"href":"https:\/\/guialimeira.com.br\/news\/wp-json\/wp\/v2\/media\/28793"}],"wp:attachment":[{"href":"https:\/\/guialimeira.com.br\/news\/wp-json\/wp\/v2\/media?parent=28792"}],"wp:term":[{"taxonomy":"category","embeddable":true,"href":"https:\/\/guialimeira.com.br\/news\/wp-json\/wp\/v2\/categories?post=28792"},{"taxonomy":"post_tag","embeddable":true,"href":"https:\/\/guialimeira.com.br\/news\/wp-json\/wp\/v2\/tags?post=28792"}],"curies":[{"name":"wp","href":"https:\/\/api.w.org\/{rel}","templated":true}]}}