{"id":28786,"date":"2025-03-31T17:49:03","date_gmt":"2025-03-31T20:49:03","guid":{"rendered":"https:\/\/guialimeira.com.br\/?p=28786"},"modified":"2025-03-31T17:49:03","modified_gmt":"2025-03-31T20:49:03","slug":"ameacas-insistem-em-sobreviver-diz-lula-sobre-golpe-de-64","status":"publish","type":"post","link":"https:\/\/guialimeira.com.br\/news\/ameacas-insistem-em-sobreviver-diz-lula-sobre-golpe-de-64\/","title":{"rendered":"Amea\u00e7as \u201cinsistem em sobreviver\u201d, diz Lula sobre golpe de 64"},"content":{"rendered":"\n<figure class=\"wp-block-gallery has-nested-images columns-default is-cropped wp-block-gallery-1 is-layout-flex wp-block-gallery-is-layout-flex\">\n<figure class=\"wp-block-image size-large\"><\/figure>\n\t\t\t\t\t\n<figure class=\"wp-block-image size-large\"><img loading=\"lazy\" decoding=\"async\" width=\"1\" height=\"1\" data-attachment-id=\"28785\" data-permalink=\"https:\/\/guialimeira.com.br\/news\/ameacas-insistem-em-sobreviver-diz-lula-sobre-golpe-de-64-2\/\" data-orig-file=\"https:\/\/i0.wp.com\/guialimeira.com.br\/news\/wp-content\/uploads\/2025\/03\/1743454140_176_ebc.gif?fit=1%2C1&amp;ssl=1\" data-orig-size=\"1,1\" data-comments-opened=\"1\" data-image-meta=\"{&quot;aperture&quot;:&quot;0&quot;,&quot;credit&quot;:&quot;&quot;,&quot;camera&quot;:&quot;&quot;,&quot;caption&quot;:&quot;&quot;,&quot;created_timestamp&quot;:&quot;0&quot;,&quot;copyright&quot;:&quot;&quot;,&quot;focal_length&quot;:&quot;0&quot;,&quot;iso&quot;:&quot;0&quot;,&quot;shutter_speed&quot;:&quot;0&quot;,&quot;title&quot;:&quot;&quot;,&quot;orientation&quot;:&quot;0&quot;}\" data-image-title=\"Amea\u00e7as \u201cinsistem em sobreviver\u201d, diz Lula sobre golpe de 64\" data-image-description=\"\" data-image-caption=\"\" data-large-file=\"https:\/\/i0.wp.com\/guialimeira.com.br\/news\/wp-content\/uploads\/2025\/03\/1743454140_176_ebc.gif?fit=1%2C1&amp;ssl=1\" data-id=\"28785\" src=\"https:\/\/i0.wp.com\/guialimeira.com.br\/wp-content\/uploads\/2025\/03\/1743454140_176_ebc.gif?resize=1%2C1&amp;ssl=1\" alt=\"\" class=\"wp-image-28785\" \/><\/figure>\n\t\t\t\t\t<\/figure>\n \r\n<br><div>\n                    <p>O presidente Luiz In\u00e1cio Lula da Silva afirmou, nesta segunda-feira (31), que amea\u00e7as autorit\u00e1rias, \u201cinfelizmente, ainda insistem em sobreviver\u201d. Em <strong><a href=\"https:\/\/x.com\/lulaoficial\/status\/1906726643181244467?s=48\" target=\"_blank\">publica\u00e7\u00e3o nas redes sociais<\/a><\/strong>, alusiva ao golpe civil-militar de 1964, <strong>Lula refor\u00e7ou a import\u00e2ncia da defesa da democracia<\/strong>, dos direitos humanos e da soberania do povo para escolher seus l\u00edderes por meio do voto.<img data-recalc-dims=\"1\" decoding=\"async\" src=\"https:\/\/i0.wp.com\/guialimeira.com.br\/wp-content\/uploads\/2025\/03\/1743454140_242_ebc.png?w=696&#038;ssl=1\" style=\"width:1px;height:1px\" \/><img data-recalc-dims=\"1\" decoding=\"async\" src=\"https:\/\/i0.wp.com\/guialimeira.com.br\/wp-content\/uploads\/2025\/03\/1743454140_176_ebc.gif?w=696&#038;ssl=1\" style=\"width:1px;height:1px\" \/><\/p>\n\n<blockquote>\n<p>\u201cN\u00e3o existe, fora da democracia, caminhos para que o Brasil seja um pa\u00eds mais justo e menos desigual. N\u00e3o existe um verdadeiro desenvolvimento inclusivo sem que a voz do povo seja ouvida e respeitada. N\u00e3o existe justi\u00e7a sem a garantia de que as institui\u00e7\u00f5es sejam s\u00f3lidas, harm\u00f4nicas e independentes\u201d, escreveu.<\/p>\n<\/blockquote>\n\n<p>O golpe civil-militar de 1964, que completa 61 anos nesta ter\u00e7a\u00a0(1\u00ba), marcou o in\u00edcio de uma ditadura comandada por generais no Brasil que durou 21 anos, <strong>per\u00edodo no qual elei\u00e7\u00f5es diretas foram suspensas e a liberdade de express\u00e3o e oposi\u00e7\u00e3o pol\u00edtica restringidas.<\/strong><\/p>\n\n<blockquote>\n<p>\u201cNosso povo, com muita luta, superou os per\u00edodos sombrios de sua hist\u00f3ria. H\u00e1 40 anos, vivemos em um regime democr\u00e1tico e de liberdades, que se tornou ainda mais forte e vivo com a Constitui\u00e7\u00e3o Federal de 1988. Esta \u00e9 uma trajet\u00f3ria que, tenho certeza, continuaremos seguindo. Sem nunca retroceder\u201d, acrescentou o presidente.<\/p>\n<\/blockquote>\n\n<p>No ano passado, o <strong>Supremo Tribunal Federal (STF) julgou ser inconstitucional <\/strong><a href=\"https:\/\/agenciabrasil.ebc.com.br\/justica\/noticia\/2024-09\/stf-veta-recursos-publicos-para-promocao-do-golpe-militar-de-1964\" target=\"_blank\" rel=\"noopener\"><strong>empregar dinheiro p\u00fablico para comemorar o golpe militar de 1964<\/strong><\/a>. Hoje, a Corte publicou, em seus perfis oficiais nas redes sociais, uma <a href=\"https:\/\/agenciabrasil.ebc.com.br\/justica\/noticia\/2025-03\/stf-publica-mensagem-sobre-golpe-de-1964-lembrar-para-nao-repetir\" target=\"_blank\" rel=\"noopener\">mensagem sobre o golpe, que deve ser lembrado \u201cpara que nunca se repita\u201d<\/a>, diz o texto.<\/p>\n\n<p>No dia 18 de mar\u00e7o, o <strong>Senado Federal <\/strong>tamb\u00e9m realizou <a href=\"https:\/\/agenciabrasil.ebc.com.br\/politica\/noticia\/2025-03\/em-meio-ao-pl-da-Anistia-senado-homenageia-redemocratizacao-do-brasil\" target=\"_blank\" rel=\"noopener\">sess\u00e3o solene para lembrar os 40 anos da redemocratiza\u00e7\u00e3o do pa\u00eds<\/a>, com uma homenagem ao ex-presidente Jos\u00e9 Sarney, o primeiro presidente do Brasil ap\u00f3s o fim da ditadura, que prevaleceu entre 1964 e 1985. Na ocasi\u00e3o, o <strong>presidente do Senado, Davi Alcolumbre, destacou que o evento no Plen\u00e1rio firma o compromisso da Casa com a democracia.<\/strong><\/p>\n\n<h2>Anistia<\/h2>\n\n<p>Em publica\u00e7\u00e3o nas <strong>redes socias<\/strong>, a ministra de Rela\u00e7\u00f5es Institucionais, Gleisi Hoffmann, lembrou que, no per\u00edodo da ditadura, direitos e garantias foram cerceadas e opositores ao regime militar foram presos, perseguidos e mortos.\u00a0<strong>\u201cForam mais de duas d\u00e9cadas de resist\u00eancia e sacrif\u00edcio para a restaura\u00e7\u00e3o da democracia\u201d, escreveu, defendendo que n\u00e3o haja anistia para quem, hoje, atenta contra a democracia.<\/strong><\/p>\n\n<blockquote>\n<p>\u201c\u00c9 importante recordar esse per\u00edodo nos dias de hoje, em que est\u00e3o sendo levados a julgamento os comandantes de uma nova tentativa de golpe, incluindo um ex-presidente da Rep\u00fablica tornado r\u00e9u. A responsabiliza\u00e7\u00e3o penal dos golpistas, na vig\u00eancia plena do estado de direito e das garantias constitucionais que tentaram abolir, \u00e9 um dever hist\u00f3rico em defesa da democracia, hoje e para sempre\u201d, destacou a ministra.<\/p>\n<\/blockquote>\n\n<p>Na semana passada, o <a href=\"https:\/\/agenciabrasil.ebc.com.br\/justica\/noticia\/2025-03\/por-unanimidade-turma-do-stf-torna-bolsonaro-e-mais-7-reus-por-golpe\" target=\"_blank\" rel=\"noopener\">STF abriu a a\u00e7\u00e3o penal contra o ex-presidente Jair Bolsonaro<\/a> e mais sete aliados, denunciados pela Procuradoria-Geral da Rep\u00fablica (PGR), por tentativa de golpe de Estado. O <strong>plano teria sido colocado em pr\u00e1tica entre os anos de 2021 e 2023 e culminado com os ataques \u00e0s sedes dos Tr\u00eas Poderes, em Bras\u00edlia, em 8 de janeiro de 2023.<\/strong><\/p>\n\n<p>Mesmo antes da abertura da a\u00e7\u00e3o, aliados do ex-presidente Bolsonaro j\u00e1 articulavam no Congresso um projeto de lei que concede <strong>anistia aos golpistas condenados pelo 8 de janeiro<\/strong>, com a extin\u00e7\u00e3o das puni\u00e7\u00f5es. Juristas ouvidos pela <strong>Ag\u00eancia Brasil <\/strong>consideram que anistiar crimes contra a democracia \u00e9 preocupante.<\/p>\n\n<blockquote>\n<p>O ministro da Casa Civil, Rui Costa, tamb\u00e9m se posicionou contra a anistia e afirmou que \u00e9 preciso relembrar os eventos da ditadura \u201cpara n\u00e3o repetir\u201d. \u201cO Golpe Militar aconteceu h\u00e1 61 anos, mas hoje ainda precisamos lutar firmemente em defesa da democracia, contra o extremismo e pela justi\u00e7a. Ditadura nunca mais. Democracia sempre. Sem anistia\u201d, escreveu em postagem nas redes.<\/p>\n<\/blockquote>\n\n<p>No m\u00eas passado, o <a href=\"https:\/\/agenciabrasil.ebc.com.br\/justica\/noticia\/2025-02\/supremo-decide-que-vai-julgar-validade-da-lei-de-anistia\" target=\"_blank\" rel=\"noopener\">STF tamb\u00e9m decidiu, por unanimidade, que ir\u00e1 rever seu entendimento sobre a Lei da Anistia<\/a>, sancionada em 1979 pelo general <strong>Jo\u00e3o Baptista Figueiredo, \u00faltimo ditador do regime militar<\/strong>. Os ministros dever\u00e3o discutir se a anistia ampla e irrestrita, conforme determinada pela lei, se aplica a casos de crimes continuados como o de sequestro e oculta\u00e7\u00e3o de cad\u00e1ver.<\/p>\n\n<p>A reabertura da discuss\u00e3o sobre a <strong>Lei da Anistia <\/strong>foi feita nos recursos que tratam da Guerrilha do Araguaia, maior movimento armado de resist\u00eancia rural ao regime militar, e sobre o <a href=\"https:\/\/agenciabrasil.ebc.com.br\/direitos-humanos\/noticia\/2025-03\/ato-no-rio-homenageia-memoria-de-rubens-paiva-e-torturados-politicos\" target=\"_blank\" rel=\"noopener\">desaparecimento do deputado Rubens Paiva<\/a>, que foi sequestrado e morto por agentes da ditadura.<\/p>\n\n      <!-- Relacionada -->\n              \n            <!-- Relacionada -->\n    <\/div>\r\n<br>\r\n<br><a href=\"https:\/\/agenciabrasil.ebc.com.br\/politica\/noticia\/2025-03\/ameacas-insistem-em-sobreviver-diz-lula-sobre-golpe-de-64\" rel=\"noopener\">Ag\u00eancia Brasil<\/a>","protected":false},"excerpt":{"rendered":"<p>O presidente Luiz In\u00e1cio Lula da Silva afirmou, nesta segunda-feira (31), que amea\u00e7as autorit\u00e1rias, \u201cinfelizmente, ainda insistem em sobreviver\u201d. Em publica\u00e7\u00e3o nas redes sociais, alusiva ao golpe civil-militar de 1964, Lula refor\u00e7ou a import\u00e2ncia da defesa da democracia, dos direitos humanos e da soberania do povo para escolher seus l\u00edderes por meio do voto. \u201cN\u00e3o [&hellip;]<\/p>\n","protected":false},"author":1,"featured_media":28787,"comment_status":"open","ping_status":"open","sticky":false,"template":"","format":"standard","meta":{"_jetpack_newsletter_access":"","_jetpack_dont_email_post_to_subs":false,"_jetpack_newsletter_tier_id":0,"_jetpack_memberships_contains_paywalled_content":false,"_mbp_banners":[],"_jetpack_feature_clip_id":0,"_jetpack_memberships_contains_paid_content":false,"footnotes":"","jetpack_publicize_message":"","jetpack_publicize_feature_enabled":true,"jetpack_social_post_already_shared":true,"jetpack_social_options":{"image_generator_settings":{"template":"highway","default_image_id":0,"font":"","enabled":false},"version":2},"jetpack_post_was_ever_published":false},"categories":[19],"tags":[],"class_list":["post-28786","post","type-post","status-publish","format-standard","has-post-thumbnail","category-politica"],"jetpack_publicize_connections":[],"jetpack-related-posts":[],"jetpack_shortlink":"https:\/\/wp.me\/p7Eq1F-7ui","jetpack_sharing_enabled":true,"jetpack_featured_media_url":"https:\/\/i0.wp.com\/guialimeira.com.br\/news\/wp-content\/uploads\/2025\/03\/Ameacas-insistem-em-sobreviver-diz-Lula-sobre-golpe-de-64.jpg?fit=1600%2C800&ssl=1","_links":{"self":[{"href":"https:\/\/guialimeira.com.br\/news\/wp-json\/wp\/v2\/posts\/28786","targetHints":{"allow":["GET"]}}],"collection":[{"href":"https:\/\/guialimeira.com.br\/news\/wp-json\/wp\/v2\/posts"}],"about":[{"href":"https:\/\/guialimeira.com.br\/news\/wp-json\/wp\/v2\/types\/post"}],"author":[{"embeddable":true,"href":"https:\/\/guialimeira.com.br\/news\/wp-json\/wp\/v2\/users\/1"}],"replies":[{"embeddable":true,"href":"https:\/\/guialimeira.com.br\/news\/wp-json\/wp\/v2\/comments?post=28786"}],"version-history":[{"count":1,"href":"https:\/\/guialimeira.com.br\/news\/wp-json\/wp\/v2\/posts\/28786\/revisions"}],"predecessor-version":[{"id":28788,"href":"https:\/\/guialimeira.com.br\/news\/wp-json\/wp\/v2\/posts\/28786\/revisions\/28788"}],"wp:featuredmedia":[{"embeddable":true,"href":"https:\/\/guialimeira.com.br\/news\/wp-json\/wp\/v2\/media\/28787"}],"wp:attachment":[{"href":"https:\/\/guialimeira.com.br\/news\/wp-json\/wp\/v2\/media?parent=28786"}],"wp:term":[{"taxonomy":"category","embeddable":true,"href":"https:\/\/guialimeira.com.br\/news\/wp-json\/wp\/v2\/categories?post=28786"},{"taxonomy":"post_tag","embeddable":true,"href":"https:\/\/guialimeira.com.br\/news\/wp-json\/wp\/v2\/tags?post=28786"}],"curies":[{"name":"wp","href":"https:\/\/api.w.org\/{rel}","templated":true}]}}