{"id":28776,"date":"2025-03-31T17:26:38","date_gmt":"2025-03-31T20:26:38","guid":{"rendered":"https:\/\/guialimeira.com.br\/?p=28776"},"modified":"2025-03-31T17:26:38","modified_gmt":"2025-03-31T20:26:38","slug":"costa-junior-solicita-ponto-de-apoio-da-guarda-civil-municipal-na-zona-rural-de-limeira","status":"publish","type":"post","link":"https:\/\/guialimeira.com.br\/news\/costa-junior-solicita-ponto-de-apoio-da-guarda-civil-municipal-na-zona-rural-de-limeira\/","title":{"rendered":"Costa J\u00fanior solicita ponto de apoio da Guarda Civil Municipal na zona rural de Limeira"},"content":{"rendered":"\n<figure class=\"wp-block-gallery has-nested-images columns-default is-cropped wp-block-gallery-1 is-layout-flex wp-block-gallery-is-layout-flex\"><\/figure>\n \r\n<br><img data-recalc-dims=\"1\" decoding=\"async\" src=\"https:\/\/i0.wp.com\/guialimeira.com.br\/wp-content\/uploads\/2025\/03\/2025-03-31_costa-junior-solicita-ponto-de-apoio-da-guarda-civil-municipal-na-zona-rural-de-limeira_1.jpeg?w=696&#038;ssl=1\" \/><br><div>\n\t\t\t\t\t<p>O vereador Costa J\u00fanior (Podemos) apresentou o <a href=\"https:\/\/consulta.limeira.sp.leg.br\/Documentos\/Documento\/370652\" rel=\"noopener\">Requerimento N \u00b0 192\/2025<\/a>, para ser lido durante a sess\u00e3o desta segunda-feira, 31 de mar\u00e7o, a fim de ser encaminhado \u00e0 Prefeitura de Limeira para a cria\u00e7\u00e3o de um ponto de apoio da Guarda Civil Municipal (GCM) na zona rural do munic\u00edpio. A iniciativa visa aumentar a seguran\u00e7a nas \u00e1reas mais afastadas e garantir que os moradores e trabalhadores rurais tenham um atendimento mais \u00e1gil e eficaz em situa\u00e7\u00f5es de emerg\u00eancia.<\/p><p>O proponente declarou que, com o objetivo de combater a criminalidade e proporcionar um ambiente mais seguro para a popula\u00e7\u00e3o rural, o ponto de apoio da GCM seria uma medida importante para estreitar a presen\u00e7a da seguran\u00e7a p\u00fablica no campo, oferecendo uma resposta r\u00e1pida e eficiente a qualquer tipo de ocorr\u00eancia.\u00a0<\/p><p>\u201cSabemos que a seguran\u00e7a p\u00fablica \u00e9 um direito fundamental de todos os cidad\u00e3os. A zona rural de Limeira, por sua caracter\u00edstica geogr\u00e1fica e dist\u00e2ncias, enfrenta desafios maiores em rela\u00e7\u00e3o ao tempo de resposta das autoridades. Com a implanta\u00e7\u00e3o deste ponto de apoio, poderemos garantir uma presen\u00e7a constante da Guarda Civil Municipal, promovendo a tranquilidade e a prote\u00e7\u00e3o dos nossos moradores\u201d, afirmou o parlamentar.<\/p><p>Quando encaminhada ao Executivo, a proposta deve ser analisada e pode gerar poss\u00edveis a\u00e7\u00f5es para a implementa\u00e7\u00e3o do ponto de apoio na regi\u00e3o rural.<\/p><p><i>Do Gabinete Parlamentar \u2013 Vereador\u00a0 Vicente Soares da Costa Junior (Podemos)<\/i><\/p><p><strong>As mat\u00e9rias de origem dos Gabinetes Parlamentares s\u00e3o de inteira\u00a0 responsabilidade dos parlamentares e de suas assessorias. S\u00e3o devidamente assinadas e n\u00e3o refletem, necessariamente, a opini\u00e3o institucional da C\u00e2mara Municipal de Limeira.<\/strong><\/p><p>\u00a0<\/p>\t\t\t\t<\/div>\r\n<br>\r\n<br><a href=\"https:\/\/www.limeira.sp.leg.br\/noticias\/view\/2025-03-31_costa-junior-solicita-ponto-de-apoio-da-guarda-civil-municipal-na-zona-rural-de-limeira\" rel=\"noopener\">Informa\u00e7\u00f5es CML <\/a>","protected":false},"excerpt":{"rendered":"<p>O vereador Costa J\u00fanior (Podemos) apresentou o Requerimento N \u00b0 192\/2025, para ser lido durante a sess\u00e3o desta segunda-feira, 31 de mar\u00e7o, a fim de ser encaminhado \u00e0 Prefeitura de Limeira para a cria\u00e7\u00e3o de um ponto de apoio da Guarda Civil Municipal (GCM) na zona rural do munic\u00edpio. A iniciativa visa aumentar a seguran\u00e7a [&hellip;]<\/p>\n","protected":false},"author":1,"featured_media":28777,"comment_status":"open","ping_status":"open","sticky":false,"template":"","format":"standard","meta":{"_jetpack_newsletter_access":"","_jetpack_dont_email_post_to_subs":false,"_jetpack_newsletter_tier_id":0,"_jetpack_memberships_contains_paywalled_content":false,"_mbp_banners":[],"_jetpack_feature_clip_id":0,"_jetpack_memberships_contains_paid_content":false,"footnotes":"","jetpack_publicize_message":"","jetpack_publicize_feature_enabled":true,"jetpack_social_post_already_shared":true,"jetpack_social_options":{"image_generator_settings":{"template":"highway","default_image_id":0,"font":"","enabled":false},"version":2},"jetpack_post_was_ever_published":false},"categories":[19],"tags":[],"class_list":["post-28776","post","type-post","status-publish","format-standard","has-post-thumbnail","category-politica"],"jetpack_publicize_connections":[],"jetpack-related-posts":[],"jetpack_shortlink":"https:\/\/wp.me\/p7Eq1F-7u8","jetpack_sharing_enabled":true,"jetpack_featured_media_url":"https:\/\/i0.wp.com\/guialimeira.com.br\/news\/wp-content\/uploads\/2025\/03\/Costa-Junior-solicita-ponto-de-apoio-da-Guarda-Civil-Municipal.jpeg?fit=1280%2C640&ssl=1","_links":{"self":[{"href":"https:\/\/guialimeira.com.br\/news\/wp-json\/wp\/v2\/posts\/28776","targetHints":{"allow":["GET"]}}],"collection":[{"href":"https:\/\/guialimeira.com.br\/news\/wp-json\/wp\/v2\/posts"}],"about":[{"href":"https:\/\/guialimeira.com.br\/news\/wp-json\/wp\/v2\/types\/post"}],"author":[{"embeddable":true,"href":"https:\/\/guialimeira.com.br\/news\/wp-json\/wp\/v2\/users\/1"}],"replies":[{"embeddable":true,"href":"https:\/\/guialimeira.com.br\/news\/wp-json\/wp\/v2\/comments?post=28776"}],"version-history":[{"count":1,"href":"https:\/\/guialimeira.com.br\/news\/wp-json\/wp\/v2\/posts\/28776\/revisions"}],"predecessor-version":[{"id":28778,"href":"https:\/\/guialimeira.com.br\/news\/wp-json\/wp\/v2\/posts\/28776\/revisions\/28778"}],"wp:featuredmedia":[{"embeddable":true,"href":"https:\/\/guialimeira.com.br\/news\/wp-json\/wp\/v2\/media\/28777"}],"wp:attachment":[{"href":"https:\/\/guialimeira.com.br\/news\/wp-json\/wp\/v2\/media?parent=28776"}],"wp:term":[{"taxonomy":"category","embeddable":true,"href":"https:\/\/guialimeira.com.br\/news\/wp-json\/wp\/v2\/categories?post=28776"},{"taxonomy":"post_tag","embeddable":true,"href":"https:\/\/guialimeira.com.br\/news\/wp-json\/wp\/v2\/tags?post=28776"}],"curies":[{"name":"wp","href":"https:\/\/api.w.org\/{rel}","templated":true}]}}