{"id":28730,"date":"2025-03-31T10:07:27","date_gmt":"2025-03-31T13:07:27","guid":{"rendered":"https:\/\/guialimeira.com.br\/2025\/03\/31\/medicamentos-tem-menor-reajuste-medio-desde-2018\/"},"modified":"2025-03-31T10:07:27","modified_gmt":"2025-03-31T13:07:27","slug":"medicamentos-tem-menor-reajuste-medio-desde-2018","status":"publish","type":"post","link":"https:\/\/guialimeira.com.br\/news\/medicamentos-tem-menor-reajuste-medio-desde-2018\/","title":{"rendered":"Medicamentos t\u00eam menor reajuste m\u00e9dio desde 2018"},"content":{"rendered":"<p> <br \/>\n<\/p>\n<div>\n<p>Os medicamentos ter\u00e3o o menor reajuste m\u00e9dio desde 2018, conforme a resolu\u00e7\u00e3o da C\u00e2mara de Regula\u00e7\u00e3o do Mercado de Medicamentos (Cmed), publicada nesta segunda-feira (31) no <a href=\"https:\/\/www.in.gov.br\/en\/web\/dou\/-\/resolucao-cm-cmed-n-1-de-28-de-marco-de-2025-620757732\" target=\"_blank\" rel=\"noopener\"><em>Di\u00e1rio Oficial da Uni\u00e3o<\/em><\/a>. Embora o <strong>teto de reajuste tenha ficado em 5,06%, equivalente \u00e0 infla\u00e7\u00e3o oficial acumulada em 12 meses, <\/strong>esse<strong> percentual s\u00f3 incidir\u00e1 sobre cerca de 7% dos rem\u00e9dios.<\/strong><img data-recalc-dims=\"1\" decoding=\"async\" src=\"https:\/\/i0.wp.com\/agenciabrasil.ebc.com.br\/ebc.png?w=696&#038;ssl=1\" style=\"width:1px; height:1px; display:inline;\"\/><img data-recalc-dims=\"1\" decoding=\"async\" src=\"https:\/\/i0.wp.com\/agenciabrasil.ebc.com.br\/ebc.gif?w=696&#038;ssl=1\" style=\"width:1px; height:1px; display:inline;\"\/><\/p>\n<p>O <strong>aumento n\u00e3o \u00e9 autom\u00e1tico e depende de as empresas farmac\u00eauticas enviar o relat\u00f3rio de comercializa\u00e7\u00e3o \u00e0 CMED.<\/strong> Ap\u00f3s essa fase, o <strong>reajuste na pr\u00e1tica s\u00f3 \u00e9 cobrado \u00e0 medida que os estoques das farm\u00e1cias forem repostos.<\/strong><\/p>\n<p>Como todos os anos, a <strong>resolu\u00e7\u00e3o da Cmed divide os medicamentos em tr\u00eas n\u00edveis de reajuste<\/strong>, conforme o grau de concorr\u00eancia. Os percentuais s\u00e3o os seguintes:<\/p>\n<p>\u2022 \u00a0 \u00a0 \u00a0N\u00edvel 1: 5,06%;<\/p>\n<p>\u2022 \u00a0 \u00a0 \u00a0N\u00edvel 2: 3,83%;<\/p>\n<p>\u2022 \u00a0 \u00a0 \u00a0N\u00edvel 3: 2,6%.<\/p>\n<p>Os <strong>rem\u00e9dios do n\u00edvel 1, no entanto, s\u00f3 representam 7,8% do total de medicamentos. O n\u00edvel 2 corresponde a 15%. O n\u00edvel 3 representa 77,2%.<\/strong><\/p>\n<p>Ao considerar a s\u00e9rie hist\u00f3rica, os <strong>percentuais de aumento para os rem\u00e9dios de n\u00edvel 2 e 3 s\u00e3o os mais baixos desde 2018, quando o n\u00edvel 2 ficou em 2,47% e o n\u00edvel 3, em 2,09%.<\/strong> Em rela\u00e7\u00e3o aos medicamentos de n\u00edvel 1, o aumento de 5,06% \u00e9 superior ao reajuste de 4,5% de 2024, mas inferior \u00e0 alta de 5,6% em 2023.<\/p>\n<h2>Entenda o c\u00e1lculo<\/h2>\n<p>O aumento nos pre\u00e7os de medicamento ocorre sempre em 31 de mar\u00e7o de cada ano. A <a href=\"https:\/\/www.planalto.gov.br\/ccivil_03\/Leis\/2003\/L10.742.htm\" target=\"_blank\" rel=\"noopener\">pr\u00e1tica \u00e9 regulamentada pela Lei 10.742\/2003<\/a>, que estabelece as diretrizes para a regula\u00e7\u00e3o de pre\u00e7os.<\/p>\n<p>Para calcular o reajuste dos medicamentos, a Cmed considera primeiramente a <strong>infla\u00e7\u00e3o oficial pelo \u00cdndice Nacional de Pre\u00e7os ao Consumidor Amplo (IPCA) acumulado de mar\u00e7o do ano anterior a fevereiro do ano atual. <\/strong>Para chegar aos tr\u00eas n\u00edveis de reajuste, o \u00f3rg\u00e3o pega o IPCA e considera os seguintes par\u00e2metros:<\/p>\n<p>\u2022 \u00a0 \u00a0 subtra\u00e7\u00e3o de um fator de produtividade (fator X);<\/p>\n<p>\u2022 \u00a0 \u00a0 acr\u00e9scimo de fator de ajuste de pre\u00e7os relativos entre setores (fator Y);<\/p>\n<p>\u2022 \u00a0 \u00a0 acr\u00e9scimo de fator de ajuste com base na concorr\u00eancia dentro de um mesmo setor (fator Z), que mant\u00e9m, reduz ou anula o desconto no fator X.<\/p>\n<p>Divulgado todos os anos por meio de nota t\u00e9cnica, o <strong>fator de produtividade \u00e9 estabelecido com base em proje\u00e7\u00f5es de ganhos de produtividade da ind\u00fastria farmac\u00eautica.<\/strong> Se houver <strong>previs\u00e3o de queda no \u00cdndice de Produtividade do Trabalho do Setor Farmac\u00eautico, o fator X deve ser igual a zero.<\/strong><\/p>\n<p>O <strong>fator Y representa custos de produ\u00e7\u00e3o n\u00e3o medidos pelo IPCA<\/strong>, como <strong>tarifas de energia, varia\u00e7\u00e3o cambial e pre\u00e7os de insumos<\/strong>. O <strong>fator Z corresponde a concorr\u00eancia e custos n\u00e3o capitados pelo IPCA espec\u00edficos de um setor.<\/strong><\/p>\n<p>O <strong>percentual de reajuste de cada medicamento \u00e9 calculado pegando o IPCA em 12 meses at\u00e9 fevereiro (5,06% em 2025)<\/strong>, subtraindo o fator X e somando os fatores Y e Z. <strong>Caso o fator X fique em zero, o fator Z tamb\u00e9m ser\u00e1 zero.<\/strong><\/p>\n<p>No fim de janeiro, a <strong>Cmed j\u00e1 divulgou que houve ganho de produtividade de 2,459% de 2024 para 2025<\/strong>. No fim de fevereiro, o \u00f3rg\u00e3o informou que o fator Y ficou negativo em -0,70904 e, portanto, ficar\u00e1 em 0 para este ano.<\/p>\n<p>Usado para classificar <strong>os medicamentos em n\u00edveis 1, 2 e 3, o n\u00edvel Z \u00e9 definido da seguinte forma:<\/strong><\/p>\n<p>\u2022 \u00a0 \u00a0 N\u00edvel 1: medicamentos em mercados mais competitivos e sem desconto do Fator X;<\/p>\n<p>\u2022 \u00a0 \u00a0 N\u00edvel 2: medicamentos em mercados moderadamente concentrados, com desconto de 50% do Fator X;<\/p>\n<p>\u2022 \u00a0 \u00a0 N\u00edvel 3: medicamentos em mercados muito concentrados, com desconto integral do Fator X.<\/p>\n<p>\u00a0<\/p>\n<p>      <!-- Relacionada --><\/p>\n<p>            <!-- Relacionada -->\n    <\/div>\n<p><br \/>\n<br \/><a href=\"https:\/\/agenciabrasil.ebc.com.br\/saude\/noticia\/2025-03\/medicamentos-tem-menor-reajuste-medio-desde-2018\" rel=\"noopener\">Ag\u00eancia Brasil <\/a><\/p>\n","protected":false},"excerpt":{"rendered":"<p>Os medicamentos ter\u00e3o o menor reajuste m\u00e9dio desde 2018, conforme a resolu\u00e7\u00e3o da C\u00e2mara de Regula\u00e7\u00e3o do Mercado de Medicamentos (Cmed), publicada nesta segunda-feira (31) no Di\u00e1rio Oficial da Uni\u00e3o. Embora o teto de reajuste tenha ficado em 5,06%, equivalente \u00e0 infla\u00e7\u00e3o oficial acumulada em 12 meses, esse percentual s\u00f3 incidir\u00e1 sobre cerca de 7% [&hellip;]<\/p>\n","protected":false},"author":1,"featured_media":378,"comment_status":"open","ping_status":"open","sticky":false,"template":"","format":"standard","meta":{"_jetpack_newsletter_access":"","_jetpack_dont_email_post_to_subs":false,"_jetpack_newsletter_tier_id":0,"_jetpack_memberships_contains_paywalled_content":false,"_mbp_banners":[],"_jetpack_feature_clip_id":0,"_jetpack_memberships_contains_paid_content":false,"footnotes":"","jetpack_publicize_message":"","jetpack_publicize_feature_enabled":true,"jetpack_social_post_already_shared":true,"jetpack_social_options":{"image_generator_settings":{"template":"highway","default_image_id":0,"font":"","enabled":false},"version":2},"jetpack_post_was_ever_published":false},"categories":[15],"tags":[],"class_list":["post-28730","post","type-post","status-publish","format-standard","has-post-thumbnail","category-saude"],"jetpack_publicize_connections":[],"jetpack-related-posts":[],"jetpack_shortlink":"https:\/\/wp.me\/p7Eq1F-7to","jetpack_sharing_enabled":true,"jetpack_featured_media_url":"https:\/\/i0.wp.com\/guialimeira.com.br\/news\/wp-content\/uploads\/2024\/03\/remedios_2912203616_0.jpg?fit=1600%2C800&ssl=1","_links":{"self":[{"href":"https:\/\/guialimeira.com.br\/news\/wp-json\/wp\/v2\/posts\/28730","targetHints":{"allow":["GET"]}}],"collection":[{"href":"https:\/\/guialimeira.com.br\/news\/wp-json\/wp\/v2\/posts"}],"about":[{"href":"https:\/\/guialimeira.com.br\/news\/wp-json\/wp\/v2\/types\/post"}],"author":[{"embeddable":true,"href":"https:\/\/guialimeira.com.br\/news\/wp-json\/wp\/v2\/users\/1"}],"replies":[{"embeddable":true,"href":"https:\/\/guialimeira.com.br\/news\/wp-json\/wp\/v2\/comments?post=28730"}],"version-history":[{"count":0,"href":"https:\/\/guialimeira.com.br\/news\/wp-json\/wp\/v2\/posts\/28730\/revisions"}],"wp:featuredmedia":[{"embeddable":true,"href":"https:\/\/guialimeira.com.br\/news\/wp-json\/wp\/v2\/media\/378"}],"wp:attachment":[{"href":"https:\/\/guialimeira.com.br\/news\/wp-json\/wp\/v2\/media?parent=28730"}],"wp:term":[{"taxonomy":"category","embeddable":true,"href":"https:\/\/guialimeira.com.br\/news\/wp-json\/wp\/v2\/categories?post=28730"},{"taxonomy":"post_tag","embeddable":true,"href":"https:\/\/guialimeira.com.br\/news\/wp-json\/wp\/v2\/tags?post=28730"}],"curies":[{"name":"wp","href":"https:\/\/api.w.org\/{rel}","templated":true}]}}