{"id":2873,"date":"2024-04-25T23:23:48","date_gmt":"2024-04-26T02:23:48","guid":{"rendered":"https:\/\/guialimeira.com.br\/2024\/04\/25\/com-caso-joca-aereas-estudam-rastrear-animais-transportados-em-voos\/"},"modified":"2024-04-25T23:23:48","modified_gmt":"2024-04-26T02:23:48","slug":"com-caso-joca-aereas-estudam-rastrear-animais-transportados-em-voos","status":"publish","type":"post","link":"https:\/\/guialimeira.com.br\/news\/com-caso-joca-aereas-estudam-rastrear-animais-transportados-em-voos\/","title":{"rendered":"Com caso Joca, a\u00e9reas estudam rastrear animais transportados em voos"},"content":{"rendered":"<p> <br \/>\n<\/p>\n<div>\n<p>As companhias a\u00e9reas informaram\u00a0nesta quinta-feira (25) estudar, em car\u00e1ter emergencial, a <a href=\"https:\/\/twitter.com\/Silvio_CFilho\/status\/1783527814823649671\" target=\"_blank\" rel=\"noopener\">possibilidade de rastrear os animais transportados no por\u00e3o<\/a> das\u00a0aeronaves para voos. A informa\u00e7\u00e3o foi divulgada, em nota oficial,\u00a0pelo\u00a0ministro de Portos e Aeroportos, Silvio Costa Filho, em uma rede social. Representantes das\u00a0empresas\u00a0Gol\u00a0Linhas A\u00e9reas, Latam e\u00a0Azul Linhas A\u00e9reas reuniram-se com o\u00a0Minist\u00e9rio de Portos e Aeroportos e a Ag\u00eancia Nacional de Avia\u00e7\u00e3o Civil (ANAC).<img data-recalc-dims=\"1\" decoding=\"async\" src=\"https:\/\/i0.wp.com\/agenciabrasil.ebc.com.br\/ebc.png?w=696&#038;ssl=1\" style=\"width:1px; height:1px; display:inline;\"\/><img data-recalc-dims=\"1\" decoding=\"async\" src=\"https:\/\/i0.wp.com\/agenciabrasil.ebc.com.br\/ebc.gif?w=696&#038;ssl=1\" style=\"width:1px; height:1px; display:inline;\"\/><\/p>\n<p>No encontro, comprometeram-se ainda em\u00a0apresentar, em dez dias, propostas e sugest\u00f5es para melhorar as condi\u00e7\u00f5es do transporte a\u00e9reo de animais\u00a0em voos dom\u00e9sticos e internacionais.<\/p>\n<div class=\"dnd-widget-wrapper context-grande_6colunas type-image atom-align-left\">\n<div class=\"dnd-atom-rendered\"><!-- scald=382467:grande_6colunas {\"additionalClasses\":\"\"} --><\/p>\n<div class=\"shadow overflow-hidden rounded-lg d-block w-100\">\n            <img data-recalc-dims=\"1\" decoding=\"async\" src=\"https:\/\/i0.wp.com\/agenciabrasil.ebc.com.br\/sites\/default\/files\/thumbnails\/image\/loading_v2.gif?w=696&#038;ssl=1\" data-echo=\"https:\/\/imagens.ebc.com.br\/nuNjVrHzby_HKN8ukM6LAEMJCKU=\/463x0\/smart\/https:\/\/agenciabrasil.ebc.com.br\/sites\/default\/files\/thumbnails\/image\/2024\/04\/25\/silvio_costa_filho2.jpg?itok=rb0odM6_\" alt=\"Bras\u00edlia (DF) 25\/04\/2024 -  Em reuni\u00e3o com representantes da GOL, Latam,  Azul Linhas A\u00e9reas e Associa\u00e7\u00e3o Brasileira das Empresas A\u00e9reas (ABEAR) nesta quinta-feira, o Minist\u00e9rio de Portos e Aeroportos (MPor) e a Ag\u00eancia Nacional de Avia\u00e7\u00e3o Civil (ANAC) definiram a\u00e7\u00f5es para aperfei\u00e7oar os procedimentos relacionados ao transporte a\u00e9reo de animais:&#13;&#10;Foto: Ministro Silvio Costa Filho\/ X\" title=\"Ministro Silvio Costa Filho\/ X\" class=\"flex-fill img-cover\"\/><br \/>\n        <img data-recalc-dims=\"1\" decoding=\"async\" src=\"https:\/\/i0.wp.com\/imagens.ebc.com.br\/nuNjVrHzby_HKN8ukM6LAEMJCKU%3D\/463x0\/smart\/https%3A\/\/agenciabrasil.ebc.com.br\/sites\/default\/files\/thumbnails\/image\/2024\/04\/25\/silvio_costa_filho2.jpg?w=696&#038;ssl=1\" alt=\"Bras\u00edlia (DF) 25\/04\/2024 -  Em reuni\u00e3o com representantes da GOL, Latam,  Azul Linhas A\u00e9reas e Associa\u00e7\u00e3o Brasileira das Empresas A\u00e9reas (ABEAR) nesta quinta-feira, o Minist\u00e9rio de Portos e Aeroportos (MPor) e a Ag\u00eancia Nacional de Avia\u00e7\u00e3o Civil (ANAC) definiram a\u00e7\u00f5es para aperfei\u00e7oar os procedimentos relacionados ao transporte a\u00e9reo de animais:&#13;&#10;Foto: Ministro Silvio Costa Filho\/ X\" title=\"Ministro Silvio Costa Filho\/ X\" class=\"flex-fill img-cover\"\/>\n    <\/div>\n<p><!-- END scald=382467 --><\/div>\n<p><h6 class=\"meta\">Ministro Silvio Costa Filho em reuni\u00e3o com representantes da Gol, Latam e Azul, em Bras\u00edlia, sobre transporte a\u00e9reo de animais: Foto:\u00a0<strong>Ministro Silvio Costa Filho\/Rede X<\/strong><!--END copyright=382467--><\/h6>\n<\/p>\n<\/div>\n<p>A reuni\u00e3o ocorre\u00a0ap\u00f3s a morte do <em>golden retriever<\/em> Joca, de 5 anos, na \u00faltima segunda-feira (22), depois de<a href=\"https:\/\/agenciabrasil.ebc.com.br\/geral\/noticia\/2024-04\/anac-e-ministerio-vao-investigar-morte-de-cao-em-voo-da-gol\" target=\"_blank\" rel=\"noopener\">\u00a0ter sido enviado para o destino errado pela Gol<\/a>.\u00a0\u00a0<\/p>\n<p>Procurada pela\u00a0<strong>Ag\u00eancia Brasil<\/strong>, a presidente da Associa\u00e7\u00e3o Brasileira das Empresas A\u00e9reas (Abear), Jurema Monteiro, disse que o\u00a0setor ir\u00e1 contribuir para a solu\u00e7\u00e3o. \u201cN\u00f3s, do setor a\u00e9reo, estamos juntos com o Minist\u00e9rio dos Portos e Aeroportos\u00a0imbu\u00eddos em contribuir, garantindo acima de tudo a seguran\u00e7a, que \u00e9 um elemento fundamental e priorit\u00e1rio do transporte a\u00e9reo\u201d, declarou.<\/p>\n<h2>Pol\u00edtica nacional<\/h2>\n<p>O minist\u00e9rio\u00a0adiantou que, at\u00e9 junho deste ano, lan\u00e7ar\u00e1 uma Pol\u00edtica Nacional de Transporte A\u00e9reo de Animais (PNTAA) com a finalidade de garantir mais seguran\u00e7a e bem-estar aos animais. O futuro texto\u00a0levar\u00e1 em considera\u00e7\u00e3o as contribui\u00e7\u00f5es apresentadas pela sociedade civil, pelo Parlamento e pelas empresas a\u00e9reas.<\/p>\n<p>A pasta agendou uma reuni\u00e3o para a pr\u00f3xima ter\u00e7a-feira (30) e ir\u00e1 convidar representantes do Congresso Nacional com objetivo de buscar sugest\u00f5es para melhorar a qualidade do servi\u00e7o prestado, al\u00e9m da an\u00e1lise de projetos de lei sobre o tema\u00a0em tramita\u00e7\u00e3o no Congresso Nacional.<\/p>\n<p>A Anac ficar\u00e1 respons\u00e1vel por realizar uma consulta p\u00fablica para aperfei\u00e7oar os procedimentos. A ag\u00eancia reguladora planeja, tamb\u00e9m para a pr\u00f3xima semana, em data a ser divulgada, a realiza\u00e7\u00e3o de audi\u00eancia p\u00fablica com canais de participa\u00e7\u00e3o popular.<\/p>\n<p>A audi\u00eancia busca ainda revisar e melhorar o texto da <a href=\"https:\/\/www.in.gov.br\/en\/web\/dou\/-\/portaria-n-12.307-de-25-de-agosto-de-2023-506363669\" target=\"_blank\" rel=\"noopener\">Portaria 12.307\/2023<\/a>, que regulamenta\u00a0as condi\u00e7\u00f5es gerais para o transporte a\u00e9reo de animais em voos de passageiros\u00a0no Brasil.<\/p>\n<p>As regras atuais s\u00e3o v\u00e1lidas para todas as esp\u00e9cies de animais de estima\u00e7\u00e3o (pets), incluindo c\u00e3es-guia\u00a0e de apoio emocional (animais de companhia que ajudam o indiv\u00edduo a lidar com aspectos de sa\u00fade mental e emocional).<\/p>\n<p>A portaria ainda trata das obriga\u00e7\u00f5es do transportador a\u00e9reo, como deixar claro como deve ser despachado o animal (se na cabine de passageiros ou no compartimento de bagagem e carga da aeronave); a cobran\u00e7a do servi\u00e7o;\u00a0esp\u00e9cies admitidas; franquia de peso; e quantidade de animais por voo, entre outras regras.<\/p>\n<h2>Medidas<\/h2>\n<p>Com a\u00a0morte de Joca, a Gol suspendeu por 30 dias o servi\u00e7o de transporte de animais no por\u00e3o das aeronaves.<\/p>\n<p>Nessa quarta-feira, a Anac instaurou processo administrativo para apurar os motivos que levaram \u00e0 morte do golden\u00a0e solicitou informa\u00e7\u00f5es \u00e0 companhia a\u00e9rea sobre as condi\u00e7\u00f5es de transporte dele.<\/p>\n<p>Um dia antes, na ter\u00e7a-feira (23), a Secretaria Nacional do Consumidor do Minist\u00e9rio da Justi\u00e7a e Seguran\u00e7a P\u00fablica (Senacon\/MJSP) notificou a companhia a\u00e9rea para prestar esclarecimentos.<\/p>\n<p>A Pol\u00edcia Civil de S\u00e3o Paulo tamb\u00e9m investigar\u00e1\u00a0o caso e aguarda os laudos da necropsia do corpo do animal.<\/p>\n<div class=\"dnd-widget-wrapper context-grande_6colunas type-image atom-align-right\">\n<div class=\"dnd-atom-rendered\"><!-- scald=382239:grande_6colunas {\"additionalClasses\":\"\"} --><\/p>\n<div class=\"shadow overflow-hidden rounded-lg d-block w-100\">\n            <img data-recalc-dims=\"1\" decoding=\"async\" src=\"https:\/\/i0.wp.com\/agenciabrasil.ebc.com.br\/sites\/default\/files\/thumbnails\/image\/loading_v2.gif?w=696&#038;ssl=1\" data-echo=\"https:\/\/imagens.ebc.com.br\/YZkuwwwZYqX6qlwjBA_duvrkAKk=\/463x0\/smart\/https:\/\/agenciabrasil.ebc.com.br\/sites\/default\/files\/thumbnails\/image\/2024\/04\/24\/cachorro_morre_apos_ser_transportado_pela_gol3.jpg?itok=IZlhLzJY\" alt=\"Bras\u00edlia (DF) 24\/04\/2024 - Cachorro morre ap\u00f3s ser transportado pela Gol para o estado errado&#13;&#10;Golden retriever saiu de Guarulhos (SP) e deveria ter sido encaminhado para Sinop (MT), mas acabou embarcado em um voo para Fortaleza (CE).&#13;&#10;Foto: Jo\u00e3o Fantazzini\/Instragram\" title=\"Jo\u00e3o Fantazzini\/Instragram\" class=\"flex-fill img-cover\"\/><br \/>\n        <img data-recalc-dims=\"1\" decoding=\"async\" src=\"https:\/\/i0.wp.com\/imagens.ebc.com.br\/YZkuwwwZYqX6qlwjBA_duvrkAKk%3D\/463x0\/smart\/https%3A\/\/agenciabrasil.ebc.com.br\/sites\/default\/files\/thumbnails\/image\/2024\/04\/24\/cachorro_morre_apos_ser_transportado_pela_gol3.jpg?w=696&#038;ssl=1\" alt=\"Bras\u00edlia (DF) 24\/04\/2024 - Cachorro morre ap\u00f3s ser transportado pela Gol para o estado errado&#13;&#10;Golden retriever saiu de Guarulhos (SP) e deveria ter sido encaminhado para Sinop (MT), mas acabou embarcado em um voo para Fortaleza (CE).&#13;&#10;Foto: Jo\u00e3o Fantazzini\/Instragram\" title=\"Jo\u00e3o Fantazzini\/Instragram\" class=\"flex-fill img-cover\"\/>\n    <\/div>\n<p><!-- END scald=382239 --><\/div>\n<p><h6 class=\"meta\">Joca com o tutor\u00a0Jo\u00e3o Fantazzini &#8211; <strong>Foto:\u00a0Jo\u00e3o Fantazzini\/Instagram<\/strong><!--END copyright=382239--><\/h6>\n<\/p>\n<\/div>\n<p>Joca <a href=\"https:\/\/agenciabrasil.ebc.com.br\/geral\/noticia\/2024-04\/anac-e-ministerio-vao-investigar-morte-de-cao-em-voo-da-gol\" target=\"_blank\" rel=\"noopener\">morreu<\/a> em uma caixa de transporte ap\u00f3s a falha no transporte a\u00e9reo pela Gol. O animal deveria ter sido levado a Sinop (MT), em um voo de cerca de 2h30 de dura\u00e7\u00e3o, por\u00e9m teve o destino alterado por erro. Joca foi transportado para Fortaleza e depois\u00a0retornou para o Aeroporto de Guarulhos, em\u00a0S\u00e3o Paulo, resultando\u00a0em cerca de 8 horas dentro de voos. Por uma rede social, o tutor Jo\u00e3o Fantazzini expressou a tristeza pela perda de\u00a0Joca. \u201cVoc\u00ea \u00e9 o amor da minha vida para sempre! Minha saudade vai ser di\u00e1ria!\u201d\u00a0.<\/p>\n<h2>Repercuss\u00e3o<\/h2>\n<p>A morte de Joca tem mobilizado manifesta\u00e7\u00f5es\u00a0de\u00a0an\u00f4nimos, celebridades, autoridades e organiza\u00e7\u00f5es protetoras de animais, com pedidos de responsabiliza\u00e7\u00e3o dos respons\u00e1veis,\u00a0ado\u00e7\u00e3o de medidas seguras nas viagens a\u00e9reas de animais dom\u00e9sticos e\u00a0dissemina\u00e7\u00e3o de ambientes\u00a0<em>pet friendly<\/em>.(locais com estrutura adequada para acolher\u00a0cachorros e gatos).<\/p>\n<p>A defensora dos animais Luisa Mell <a href=\"https:\/\/www.instagram.com\/reel\/C6HKkHhOD7z\/?utm_source=ig_web_copy_link&amp;igsh=MzRlODBiNWFlZA==\" target=\"_blank\" rel=\"noopener\">cobrou protocolos r\u00edgidos de seguran\u00e7a<\/a>. \u201cNossos peludos n\u00e3o s\u00e3o objetos! N\u00e3o podem ser tratados como malas!\u00a0\u201cQuantos animais ter\u00e3o que morrer para que alguma atitude concreta seja tomada?\u201d, questionou.<\/p>\n<p>O Instituto Patruska de Prote\u00e7\u00e3o de Animais e Meio Ambiente pede aos\u00a0parlamentares <a href=\"https:\/\/www.instagram.com\/p\/C6KPnl1uPYl\/?img_index=1\" target=\"_blank\" rel=\"noopener\">a aprova\u00e7\u00e3o\u00a0da Lei Joca<\/a>, argumentando que por\u00e3o de avi\u00e3o \u00e9 um ambiente estranho e inseguro aos animais, e mobiliza\u00e7\u00e3o dos tutores para protestos pac\u00edficos nos aeroportos do pa\u00eds.\u00a0<\/p>\n<p>A primeira-dama Janja Lula Silva declarou, na rede X, ao lado do ministro Silvio Costa Filho,\u00a0que a morte de Joca <a href=\"https:\/\/twitter.com\/JanjaLula\/status\/1783178768170856900?ref_src=twsrc%5Egoogle%7Ctwcamp%5Eserp%7Ctwgr%5Etweet\" target=\"_blank\" rel=\"noopener\">deixou todos abalados<\/a>. Os dois citaram medidas adotadas at\u00e9 o momento.\u00a0<\/p>\n<p>Diversos tutores t\u00eam prestado\u00a0homenagens a Joca, nas redes sociais, e pedem que os animais sejam tratados com dignidade nos avi\u00f5es. <a href=\"https:\/\/www.instagram.com\/sexteto4patas\/\" target=\"_blank\" rel=\"noopener\">Em um\u00a0v\u00eddeo, que viralizou nas redes sociais,<\/a> quatro c\u00e3es da mesma ra\u00e7a de Joca,\u00a0um poodle,\u00a0um\u00a0vira-lata (sem ra\u00e7a definida) e tr\u00eas gatos exibem cartazes pedindo\u00a0justi\u00e7a por Joca e dizem\u00a0que n\u00e3o s\u00e3o bagagem.<\/p>\n<\/p><\/div>\n<p><script async src=\"\/\/platform.twitter.com\/widgets.js\" charset=\"utf-8\"><\/script><script async src=\"\/\/www.instagram.com\/embed.js\"><\/script><br \/>\n<br \/><br \/>\n<br \/><a href=\"https:\/\/agenciabrasil.ebc.com.br\/geral\/noticia\/2024-04\/com-caso-joca-aereas-estudam-rastrear-animais-transportados-em-voos\" rel=\"noopener\">Ag\u00eancia Brasil<\/a><\/p>\n","protected":false},"excerpt":{"rendered":"<p>As companhias a\u00e9reas informaram\u00a0nesta quinta-feira (25) estudar, em car\u00e1ter emergencial, a possibilidade de rastrear os animais transportados no por\u00e3o das\u00a0aeronaves para voos. A informa\u00e7\u00e3o foi divulgada, em nota oficial,\u00a0pelo\u00a0ministro de Portos e Aeroportos, Silvio Costa Filho, em uma rede social. Representantes das\u00a0empresas\u00a0Gol\u00a0Linhas A\u00e9reas, Latam e\u00a0Azul Linhas A\u00e9reas reuniram-se com o\u00a0Minist\u00e9rio de Portos e Aeroportos e [&hellip;]<\/p>\n","protected":false},"author":1,"featured_media":2874,"comment_status":"open","ping_status":"open","sticky":false,"template":"","format":"standard","meta":{"_jetpack_newsletter_access":"","_jetpack_dont_email_post_to_subs":false,"_jetpack_newsletter_tier_id":0,"_jetpack_memberships_contains_paywalled_content":false,"_mbp_banners":[],"_jetpack_feature_clip_id":0,"_jetpack_memberships_contains_paid_content":false,"footnotes":"","jetpack_publicize_message":"","jetpack_publicize_feature_enabled":true,"jetpack_social_post_already_shared":true,"jetpack_social_options":{"image_generator_settings":{"template":"highway","default_image_id":0,"font":"","enabled":false},"version":2},"jetpack_post_was_ever_published":false},"categories":[1],"tags":[],"class_list":["post-2873","post","type-post","status-publish","format-standard","has-post-thumbnail","category-geral"],"jetpack_publicize_connections":[],"jetpack-related-posts":[],"jetpack_shortlink":"https:\/\/wp.me\/p7Eq1F-Kl","jetpack_sharing_enabled":true,"jetpack_featured_media_url":"https:\/\/i0.wp.com\/guialimeira.com.br\/news\/wp-content\/uploads\/2024\/04\/1714098229_cachorro_morre_apos_ser_transportado_pela_gol1.jpg?fit=1600%2C800&ssl=1","_links":{"self":[{"href":"https:\/\/guialimeira.com.br\/news\/wp-json\/wp\/v2\/posts\/2873","targetHints":{"allow":["GET"]}}],"collection":[{"href":"https:\/\/guialimeira.com.br\/news\/wp-json\/wp\/v2\/posts"}],"about":[{"href":"https:\/\/guialimeira.com.br\/news\/wp-json\/wp\/v2\/types\/post"}],"author":[{"embeddable":true,"href":"https:\/\/guialimeira.com.br\/news\/wp-json\/wp\/v2\/users\/1"}],"replies":[{"embeddable":true,"href":"https:\/\/guialimeira.com.br\/news\/wp-json\/wp\/v2\/comments?post=2873"}],"version-history":[{"count":0,"href":"https:\/\/guialimeira.com.br\/news\/wp-json\/wp\/v2\/posts\/2873\/revisions"}],"wp:featuredmedia":[{"embeddable":true,"href":"https:\/\/guialimeira.com.br\/news\/wp-json\/wp\/v2\/media\/2874"}],"wp:attachment":[{"href":"https:\/\/guialimeira.com.br\/news\/wp-json\/wp\/v2\/media?parent=2873"}],"wp:term":[{"taxonomy":"category","embeddable":true,"href":"https:\/\/guialimeira.com.br\/news\/wp-json\/wp\/v2\/categories?post=2873"},{"taxonomy":"post_tag","embeddable":true,"href":"https:\/\/guialimeira.com.br\/news\/wp-json\/wp\/v2\/tags?post=2873"}],"curies":[{"name":"wp","href":"https:\/\/api.w.org\/{rel}","templated":true}]}}