{"id":28717,"date":"2025-03-30T21:45:30","date_gmt":"2025-03-31T00:45:30","guid":{"rendered":"https:\/\/guialimeira.com.br\/?p=28717"},"modified":"2025-03-30T21:45:30","modified_gmt":"2025-03-31T00:45:30","slug":"cidades-brasileiras-tem-atos-contra-anistia-a-golpistas-neste-domingo","status":"publish","type":"post","link":"https:\/\/guialimeira.com.br\/news\/cidades-brasileiras-tem-atos-contra-anistia-a-golpistas-neste-domingo\/","title":{"rendered":"Cidades brasileiras t\u00eam atos contra anistia a golpistas neste domingo"},"content":{"rendered":"\n<figure class=\"wp-block-gallery has-nested-images columns-default is-cropped wp-block-gallery-1 is-layout-flex wp-block-gallery-is-layout-flex\">\n<figure class=\"wp-block-image size-large\"><\/figure>\n\t\t\t\t\t\n<figure class=\"wp-block-image size-large\"><img loading=\"lazy\" decoding=\"async\" width=\"1\" height=\"1\" data-attachment-id=\"28714\" data-permalink=\"https:\/\/guialimeira.com.br\/news\/cidades-brasileiras-tem-atos-contra-anistia-a-golpistas-neste-domingo-2\/\" data-orig-file=\"https:\/\/i0.wp.com\/guialimeira.com.br\/news\/wp-content\/uploads\/2025\/03\/1743381924_19_ebc.gif?fit=1%2C1&amp;ssl=1\" data-orig-size=\"1,1\" data-comments-opened=\"1\" data-image-meta=\"{&quot;aperture&quot;:&quot;0&quot;,&quot;credit&quot;:&quot;&quot;,&quot;camera&quot;:&quot;&quot;,&quot;caption&quot;:&quot;&quot;,&quot;created_timestamp&quot;:&quot;0&quot;,&quot;copyright&quot;:&quot;&quot;,&quot;focal_length&quot;:&quot;0&quot;,&quot;iso&quot;:&quot;0&quot;,&quot;shutter_speed&quot;:&quot;0&quot;,&quot;title&quot;:&quot;&quot;,&quot;orientation&quot;:&quot;0&quot;}\" data-image-title=\"Cidades brasileiras t\u00eam atos contra anistia a golpistas neste domingo\" data-image-description=\"\" data-image-caption=\"\" data-large-file=\"https:\/\/i0.wp.com\/guialimeira.com.br\/news\/wp-content\/uploads\/2025\/03\/1743381924_19_ebc.gif?fit=1%2C1&amp;ssl=1\" data-id=\"28714\" src=\"https:\/\/i0.wp.com\/guialimeira.com.br\/wp-content\/uploads\/2025\/03\/1743381924_19_ebc.gif?resize=1%2C1&amp;ssl=1\" alt=\"\" class=\"wp-image-28714\" \/><\/figure>\n\t\t\t\t\t\n<figure class=\"wp-block-image size-large\"><img loading=\"lazy\" decoding=\"async\" width=\"754\" height=\"474\" data-attachment-id=\"28715\" data-permalink=\"https:\/\/guialimeira.com.br\/news\/cidades-brasileiras-tem-atos-contra-anistia-a-golpistas-neste-domingo-3\/\" data-orig-file=\"https:\/\/i0.wp.com\/guialimeira.com.br\/news\/wp-content\/uploads\/2025\/03\/pint7308a.jpg?fit=754%2C474&amp;ssl=1\" data-orig-size=\"754,474\" data-comments-opened=\"1\" data-image-meta=\"{&quot;aperture&quot;:&quot;0&quot;,&quot;credit&quot;:&quot;&quot;,&quot;camera&quot;:&quot;&quot;,&quot;caption&quot;:&quot;&quot;,&quot;created_timestamp&quot;:&quot;0&quot;,&quot;copyright&quot;:&quot;&quot;,&quot;focal_length&quot;:&quot;0&quot;,&quot;iso&quot;:&quot;0&quot;,&quot;shutter_speed&quot;:&quot;0&quot;,&quot;title&quot;:&quot;&quot;,&quot;orientation&quot;:&quot;0&quot;}\" data-image-title=\"Cidades brasileiras t\u00eam atos contra anistia a golpistas neste domingo\" data-image-description=\"\" data-image-caption=\"\" data-large-file=\"https:\/\/i0.wp.com\/guialimeira.com.br\/news\/wp-content\/uploads\/2025\/03\/pint7308a.jpg?fit=696%2C438&amp;ssl=1\" data-id=\"28715\" src=\"https:\/\/i0.wp.com\/guialimeira.com.br\/wp-content\/uploads\/2025\/03\/pint7308a.jpg?resize=150%2C150&amp;ssl=1\" alt=\"\" class=\"wp-image-28715\" \/><\/figure>\n\t\t\t\t\t\n<figure class=\"wp-block-image size-large\"><img loading=\"lazy\" decoding=\"async\" width=\"754\" height=\"503\" data-attachment-id=\"28716\" data-permalink=\"https:\/\/guialimeira.com.br\/news\/cidades-brasileiras-tem-atos-contra-anistia-a-golpistas-neste-domingo-4\/\" data-orig-file=\"https:\/\/i0.wp.com\/guialimeira.com.br\/news\/wp-content\/uploads\/2025\/03\/pint6930.jpg?fit=754%2C503&amp;ssl=1\" data-orig-size=\"754,503\" data-comments-opened=\"1\" data-image-meta=\"{&quot;aperture&quot;:&quot;0&quot;,&quot;credit&quot;:&quot;&quot;,&quot;camera&quot;:&quot;&quot;,&quot;caption&quot;:&quot;&quot;,&quot;created_timestamp&quot;:&quot;0&quot;,&quot;copyright&quot;:&quot;&quot;,&quot;focal_length&quot;:&quot;0&quot;,&quot;iso&quot;:&quot;0&quot;,&quot;shutter_speed&quot;:&quot;0&quot;,&quot;title&quot;:&quot;&quot;,&quot;orientation&quot;:&quot;0&quot;}\" data-image-title=\"Cidades brasileiras t\u00eam atos contra anistia a golpistas neste domingo\" data-image-description=\"\" data-image-caption=\"\" data-large-file=\"https:\/\/i0.wp.com\/guialimeira.com.br\/news\/wp-content\/uploads\/2025\/03\/pint6930.jpg?fit=696%2C464&amp;ssl=1\" data-id=\"28716\" src=\"https:\/\/i0.wp.com\/guialimeira.com.br\/wp-content\/uploads\/2025\/03\/pint6930.jpg?resize=150%2C150&amp;ssl=1\" alt=\"\" class=\"wp-image-28716\" \/><\/figure>\n\t\t\t\t\t<\/figure>\n \r\n<br><div>\n                    <p><strong>Manifestantes se reuniram em v\u00e1rias cidades brasileiras, neste domingo (30), em\u00a0atos contra a anistia aos envolvidos na tentativa de golpe do 8 de janeiro<\/strong>. A maior concentra\u00e7\u00e3o foi em\u00a0S\u00e3o Paulo, onde os participantes pediram puni\u00e7\u00e3o aos participantes da depreda\u00e7\u00e3o dos pr\u00e9dios da Pra\u00e7a dos Tr\u00eas Poderes em janeiro de 2023 e ao n\u00facleo pol\u00edtico da tentativa golpista, a come\u00e7ar pelo ex-presidente Jair Bolsonaro.<img data-recalc-dims=\"1\" decoding=\"async\" src=\"https:\/\/i0.wp.com\/guialimeira.com.br\/wp-content\/uploads\/2025\/03\/1743381924_53_ebc.png?w=696&#038;ssl=1\" style=\"width:1px;height:1px\" \/><img data-recalc-dims=\"1\" decoding=\"async\" src=\"https:\/\/i0.wp.com\/guialimeira.com.br\/wp-content\/uploads\/2025\/03\/1743381924_19_ebc.gif?w=696&#038;ssl=1\" style=\"width:1px;height:1px\" \/><\/p>\n\n<p>As manifesta\u00e7\u00f5es foram convocadas por entidades sindicais, como a Central \u00danica dos Trabalhadores (CUT) e Uni\u00e3o Geral dos Trabalhadores (UGT), e coletivos como a Frente Brasil Popular, a Frente Povo sem Medo, o Movimento dos Trabalhadores sem Teto (MTST) e o Movimento dos Trabalhadores Rurais\u00a0Sem Terra (MST).<\/p>\n\n<p><strong>Em\u00a0S\u00e3o Paulo, a\u00a0manifesta\u00e7\u00e3o come\u00e7ou na Avenida Paulista e seguiu pela Vila Mariana at\u00e9 o pr\u00e9dio do antigo Destacamento de Opera\u00e7\u00f5es de Informa\u00e7\u00e3o &#8211; Centro de Opera\u00e7\u00f5es de Defesa Interna (Doi-Codi)<\/strong>, onde eram presos e torturados os advers\u00e1rios da ditadura c\u00edvico-militar instaurada em 1964.<\/p>\n\n<p>\u00a0<\/p>\n\n<div class=\"dnd-widget-wrapper context-cheio_8colunas type-image\"><div class=\"dnd-atom-rendered\"><!-- scald=419303:cheio_8colunas -->\n            <img data-recalc-dims=\"1\" decoding=\"async\" src=\"https:\/\/i0.wp.com\/guialimeira.com.br\/wp-content\/uploads\/2025\/03\/pint7308a.jpg?w=696&#038;ssl=1\" alt=\"S\u00e3o Paulo (SP), 30\/03\/2025 - Movimentos sociais e sindicais realizam ato contra a anistia.&#013;&#010;Foto: Paulo Pinto\/Ag\u00eancia Brasil\" title=\"Paulo Pinto\/Ag\u00eancia Brasil\" \/>\n        <img data-recalc-dims=\"1\" decoding=\"async\" src=\"https:\/\/i0.wp.com\/guialimeira.com.br\/wp-content\/uploads\/2025\/03\/pint7308a.jpg?w=696&#038;ssl=1\" alt=\"S\u00e3o Paulo (SP), 30\/03\/2025 - Movimentos sociais e sindicais realizam ato contra a anistia.&#013;&#010;Foto: Paulo Pinto\/Ag\u00eancia Brasil\" title=\"Paulo Pinto\/Ag\u00eancia Brasil\" \/>\n    <!-- END scald=419303 --><\/div><p>\n<h6 class=\"meta\">Movimentos sociais e sindicais realizam ato contra a anistia &#8211; <strong>Paulo Pinto\/Ag\u00eancia Brasil<\/strong><!--END copyright=419303--><\/h6>\n<\/p><\/div>\n\n<p>O sentido simb\u00f3lico das manifesta\u00e7\u00f5es foi o de ressaltar a import\u00e2ncia da defesa da democracia\u00a0e lembrar como a \u00faltima ditadura impedia as vozes e os atos.\u00a0Para uma das participantes do ano, Lenir Correia, a anistia dos atos de 8 de janeiro viria como uma carta branca para futuras tentativas de golpe: \u201c\u00c9 contra a injusti\u00e7a que estamos aqui. Ele [Bolsonaro] foi uma pessoa que agiu contra o Brasil.\u201d<\/p>\n\n<p>\u201cQuebraram todo o Congresso, picharam, fizeram o que fizeram. Trata-se de defender tudo que \u00e9 p\u00fablico, que \u00e9 nosso\u201d, completou Lenir. Para ela, este tipo de protesto \u00e9 importante para aumentar o n\u00famero de pessoas contra a anistia e contra atos deste tipo.<\/p>\n\n<p>Para o manifestante\u00a0Sada Shimabuko, discutir anistia agora equivale a se colocar contr\u00e1rio \u00e0 democracia. Para Rosemeire Amadeu, que tamb\u00e9m acompanhava a manifesta\u00e7\u00e3o, com uma anistia \u00e9 quest\u00e3o de tempo para que surjam novas tentativas de golpe.<\/p>\n\n<p>Tamb\u00e9m participante do ato,\u00a0Emmanuel Nunes disse que \u00e9 importante dar apoio para que os r\u00e9us\u00a0sejam julgados nas vias normais, segundo o processo legal. \u201cPara que n\u00e3o haja um conflito de poderes, pois se o Legislativo vota a anistia geraria uma crise entre poderes muito grande. Ent\u00e3o a gente tem que garantir que haja o julgamento, e \u00e9 importante o recado das ruas\u201d, concluiu.<\/p>\n\n<p>\u00a0<\/p>\n\n<div class=\"dnd-widget-wrapper context-cheio_8colunas type-image\"><div class=\"dnd-atom-rendered\"><!-- scald=419291:cheio_8colunas -->\n            <img data-recalc-dims=\"1\" decoding=\"async\" src=\"https:\/\/i0.wp.com\/guialimeira.com.br\/wp-content\/uploads\/2025\/03\/pint6930.jpg?w=696&#038;ssl=1\" alt=\"S\u00e3o Paulo (SP), 30\/03\/2025 - Movimentos sociais e sindicais realizam ato contra a anistia.&#013;&#010;Foto: Paulo Pinto\/Ag\u00eancia Brasil\" title=\"Paulo Pinto\/Ag\u00eancia Brasil\" \/>\n        <img data-recalc-dims=\"1\" decoding=\"async\" src=\"https:\/\/i0.wp.com\/guialimeira.com.br\/wp-content\/uploads\/2025\/03\/pint6930.jpg?w=696&#038;ssl=1\" alt=\"S\u00e3o Paulo (SP), 30\/03\/2025 - Movimentos sociais e sindicais realizam ato contra a anistia.&#013;&#010;Foto: Paulo Pinto\/Ag\u00eancia Brasil\" title=\"Paulo Pinto\/Ag\u00eancia Brasil\" \/>\n    <!-- END scald=419291 --><\/div><p>\n<h6 class=\"meta\">Movimentos sociais e sindicais realizam ato contra a anistia\u00a0&#8211; <strong>Paulo Pinto\/Ag\u00eancia Brasil<\/strong><!--END copyright=419291--><\/h6>\n<\/p><\/div>\n\n<h2>Rio de Janeiro<\/h2>\n\n<p><strong>Na capital fluminense, o domingo foi de planfletagem e de mobiliza\u00e7\u00e3o para o ato unificado contra a anistia que ocorrer\u00e1 na ter\u00e7a-feira (1\u00ba)<\/strong>.\u00a0Quem passou por pontos da cidade, como a Feira da Gl\u00f3ria, na zona central da cidade, pelo Museu da Rep\u00fablica, pelo Aterro do Flamengo e Praia de Copacabana, na zona sul, por pontos do Graja\u00fa, na zona norte da cidade, encontrou grupos com cartazes, adesivo e panfletos.<\/p>\n\n<p>\u201c\u00c9 uma quest\u00e3o que envolve pessoas de direita, pessoas de centro, pessoas de esquerda, pessoas que defendem a democracia. Essa \u00e9 uma pauta at\u00e9 suprapartid\u00e1ria\u201d, defendeu S\u00e9rgio Santana, que faz parte da Associa\u00e7\u00e3o Brasileira de Juristas pela Democracia e da organiza\u00e7\u00e3o Advogadas e Advogados P\u00fablicos para a Democracia e estava na manh\u00e3 deste domingo participando da a\u00e7\u00e3o em frente ao Museu da Rep\u00fablica, no bairro do Catete.<\/p>\n\n<p>O grupo conversava com as pessoas e entregava materiais explicativos, que defendem que os atos orquestrados e at\u00e9 mesmo os<a href=\"https:\/\/agenciabrasil.ebc.com.br\/politica\/noticia\/2024-11\/estou-vivo-diz-lula-sobre-plano-de-assassinato\" target=\"_blank\" rel=\"noopener\"> planos para envenenar o presidente Luiz In\u00e1cio Lula da Silva<\/a>\u00a0s\u00e3o criminosos e que aqueles que participaram de alguma forma devem ser punidos.<\/p>\n\n<p>\u201cN\u00f3s estamos aqui contra o golpe. N\u00f3s n\u00e3o queremos nem ditadura, nem tortura nunca mais. Esse \u00e9 o nosso lema\u201d, diz Regina Toscano, que tamb\u00e9m participou da a\u00e7\u00e3o e faz parte do N\u00facleo Resist\u00eancia do PT.<\/p>\n\n<p><strong>Na ter\u00e7a-feira,\u00a0ocorrer\u00e1 o ato unificado no Rio de Janeiro. <\/strong>Os manifestantes caminhar\u00e3o do <a href=\"https:\/\/agenciabrasil.ebc.com.br\/geral\/noticia\/2025-02\/ministerio-da-cultura-estuda-retomar-predio-que-abrigou-o-dops-no-rio\" target=\"_blank\" rel=\"noopener\">edif\u00edcio que abrigou o Departamento de Ordem Pol\u00edtica e Social (Dops)<\/a> at\u00e9 a sede da Associa\u00e7\u00e3o Brasileira de Imprensa (ABI).<\/p>\n\n<p>A manifesta\u00e7\u00e3o lembra\u00a0tamb\u00e9m o anivers\u00e1rio do golpe de 1964 (31 de mar\u00e7o), com o in\u00edcio da ditadura, e a busca ainda hoje pela preserva\u00e7\u00e3o da mem\u00f3ria, por verdade e por justi\u00e7a. Segundo S\u00e9rgio Santana, o golpe de 1964 e os atos golpistas est\u00e3o relacionados na medida em que atentam contra o Estado Democr\u00e1tico de Direito.<\/p>\n\n<p>V\u00e1rios outros atos foram registrados pelo pa\u00eds, por\u00e9m com menor participa\u00e7\u00e3o do que em S\u00e3o Paulo. Em Bras\u00edlia, a manifesta\u00e7\u00e3o aconteceu no Eix\u00e3o Norte, altura das quadras blocos 106 e 107. Belo Horizonte, Fortaleza, S\u00e3o Lu\u00eds, Bel\u00e9m, Recife e Curitiba foram outras capitais com mobiliza\u00e7\u00f5es previstas para este domingo.<\/p>\n\n      <!-- Relacionada -->\n              \n            <!-- Relacionada -->\n    <\/div>\r\n<br>\r\n<br><a href=\"https:\/\/agenciabrasil.ebc.com.br\/politica\/noticia\/2025-03\/cidades-brasileiras-tem-atos-contra-anistia-a-golpistas-neste-domingo\" rel=\"noopener\">Ag\u00eancia Brasil<\/a>","protected":false},"excerpt":{"rendered":"<p>Manifestantes se reuniram em v\u00e1rias cidades brasileiras, neste domingo (30), em\u00a0atos contra a anistia aos envolvidos na tentativa de golpe do 8 de janeiro. A maior concentra\u00e7\u00e3o foi em\u00a0S\u00e3o Paulo, onde os participantes pediram puni\u00e7\u00e3o aos participantes da depreda\u00e7\u00e3o dos pr\u00e9dios da Pra\u00e7a dos Tr\u00eas Poderes em janeiro de 2023 e ao n\u00facleo pol\u00edtico da [&hellip;]<\/p>\n","protected":false},"author":1,"featured_media":28718,"comment_status":"open","ping_status":"open","sticky":false,"template":"","format":"standard","meta":{"_jetpack_newsletter_access":"","_jetpack_dont_email_post_to_subs":false,"_jetpack_newsletter_tier_id":0,"_jetpack_memberships_contains_paywalled_content":false,"_mbp_banners":[],"_jetpack_feature_clip_id":0,"_jetpack_memberships_contains_paid_content":false,"footnotes":"","jetpack_publicize_message":"","jetpack_publicize_feature_enabled":true,"jetpack_social_post_already_shared":true,"jetpack_social_options":{"image_generator_settings":{"template":"highway","default_image_id":0,"font":"","enabled":false},"version":2},"jetpack_post_was_ever_published":false},"categories":[19],"tags":[],"class_list":["post-28717","post","type-post","status-publish","format-standard","has-post-thumbnail","category-politica"],"jetpack_publicize_connections":[],"jetpack-related-posts":[],"jetpack_shortlink":"https:\/\/wp.me\/p7Eq1F-7tb","jetpack_sharing_enabled":true,"jetpack_featured_media_url":"https:\/\/i0.wp.com\/guialimeira.com.br\/news\/wp-content\/uploads\/2025\/03\/Cidades-brasileiras-tem-atos-contra-anistia-a-golpistas-neste-domingo.jpg?fit=1600%2C800&ssl=1","_links":{"self":[{"href":"https:\/\/guialimeira.com.br\/news\/wp-json\/wp\/v2\/posts\/28717","targetHints":{"allow":["GET"]}}],"collection":[{"href":"https:\/\/guialimeira.com.br\/news\/wp-json\/wp\/v2\/posts"}],"about":[{"href":"https:\/\/guialimeira.com.br\/news\/wp-json\/wp\/v2\/types\/post"}],"author":[{"embeddable":true,"href":"https:\/\/guialimeira.com.br\/news\/wp-json\/wp\/v2\/users\/1"}],"replies":[{"embeddable":true,"href":"https:\/\/guialimeira.com.br\/news\/wp-json\/wp\/v2\/comments?post=28717"}],"version-history":[{"count":1,"href":"https:\/\/guialimeira.com.br\/news\/wp-json\/wp\/v2\/posts\/28717\/revisions"}],"predecessor-version":[{"id":28719,"href":"https:\/\/guialimeira.com.br\/news\/wp-json\/wp\/v2\/posts\/28717\/revisions\/28719"}],"wp:featuredmedia":[{"embeddable":true,"href":"https:\/\/guialimeira.com.br\/news\/wp-json\/wp\/v2\/media\/28718"}],"wp:attachment":[{"href":"https:\/\/guialimeira.com.br\/news\/wp-json\/wp\/v2\/media?parent=28717"}],"wp:term":[{"taxonomy":"category","embeddable":true,"href":"https:\/\/guialimeira.com.br\/news\/wp-json\/wp\/v2\/categories?post=28717"},{"taxonomy":"post_tag","embeddable":true,"href":"https:\/\/guialimeira.com.br\/news\/wp-json\/wp\/v2\/tags?post=28717"}],"curies":[{"name":"wp","href":"https:\/\/api.w.org\/{rel}","templated":true}]}}