{"id":287,"date":"2024-03-29T15:30:53","date_gmt":"2024-03-29T18:30:53","guid":{"rendered":"https:\/\/guialimeira.com.br\/2024\/03\/29\/parques-nacionais-do-pais-batem-recorde-de-publico-em-2023\/"},"modified":"2024-03-29T15:30:53","modified_gmt":"2024-03-29T18:30:53","slug":"parques-nacionais-do-pais-batem-recorde-de-publico-em-2023","status":"publish","type":"post","link":"https:\/\/guialimeira.com.br\/news\/parques-nacionais-do-pais-batem-recorde-de-publico-em-2023\/","title":{"rendered":"Parques nacionais do pa\u00eds batem recorde de p\u00fablico em 2023"},"content":{"rendered":"<p> <br \/>\n<\/p>\n<div>\n<p>Os parques nacionais do pa\u00eds tiveram um pico de visita\u00e7\u00e3o no ano de 2023 com o registro hist\u00f3rico de 11,8 milh\u00f5es de pessoas, 15% a mais que o total de visita\u00e7\u00f5es no ano anterior. Os n\u00fameros s\u00e3o do Instituto Chico Mendes de Conserva\u00e7\u00e3o da Biodiversidade (ICMBio), que administra as unidades de conserva\u00e7\u00e3o federais.\u00a0<img data-recalc-dims=\"1\" decoding=\"async\" src=\"https:\/\/i0.wp.com\/agenciabrasil.ebc.com.br\/ebc.png?w=696&#038;ssl=1\" style=\"width:1px; height:1px; display:inline;\"\/><img data-recalc-dims=\"1\" decoding=\"async\" src=\"https:\/\/i0.wp.com\/agenciabrasil.ebc.com.br\/ebc.gif?w=696&#038;ssl=1\" style=\"width:1px; height:1px; display:inline;\"\/><\/p>\n<p>O recorde em compara\u00e7\u00e3o aos anos anteriores reflete uma recupera\u00e7\u00e3o dos n\u00fameros pr\u00e9-pandemia, al\u00e9m de uma crescente demanda por experi\u00eancias ao ar livre e em contato com a natureza.<\/p>\n<p>O Parque Nacional da Tijuca, o maior parque urbano do mundo, instalado na cidade do Rio de Janeiro, segue como l\u00edder do ranking de visitas. Em 2023, o lugar alcan\u00e7ou pela primeira vez a marca hist\u00f3rica de mais de 4 milh\u00f5es de pessoas. A unidade passou de 3.542.778 frequentadores em 2022 para 4.464.257 no \u00faltimo ano. Suas trilhas, cachoeiras e vistas panor\u00e2micas continuam a cativar brasileiros e estrangeiros, oferecendo passeios e caminhadas no meio da floresta.<\/p>\n<p>O analista ambiental Leonardo Freitas, da equipe de uso p\u00fablico do Parque Nacional da Tijuca, disse que o aumento de cerca de 25% na visita\u00e7\u00e3o aconteceu de forma bem distribu\u00edda em toda a unidade. \u201cA Floresta da Tijuca e o Parque Lage, nos quais n\u00e3o h\u00e1 cobran\u00e7a de ingresso, receberam cerca de 30% a mais de visitantes na compara\u00e7\u00e3o com 2022, enquanto o Corcovado e a Vista Chinesa aumentaram o seu p\u00fablico em 27% e 15%, respectivamente\u201d, avalia.\u00a0<\/p>\n<p>A pesquisa Tend\u00eancias de Turismo 2024, realizada pelo Minist\u00e9rio do Turismo, aponta que o turismo de natureza\/ecoturismo como a segunda principal motiva\u00e7\u00e3o do viajante brasileiro, com 27% da prefer\u00eancia dos entrevistados, atr\u00e1s apenas do turismo de sol e praia, o favorito de 59% dos consultados, o que contribui para embasar a visita\u00e7\u00e3o aos parques nacionais.<\/p>\n<p>\u201cO Minist\u00e9rio tem apostado cada vez mais no fomento ao segmento do ecoturismo como uma pol\u00edtica p\u00fablica para a promo\u00e7\u00e3o do turismo sustent\u00e1vel, pois, em especial depois da pandemia de covid-19, as pessoas passaram a buscar mais essa forma de conex\u00e3o com a natureza, aliada a a\u00e7\u00f5es de preserva\u00e7\u00e3o das nossas riquezas naturais\u201d, explica a coordenadora-geral de Sustentabilidade e a\u00e7\u00f5es clim\u00e1ticas do Minist\u00e9rio do Turismo, Carolina F\u00e1vero.\u00a0<\/p>\n<p>Ranking dos 10 parques nacionais mais visitados do pa\u00eds em 2023:<\/p>\n<table border=\"1\" cellpadding=\"1\" cellspacing=\"1\" style=\"width:500px;\">\n<tbody>\n<tr>\n<td>Ranking<\/td>\n<td>\n<p>Parques Nacionais<\/p>\n<\/td>\n<td>\n<p>N\u00ba de visitas<\/p>\n<\/td>\n<\/tr>\n<tr>\n<td>1\u00ba<\/td>\n<td>\n<p>Parque Nacional da Tijuca<\/p>\n<\/td>\n<td>\n<p>4.464.257<\/p>\n<\/td>\n<\/tr>\n<tr>\n<td>2\u00ba<\/td>\n<td>\n<p>Parque Nacional do Igua\u00e7u<\/p>\n<\/td>\n<td>\n<p>1.800.225<\/p>\n<\/td>\n<\/tr>\n<tr>\n<td>3\u00ba<\/td>\n<td>\n<p>Parque Nacional de Jericoacoara<\/p>\n<\/td>\n<td>1.487.283<\/td>\n<\/tr>\n<tr>\n<td>4\u00ba<\/td>\n<td>\n<p>Parque Nacional da Serra da Bocaina<\/p>\n<\/td>\n<td>715.537<\/td>\n<\/tr>\n<tr>\n<td>5\u00ba<\/td>\n<td>\n<p>Parque Nacional Marinho de Fernando de Noronha<\/p>\n<\/td>\n<td>618.238<\/td>\n<\/tr>\n<tr>\n<td>6\u00ba<\/td>\n<td>\n<p>Parque Nacional dos Len\u00e7\u00f3is Maranhenses<\/p>\n<\/td>\n<td>408.235<\/td>\n<\/tr>\n<tr>\n<td>7\u00ba<\/td>\n<td>\n<p>Parque Nacional e Hist\u00f3rico do Monte Pascoal<\/p>\n<\/td>\n<td>323.149<\/td>\n<\/tr>\n<tr>\n<td>8\u00ba<\/td>\n<td>\n<p>Parque Nacional de Bras\u00edlia<\/p>\n<\/td>\n<td>300.603<\/td>\n<\/tr>\n<tr>\n<td>9\u00ba<\/td>\n<td>\n<p>Parque Nacional de Ubajara<\/p>\n<\/td>\n<td>210.898<\/td>\n<\/tr>\n<tr>\n<td>10\u00ba<\/td>\n<td>\n<p>Parque Nacional da Serra dos \u00d3rg\u00e3os<\/p>\n<\/td>\n<td>208.974<\/td>\n<\/tr>\n<\/tbody>\n<\/table>\n<p><em>Fonte: Minist\u00e9rio do Turismo<\/em><\/p>\n<\/p><\/div>\n<p><br \/>\n<br \/><a href=\"https:\/\/agenciabrasil.ebc.com.br\/geral\/noticia\/2024-03\/parques-nacionais-do-pais-batem-recorde-de-publico-em-2023\" rel=\"noopener\">Ag\u00eancia Brasil<\/a><\/p>\n","protected":false},"excerpt":{"rendered":"<p>Os parques nacionais do pa\u00eds tiveram um pico de visita\u00e7\u00e3o no ano de 2023 com o registro hist\u00f3rico de 11,8 milh\u00f5es de pessoas, 15% a mais que o total de visita\u00e7\u00f5es no ano anterior. Os n\u00fameros s\u00e3o do Instituto Chico Mendes de Conserva\u00e7\u00e3o da Biodiversidade (ICMBio), que administra as unidades de conserva\u00e7\u00e3o federais.\u00a0 O recorde [&hellip;]<\/p>\n","protected":false},"author":1,"featured_media":288,"comment_status":"open","ping_status":"open","sticky":false,"template":"","format":"standard","meta":{"_jetpack_newsletter_access":"","_jetpack_dont_email_post_to_subs":false,"_jetpack_newsletter_tier_id":0,"_jetpack_memberships_contains_paywalled_content":false,"_mbp_banners":[],"_jetpack_feature_clip_id":0,"_jetpack_memberships_contains_paid_content":false,"footnotes":"","jetpack_publicize_message":"","jetpack_publicize_feature_enabled":true,"jetpack_social_post_already_shared":false,"jetpack_social_options":{"image_generator_settings":{"template":"highway","default_image_id":0,"font":"","enabled":false},"version":2},"jetpack_post_was_ever_published":false},"categories":[1],"tags":[],"class_list":["post-287","post","type-post","status-publish","format-standard","has-post-thumbnail","category-geral"],"jetpack_publicize_connections":[],"jetpack-related-posts":[],"jetpack_shortlink":"https:\/\/wp.me\/p7Eq1F-4D","jetpack_sharing_enabled":true,"jetpack_featured_media_url":"https:\/\/i0.wp.com\/guialimeira.com.br\/news\/wp-content\/uploads\/2024\/03\/dsc4991_0.jpg?fit=1600%2C800&ssl=1","_links":{"self":[{"href":"https:\/\/guialimeira.com.br\/news\/wp-json\/wp\/v2\/posts\/287","targetHints":{"allow":["GET"]}}],"collection":[{"href":"https:\/\/guialimeira.com.br\/news\/wp-json\/wp\/v2\/posts"}],"about":[{"href":"https:\/\/guialimeira.com.br\/news\/wp-json\/wp\/v2\/types\/post"}],"author":[{"embeddable":true,"href":"https:\/\/guialimeira.com.br\/news\/wp-json\/wp\/v2\/users\/1"}],"replies":[{"embeddable":true,"href":"https:\/\/guialimeira.com.br\/news\/wp-json\/wp\/v2\/comments?post=287"}],"version-history":[{"count":0,"href":"https:\/\/guialimeira.com.br\/news\/wp-json\/wp\/v2\/posts\/287\/revisions"}],"wp:featuredmedia":[{"embeddable":true,"href":"https:\/\/guialimeira.com.br\/news\/wp-json\/wp\/v2\/media\/288"}],"wp:attachment":[{"href":"https:\/\/guialimeira.com.br\/news\/wp-json\/wp\/v2\/media?parent=287"}],"wp:term":[{"taxonomy":"category","embeddable":true,"href":"https:\/\/guialimeira.com.br\/news\/wp-json\/wp\/v2\/categories?post=287"},{"taxonomy":"post_tag","embeddable":true,"href":"https:\/\/guialimeira.com.br\/news\/wp-json\/wp\/v2\/tags?post=287"}],"curies":[{"name":"wp","href":"https:\/\/api.w.org\/{rel}","templated":true}]}}