{"id":28683,"date":"2025-03-30T10:27:09","date_gmt":"2025-03-30T13:27:09","guid":{"rendered":"https:\/\/guialimeira.com.br\/?p=28683"},"modified":"2025-03-30T10:27:10","modified_gmt":"2025-03-30T13:27:10","slug":"servico-de-varricao-em-limeira-vereadora-lu-bogo-solicita-informacoes-a-prefeitura-sobre-atendimento-e-cobertura","status":"publish","type":"post","link":"https:\/\/guialimeira.com.br\/news\/servico-de-varricao-em-limeira-vereadora-lu-bogo-solicita-informacoes-a-prefeitura-sobre-atendimento-e-cobertura\/","title":{"rendered":"Servi\u00e7o de varri\u00e7\u00e3o em Limeira: Vereadora Lu Bogo solicita informa\u00e7\u00f5es a prefeitura sobre atendimento e cobertura"},"content":{"rendered":"\n<p class=\"wp-block-paragraph\">A limpeza urbana \u00e9 essencial para a sa\u00fade p\u00fablica, o bem-estar da popula\u00e7\u00e3o e a imagem da cidade. Diante disso, a <strong>vereadora Lu Bogo (PL)<\/strong> solicitou formalmente ao Poder Executivo informa\u00e7\u00f5es detalhadas sobre o <strong>servi\u00e7o de varri\u00e7\u00e3o em Limeira<\/strong>, buscando garantir mais efici\u00eancia e ampliar a cobertura deste servi\u00e7o para bairros que, segundo moradores, t\u00eam sido esquecidos.<\/p>\n\n\n\n<p class=\"wp-block-paragraph\">Em sua solicita\u00e7\u00e3o, a vereadora questiona:<\/p>\n\n\n\n<ul class=\"wp-block-list\">\n<li><strong>Como est\u00e1 o servi\u00e7o de varri\u00e7\u00e3o atualmente na cidade?<\/strong><\/li>\n\n\n\n<li><strong>Quantos profissionais est\u00e3o atuando nesse setor?<\/strong><\/li>\n\n\n\n<li><strong>Quais bairros e ruas est\u00e3o sendo atendidos regularmente?<\/strong><\/li>\n\n\n\n<li><strong>Existe previs\u00e3o de contrata\u00e7\u00e3o de mais varredores para ampliar o atendimento?<\/strong><\/li>\n<\/ul>\n\n\n\n<h3 class=\"wp-block-heading\">\ud83d\udea7 Reclama\u00e7\u00f5es da popula\u00e7\u00e3o motivam pedido<\/h3>\n\n\n\n<p class=\"wp-block-paragraph\">De acordo com relatos recebidos por Lu Bogo, o servi\u00e7o de varri\u00e7\u00e3o deixou de ser realizado em algumas ruas onde antes era comum a presen\u00e7a dos profissionais da limpeza. Al\u00e9m disso, moradores de regi\u00f5es mais afastadas do centro relatam a aus\u00eancia frequente do servi\u00e7o, gerando ac\u00famulo de lixo, folhas e detritos nas vias p\u00fablicas.<\/p>\n\n\n\n<p class=\"wp-block-paragraph\">A vereadora destaca que, para al\u00e9m do centro da cidade, <strong>todos os bairros devem ser contemplados com a varri\u00e7\u00e3o de forma igualit\u00e1ria<\/strong>. \u201cA limpeza urbana n\u00e3o pode ser privil\u00e9gio de uma regi\u00e3o. \u00c9 uma necessidade b\u00e1sica que impacta diretamente na qualidade de vida de todos os limeirenses\u201d, afirma.<\/p>\n\n\n\n<h3 class=\"wp-block-heading\">\ud83e\uddf9 Por que ampliar o servi\u00e7o de varri\u00e7\u00e3o \u00e9 essencial?<\/h3>\n\n\n\n<ul class=\"wp-block-list\">\n<li><strong>Previne alagamentos<\/strong> causados pelo entupimento de bueiros com lixo e folhas.<\/li>\n\n\n\n<li><strong>Reduz a prolifera\u00e7\u00e3o de pragas e doen\u00e7as<\/strong>, como dengue e leptospirose.<\/li>\n\n\n\n<li><strong>Valoriza os espa\u00e7os p\u00fablicos<\/strong>, promovendo sensa\u00e7\u00e3o de cuidado e seguran\u00e7a.<\/li>\n\n\n\n<li><strong>Fortalece o turismo e o com\u00e9rcio local<\/strong>, contribuindo para uma cidade mais acolhedora e limpa.<\/li>\n<\/ul>\n\n\n\n<h3 class=\"wp-block-heading\">\u2705 Compromisso com a transpar\u00eancia e o bem-estar coletivo<\/h3>\n\n\n\n<p class=\"wp-block-paragraph\">A vereadora Lu Bogo refor\u00e7a seu compromisso com a transpar\u00eancia e a escuta ativa das demandas da popula\u00e7\u00e3o. Ao apresentar esse requerimento, ela busca respostas oficiais e a\u00e7\u00f5es concretas para garantir que o <strong>servi\u00e7o de varri\u00e7\u00e3o em Limeira<\/strong> funcione com qualidade e atenda todas as regi\u00f5es da cidade.<\/p>\n\n\n\n<p class=\"wp-block-paragraph\"><strong>&#8220;Vamos continuar cobrando e fiscalizando para que os servi\u00e7os p\u00fablicos cheguem com efici\u00eancia a todos os cantos de Limeira&#8221;,<\/strong> finaliza.<\/p>\n","protected":false},"excerpt":{"rendered":"<p>A limpeza urbana \u00e9 essencial para a sa\u00fade p\u00fablica, o bem-estar da popula\u00e7\u00e3o e a imagem da cidade. Diante disso, a vereadora Lu Bogo (PL) solicitou formalmente ao Poder Executivo informa\u00e7\u00f5es detalhadas sobre o servi\u00e7o de varri\u00e7\u00e3o em Limeira, buscando garantir mais efici\u00eancia e ampliar a cobertura deste servi\u00e7o para bairros que, segundo moradores, t\u00eam [&hellip;]<\/p>\n","protected":false},"author":1,"featured_media":28684,"comment_status":"open","ping_status":"open","sticky":false,"template":"","format":"standard","meta":{"_jetpack_newsletter_access":"","_jetpack_dont_email_post_to_subs":false,"_jetpack_newsletter_tier_id":0,"_jetpack_memberships_contains_paywalled_content":false,"_mbp_banners":[],"_jetpack_feature_clip_id":0,"_jetpack_memberships_contains_paid_content":false,"footnotes":"","jetpack_publicize_message":"","jetpack_publicize_feature_enabled":true,"jetpack_social_post_already_shared":true,"jetpack_social_options":{"image_generator_settings":{"template":"highway","default_image_id":0,"font":"","enabled":false},"version":2},"jetpack_post_was_ever_published":false},"categories":[19],"tags":[],"class_list":["post-28683","post","type-post","status-publish","format-standard","has-post-thumbnail","category-politica"],"jetpack_publicize_connections":[],"jetpack-related-posts":[],"jetpack_shortlink":"https:\/\/wp.me\/p7Eq1F-7sD","jetpack_sharing_enabled":true,"jetpack_featured_media_url":"https:\/\/i0.wp.com\/guialimeira.com.br\/news\/wp-content\/uploads\/2025\/03\/varricao-de-rua.jpg?fit=1024%2C576&ssl=1","_links":{"self":[{"href":"https:\/\/guialimeira.com.br\/news\/wp-json\/wp\/v2\/posts\/28683","targetHints":{"allow":["GET"]}}],"collection":[{"href":"https:\/\/guialimeira.com.br\/news\/wp-json\/wp\/v2\/posts"}],"about":[{"href":"https:\/\/guialimeira.com.br\/news\/wp-json\/wp\/v2\/types\/post"}],"author":[{"embeddable":true,"href":"https:\/\/guialimeira.com.br\/news\/wp-json\/wp\/v2\/users\/1"}],"replies":[{"embeddable":true,"href":"https:\/\/guialimeira.com.br\/news\/wp-json\/wp\/v2\/comments?post=28683"}],"version-history":[{"count":1,"href":"https:\/\/guialimeira.com.br\/news\/wp-json\/wp\/v2\/posts\/28683\/revisions"}],"predecessor-version":[{"id":28685,"href":"https:\/\/guialimeira.com.br\/news\/wp-json\/wp\/v2\/posts\/28683\/revisions\/28685"}],"wp:featuredmedia":[{"embeddable":true,"href":"https:\/\/guialimeira.com.br\/news\/wp-json\/wp\/v2\/media\/28684"}],"wp:attachment":[{"href":"https:\/\/guialimeira.com.br\/news\/wp-json\/wp\/v2\/media?parent=28683"}],"wp:term":[{"taxonomy":"category","embeddable":true,"href":"https:\/\/guialimeira.com.br\/news\/wp-json\/wp\/v2\/categories?post=28683"},{"taxonomy":"post_tag","embeddable":true,"href":"https:\/\/guialimeira.com.br\/news\/wp-json\/wp\/v2\/tags?post=28683"}],"curies":[{"name":"wp","href":"https:\/\/api.w.org\/{rel}","templated":true}]}}