{"id":28666,"date":"2025-03-29T18:28:23","date_gmt":"2025-03-29T21:28:23","guid":{"rendered":"https:\/\/guialimeira.com.br\/2025\/03\/29\/rio-comeca-campanha-contra-a-gripe\/"},"modified":"2025-03-29T18:28:23","modified_gmt":"2025-03-29T21:28:23","slug":"rio-comeca-campanha-contra-a-gripe","status":"publish","type":"post","link":"https:\/\/guialimeira.com.br\/news\/rio-comeca-campanha-contra-a-gripe\/","title":{"rendered":"Rio come\u00e7a campanha contra a gripe"},"content":{"rendered":"<p> <br \/>\n<\/p>\n<div>\n<p><strong>O Rio de Janeiro come\u00e7ou neste s\u00e1bado (29) a campanha anual de vacina\u00e7\u00e3o contra a gripe<\/strong>. O primeiro grupo imunizado foi o de profissionais da \u00e1rea de sa\u00fade. A vacina protege contra tr\u00eas tipos de influenza: H1N1 (Victoria), H3N2 (Tail\u00e2ndia) e B (\u00c1ustria).<img data-recalc-dims=\"1\" decoding=\"async\" src=\"https:\/\/i0.wp.com\/agenciabrasil.ebc.com.br\/ebc.png?w=696&#038;ssl=1\" style=\"width:1px; height:1px; display:inline;\"\/><img data-recalc-dims=\"1\" decoding=\"async\" src=\"https:\/\/i0.wp.com\/agenciabrasil.ebc.com.br\/ebc.gif?w=696&#038;ssl=1\" style=\"width:1px; height:1px; display:inline;\"\/><\/p>\n<p>Para a Secretaria Municipal de Sa\u00fade, a dose anual \u00e9 \u201cfundamental para prevenir complica\u00e7\u00f5es, interna\u00e7\u00f5es e mortes decorrentes das infec\u00e7\u00f5es do v\u00edrus da influenza nos grupos mais vulner\u00e1veis\u201d. Apenas em 2025, o Rio registra nove mortes e 64 interna\u00e7\u00f5es por influenza.<\/p>\n<p>\u201c<strong>Enquanto profissionais de sa\u00fade, n\u00f3s tamb\u00e9m temos que dar o exemplo para incentivar a popula\u00e7\u00e3o a se vacinar. A vacina \u00e9 segura e gratuita, al\u00e9m de prevenir v\u00e1rias doen\u00e7as e problemas pulmonares\u201d, disse a sanitarista Jussara Santos<\/strong>.<\/p>\n<p><strong>\u201cEu sou asm\u00e1tica e, depois que comecei a tomar a vacina, nunca mais tive complica\u00e7\u00f5es respirat\u00f3rias. Ent\u00e3o, a imuniza\u00e7\u00e3o previne agravamentos da doen\u00e7a e hospitaliza\u00e7\u00f5es&#8221;, completou<\/strong>.<\/p>\n<p>Para a primeira semana da campanha, a cidade recebeu 220 mil doses da vacina. Em 2024, mais de dois milh\u00f5es de vacinas foram aplicadas na campanha municipal.<\/p>\n<h2>Vacina segura<\/h2>\n<p><strong>A vacina \u00e9 segura para todos os grupos indicados. \u201cAs \u00fanicas exce\u00e7\u00f5es para precau\u00e7\u00e3o s\u00e3o pessoas com hist\u00f3rico de alergia grave em dose anterior da vacina influenza, e n\u00e3o h\u00e1 indica\u00e7\u00e3o para crian\u00e7as menores de seis meses de idade\u201d, afirma a secretaria<\/strong>.<\/p>\n<p>Em caso de d\u00favidas, os servi\u00e7os de sa\u00fade poder\u00e3o avaliar cada caso. N\u00e3o h\u00e1 intervalo entre a imuniza\u00e7\u00e3o contra a gripe e as vacinas de rotina. Pessoas com covid-19, sintomas gripais ou de dengue devem adiar a vacina\u00e7\u00e3o at\u00e9 a recupera\u00e7\u00e3o cl\u00ednica total.<\/p>\n<p><strong>Para se vacinar, o usu\u00e1rio deve comparecer \u00e0 unidade de sa\u00fade com documento de identifica\u00e7\u00e3o e caderneta de vacina\u00e7\u00e3o<\/strong>, al\u00e9m de comprovante de classifica\u00e7\u00e3o como grupo priorit\u00e1rio (laudo m\u00e9dico e documento funcional para os grupos profissionais atendidos, entre outros).<\/p>\n<p><a href=\"https:\/\/saude.prefeitura.rio\/vacinacao\/vacina-gripe\" target=\"_blank\" rel=\"noopener\">Confira os grupos priorit\u00e1rios e o calend\u00e1rio.<\/a><\/p>\n<p>      <!-- Relacionada --><\/p>\n<p>            <!-- Relacionada -->\n    <\/div>\n<p><br \/>\n<br \/><a href=\"https:\/\/agenciabrasil.ebc.com.br\/saude\/noticia\/2025-03\/rio-comeca-campanha-contra-gripe\" rel=\"noopener\">Ag\u00eancia Brasil <\/a><\/p>\n","protected":false},"excerpt":{"rendered":"<p>O Rio de Janeiro come\u00e7ou neste s\u00e1bado (29) a campanha anual de vacina\u00e7\u00e3o contra a gripe. O primeiro grupo imunizado foi o de profissionais da \u00e1rea de sa\u00fade. A vacina protege contra tr\u00eas tipos de influenza: H1N1 (Victoria), H3N2 (Tail\u00e2ndia) e B (\u00c1ustria). Para a Secretaria Municipal de Sa\u00fade, a dose anual \u00e9 \u201cfundamental para [&hellip;]<\/p>\n","protected":false},"author":1,"featured_media":28667,"comment_status":"open","ping_status":"open","sticky":false,"template":"","format":"standard","meta":{"_jetpack_newsletter_access":"","_jetpack_dont_email_post_to_subs":false,"_jetpack_newsletter_tier_id":0,"_jetpack_memberships_contains_paywalled_content":false,"_mbp_banners":[],"_jetpack_feature_clip_id":0,"_jetpack_memberships_contains_paid_content":false,"footnotes":"","jetpack_publicize_message":"","jetpack_publicize_feature_enabled":true,"jetpack_social_post_already_shared":true,"jetpack_social_options":{"image_generator_settings":{"template":"highway","default_image_id":0,"font":"","enabled":false},"version":2},"jetpack_post_was_ever_published":false},"categories":[15],"tags":[],"class_list":["post-28666","post","type-post","status-publish","format-standard","has-post-thumbnail","category-saude"],"jetpack_publicize_connections":[],"jetpack-related-posts":[],"jetpack_shortlink":"https:\/\/wp.me\/p7Eq1F-7sm","jetpack_sharing_enabled":true,"jetpack_featured_media_url":"https:\/\/i0.wp.com\/guialimeira.com.br\/news\/wp-content\/uploads\/2025\/03\/vacinacao_contra_a_gripe_no_rio_-_creditos_edu_kapps-sms_1.jpg?fit=1600%2C800&ssl=1","_links":{"self":[{"href":"https:\/\/guialimeira.com.br\/news\/wp-json\/wp\/v2\/posts\/28666","targetHints":{"allow":["GET"]}}],"collection":[{"href":"https:\/\/guialimeira.com.br\/news\/wp-json\/wp\/v2\/posts"}],"about":[{"href":"https:\/\/guialimeira.com.br\/news\/wp-json\/wp\/v2\/types\/post"}],"author":[{"embeddable":true,"href":"https:\/\/guialimeira.com.br\/news\/wp-json\/wp\/v2\/users\/1"}],"replies":[{"embeddable":true,"href":"https:\/\/guialimeira.com.br\/news\/wp-json\/wp\/v2\/comments?post=28666"}],"version-history":[{"count":0,"href":"https:\/\/guialimeira.com.br\/news\/wp-json\/wp\/v2\/posts\/28666\/revisions"}],"wp:featuredmedia":[{"embeddable":true,"href":"https:\/\/guialimeira.com.br\/news\/wp-json\/wp\/v2\/media\/28667"}],"wp:attachment":[{"href":"https:\/\/guialimeira.com.br\/news\/wp-json\/wp\/v2\/media?parent=28666"}],"wp:term":[{"taxonomy":"category","embeddable":true,"href":"https:\/\/guialimeira.com.br\/news\/wp-json\/wp\/v2\/categories?post=28666"},{"taxonomy":"post_tag","embeddable":true,"href":"https:\/\/guialimeira.com.br\/news\/wp-json\/wp\/v2\/tags?post=28666"}],"curies":[{"name":"wp","href":"https:\/\/api.w.org\/{rel}","templated":true}]}}