{"id":28593,"date":"2025-03-28T20:15:43","date_gmt":"2025-03-28T23:15:43","guid":{"rendered":"https:\/\/guialimeira.com.br\/?p=28593"},"modified":"2025-03-28T20:15:43","modified_gmt":"2025-03-28T23:15:43","slug":"quatro-projetos-estao-na-pauta-da-sessao-de-segunda-feira-31-3","status":"publish","type":"post","link":"https:\/\/guialimeira.com.br\/news\/quatro-projetos-estao-na-pauta-da-sessao-de-segunda-feira-31-3\/","title":{"rendered":"Quatro projetos est\u00e3o na pauta da sess\u00e3o de segunda-feira (31\/3)"},"content":{"rendered":"\n<figure class=\"wp-block-gallery has-nested-images columns-default is-cropped wp-block-gallery-1 is-layout-flex wp-block-gallery-is-layout-flex\"><\/figure>\n \r\n<br><img data-recalc-dims=\"1\" decoding=\"async\" src=\"https:\/\/i0.wp.com\/guialimeira.com.br\/wp-content\/uploads\/2025\/03\/2025-03-28_quatro-projetos-estao-na-pauta-da-sessao-de-segundafeira-313_1.jpg?w=696&#038;ssl=1\" \/><br><div>\n\t\t\t\t\t<p>Quatro projetos est\u00e3o na pauta da pr\u00f3xima sess\u00e3o ordin\u00e1ria da C\u00e2mara Municipal de Limeira, que acontece na segunda-feira, 31 de mar\u00e7o. A vota\u00e7\u00e3o segue a <a href=\"https:\/\/consulta.limeira.sp.leg.br\/Sessoes\/Documento\/371933\" rel=\"noopener\">Ordem do Dia<\/a> e os trabalhos podem ser acompanhados ao vivo pelos canais de comunica\u00e7\u00e3o do Legislativo no <a href=\"https:\/\/www.youtube.com\/user\/camaradelimeira\" rel=\"noopener\">Youtube<\/a>,<a href=\"https:\/\/www.facebook.com\/camaradelimeira\/\" rel=\"noopener\"> Facebook<\/a> e<a href=\"http:\/\/www.limeira.sp.leg.br\/sessoes\/aovivo\" rel=\"noopener\"> site<\/a>, e pela R\u00e1dio Limeira FM 106,9, a partir das 17h.\u00a0<\/p><p>Devido \u00e0s obras de reforma e amplia\u00e7\u00e3o da sede, a C\u00e2mara est\u00e1 localizada na rua Clarino Peixoto, 280 &#8211; Jardim Maria Buchi Modeneis; para entrar no pr\u00e9dio e acompanhar as sess\u00f5es presencialmente basta se identificar na portaria e seguir at\u00e9 o \u00faltimo bloco.\u00a0 Para saber como chegar no novo endere\u00e7o, acesse este <a href=\"https:\/\/www.limeira.sp.leg.br\/noticias\/view\/2025-01-30_camara-de-limeira-funciona-em-novo-endereco-devido-obras-de-ampliacao-e-reforma\" rel=\"noopener\">link<\/a>.<\/p><p><strong>Confira as proposituras que v\u00e3o \u00e0 vota\u00e7\u00e3o:<\/strong><\/p><p><a href=\"https:\/\/consulta.limeira.sp.leg.br\/Documentos\/Documento\/366624\" rel=\"noopener\">Projeto de Lei Complementar N\u00ba 1\/2025<\/a>, da Prefeitura, disp\u00f5e sobre concess\u00e3o de isen\u00e7\u00e3o do Imposto Predial e Territorial Urbano (IPTU) para aposentados, pensionista e amparados pelo Benef\u00edcio de Presta\u00e7\u00e3o Continuada (BPC\/LOAS), revoga as leis <a href=\"https:\/\/legislacao.limeira.sp.leg.br\/limeira-sp?Pagina=1&amp;Pesquisa=Avancada&amp;TipoId=0&amp;Numero=2684&amp;Ano=1993&amp;Data=&amp;NumeroFinal=&amp;AnoFinal=&amp;DataFinal=&amp;SituacaoId=0&amp;ClassificacaoId=0&amp;IniciativaTipoId=0&amp;IniciativaEntidadeId=0&amp;EmentaAssunto=&amp;NoTexto=false\" rel=\"noopener\">N\u00b02684\/1993<\/a>, <a href=\"http:\/\/v\">N\u00b0121\/1994<\/a> e <a href=\"https:\/\/legislacao.limeira.sp.leg.br\/limeira-sp?Pagina=1&amp;Pesquisa=Avancada&amp;TipoId=0&amp;Numero=5174&amp;Ano=2013&amp;Data=&amp;NumeroFinal=&amp;AnoFinal=&amp;DataFinal=&amp;SituacaoId=0&amp;ClassificacaoId=0&amp;IniciativaTipoId=0&amp;IniciativaEntidadeId=0&amp;EmentaAssunto=&amp;NoTexto=false\" rel=\"noopener\">N\u00b05174\/2013<\/a>.<\/p><p><a href=\"https:\/\/consulta.limeira.sp.leg.br\/Documentos\/Documento\/366693\" rel=\"noopener\">Proposta de Emenda \u00e0 Lei Org\u00e2nica N\u00ba 1\/2025 <\/a>, do vereador Elias Barbosa (PRTB), modifica a reda\u00e7\u00e3o do inciso XXVII, do artigo 81, da <a href=\"https:\/\/legislacao.limeira.sp.leg.br\/Limeira-SP\/LeisOrganicas\/1-1990\" rel=\"noopener\">Lei Org\u00e2nica Municipal<\/a> (N\u00ba 1\/1990), para reduzir o prazo de 15 para 10 dias para que a Prefeitura preste informa\u00e7\u00f5es aos vereadores e entidades previstas na legisla\u00e7\u00e3o.<\/p><p><a href=\"https:\/\/consulta.limeira.sp.leg.br\/Documentos\/Documento\/348373\" rel=\"noopener\">Projeto de Lei N\u00ba 97\/2024<\/a>, da vereadora Lu Bogo (PL), acrescenta o par\u00e1grafo \u00fanico ao art. 1\u00ba da <a href=\"https:\/\/legislacao.limeira.sp.leg.br\/limeira-sp?Pagina=1&amp;Pesquisa=Avancada&amp;TipoId=0&amp;Numero=6874&amp;Ano=2023&amp;Data=&amp;NumeroFinal=&amp;AnoFinal=&amp;DataFinal=&amp;SituacaoId=0&amp;ClassificacaoId=0&amp;IniciativaTipoId=0&amp;IniciativaEntidadeId=0&amp;EmentaAssunto=&amp;NoTexto=false\" rel=\"noopener\">Lei N\u00ba 6874\/2023<\/a>, que disp\u00f5e sobre a cria\u00e7\u00e3o de vaga de embarque e desembarque para ve\u00edculos de transporte escolar em frente \u00e0s creches e escolas, para fins de embarque e desembarque.\u00a0<\/p><p><a href=\"https:\/\/consulta.limeira.sp.leg.br\/Documentos\/Documento\/370665\" rel=\"noopener\">Projeto de Lei N\u00ba 45\/2025<\/a>, do vereador Nilton Santos (Republicanos), perpetua o nome de Francisco Lino, \u201cChico Lino\u201d, na \u00e1rea verde III, IV e V + APP I, II, III da quadra V do loteamento Colinas do Engenho II.<\/p>\t\t\t\t<\/div>\r\n<br>\r\n<br><a href=\"https:\/\/www.limeira.sp.leg.br\/noticias\/view\/2025-03-28_quatro-projetos-estao-na-pauta-da-sessao-de-segundafeira-313\" rel=\"noopener\">Informa\u00e7\u00f5es CML <\/a>","protected":false},"excerpt":{"rendered":"<p>Quatro projetos est\u00e3o na pauta da pr\u00f3xima sess\u00e3o ordin\u00e1ria da C\u00e2mara Municipal de Limeira, que acontece na segunda-feira, 31 de mar\u00e7o. A vota\u00e7\u00e3o segue a Ordem do Dia e os trabalhos podem ser acompanhados ao vivo pelos canais de comunica\u00e7\u00e3o do Legislativo no Youtube, Facebook e site, e pela R\u00e1dio Limeira FM 106,9, a partir [&hellip;]<\/p>\n","protected":false},"author":1,"featured_media":28594,"comment_status":"open","ping_status":"open","sticky":false,"template":"","format":"standard","meta":{"_jetpack_newsletter_access":"","_jetpack_dont_email_post_to_subs":false,"_jetpack_newsletter_tier_id":0,"_jetpack_memberships_contains_paywalled_content":false,"_mbp_banners":[],"_jetpack_feature_clip_id":0,"_jetpack_memberships_contains_paid_content":false,"footnotes":"","jetpack_publicize_message":"","jetpack_publicize_feature_enabled":true,"jetpack_social_post_already_shared":true,"jetpack_social_options":{"image_generator_settings":{"template":"highway","default_image_id":0,"font":"","enabled":false},"version":2},"jetpack_post_was_ever_published":false},"categories":[19],"tags":[],"class_list":["post-28593","post","type-post","status-publish","format-standard","has-post-thumbnail","category-politica"],"jetpack_publicize_connections":[],"jetpack-related-posts":[],"jetpack_shortlink":"https:\/\/wp.me\/p7Eq1F-7rb","jetpack_sharing_enabled":true,"jetpack_featured_media_url":"https:\/\/i0.wp.com\/guialimeira.com.br\/news\/wp-content\/uploads\/2025\/03\/Quatro-projetos-estao-na-pauta-da-sessao-de-segunda-feira-313.jpg?fit=1280%2C640&ssl=1","_links":{"self":[{"href":"https:\/\/guialimeira.com.br\/news\/wp-json\/wp\/v2\/posts\/28593","targetHints":{"allow":["GET"]}}],"collection":[{"href":"https:\/\/guialimeira.com.br\/news\/wp-json\/wp\/v2\/posts"}],"about":[{"href":"https:\/\/guialimeira.com.br\/news\/wp-json\/wp\/v2\/types\/post"}],"author":[{"embeddable":true,"href":"https:\/\/guialimeira.com.br\/news\/wp-json\/wp\/v2\/users\/1"}],"replies":[{"embeddable":true,"href":"https:\/\/guialimeira.com.br\/news\/wp-json\/wp\/v2\/comments?post=28593"}],"version-history":[{"count":1,"href":"https:\/\/guialimeira.com.br\/news\/wp-json\/wp\/v2\/posts\/28593\/revisions"}],"predecessor-version":[{"id":28595,"href":"https:\/\/guialimeira.com.br\/news\/wp-json\/wp\/v2\/posts\/28593\/revisions\/28595"}],"wp:featuredmedia":[{"embeddable":true,"href":"https:\/\/guialimeira.com.br\/news\/wp-json\/wp\/v2\/media\/28594"}],"wp:attachment":[{"href":"https:\/\/guialimeira.com.br\/news\/wp-json\/wp\/v2\/media?parent=28593"}],"wp:term":[{"taxonomy":"category","embeddable":true,"href":"https:\/\/guialimeira.com.br\/news\/wp-json\/wp\/v2\/categories?post=28593"},{"taxonomy":"post_tag","embeddable":true,"href":"https:\/\/guialimeira.com.br\/news\/wp-json\/wp\/v2\/tags?post=28593"}],"curies":[{"name":"wp","href":"https:\/\/api.w.org\/{rel}","templated":true}]}}