{"id":28588,"date":"2025-03-28T19:38:29","date_gmt":"2025-03-28T22:38:29","guid":{"rendered":"https:\/\/guialimeira.com.br\/?p=28588"},"modified":"2025-03-28T19:38:29","modified_gmt":"2025-03-28T22:38:29","slug":"prefeito-de-bh-tem-parada-cardiorrespiratoria-e-estado-de-saude-piora","status":"publish","type":"post","link":"https:\/\/guialimeira.com.br\/news\/prefeito-de-bh-tem-parada-cardiorrespiratoria-e-estado-de-saude-piora\/","title":{"rendered":"Prefeito de BH tem parada cardiorrespirat\u00f3ria e estado de sa\u00fade piora"},"content":{"rendered":"\n<figure class=\"wp-block-gallery has-nested-images columns-default is-cropped wp-block-gallery-1 is-layout-flex wp-block-gallery-is-layout-flex\">\n<figure class=\"wp-block-image size-large\"><\/figure>\n\t\t\t\t\t\n<figure class=\"wp-block-image size-large\"><img loading=\"lazy\" decoding=\"async\" width=\"1\" height=\"1\" data-attachment-id=\"28587\" data-permalink=\"https:\/\/guialimeira.com.br\/news\/prefeito-de-bh-tem-parada-cardiorrespiratoria-e-estado-de-saude-2\/\" data-orig-file=\"https:\/\/i0.wp.com\/guialimeira.com.br\/news\/wp-content\/uploads\/2025\/03\/1743201506_208_ebc.gif?fit=1%2C1&amp;ssl=1\" data-orig-size=\"1,1\" data-comments-opened=\"1\" data-image-meta=\"{&quot;aperture&quot;:&quot;0&quot;,&quot;credit&quot;:&quot;&quot;,&quot;camera&quot;:&quot;&quot;,&quot;caption&quot;:&quot;&quot;,&quot;created_timestamp&quot;:&quot;0&quot;,&quot;copyright&quot;:&quot;&quot;,&quot;focal_length&quot;:&quot;0&quot;,&quot;iso&quot;:&quot;0&quot;,&quot;shutter_speed&quot;:&quot;0&quot;,&quot;title&quot;:&quot;&quot;,&quot;orientation&quot;:&quot;0&quot;}\" data-image-title=\"Prefeito de BH tem parada cardiorrespirat\u00f3ria e estado de sa\u00fade\" data-image-description=\"\" data-image-caption=\"\" data-large-file=\"https:\/\/i0.wp.com\/guialimeira.com.br\/news\/wp-content\/uploads\/2025\/03\/1743201506_208_ebc.gif?fit=1%2C1&amp;ssl=1\" data-id=\"28587\" src=\"https:\/\/i0.wp.com\/guialimeira.com.br\/wp-content\/uploads\/2025\/03\/1743201506_208_ebc.gif?resize=1%2C1&amp;ssl=1\" alt=\"\" class=\"wp-image-28587\" \/><\/figure>\n\t\t\t\t\t<\/figure>\n \r\n<br><div>\n                    <p><strong>O prefeito de Belo Horizonte, Fuad Noman, sofreu uma parada cardiorespirat\u00f3ria na noite dessa ter\u00e7a-feira (25). Segundo Boletim m\u00e9dico divulgado pelo Hospital Mater Dei, Noman foi reanimado, mas o quadro \u00e9 \u201cbastante grave\u201d.<\/strong><img data-recalc-dims=\"1\" decoding=\"async\" src=\"https:\/\/i0.wp.com\/guialimeira.com.br\/wp-content\/uploads\/2025\/03\/1743201506_918_ebc.png?w=696&#038;ssl=1\" style=\"width:1px;height:1px\" \/><img data-recalc-dims=\"1\" decoding=\"async\" src=\"https:\/\/i0.wp.com\/guialimeira.com.br\/wp-content\/uploads\/2025\/03\/1743201506_208_ebc.gif?w=696&#038;ssl=1\" style=\"width:1px;height:1px\" \/><\/p>\n\n<p>O prefeito est\u00e1 internado desde o dia 3 de janeiro, para tratar de uma pneumonia. O boletim m\u00e9dico informa que ap\u00f3s a reanima\u00e7\u00e3o, o quadro de Noman evoluiu com choque cardiog\u00eanico (diminui\u00e7\u00e3o da capacidade do cora\u00e7\u00e3o de bombear sangue de forma satisfat\u00f3ria), necessitando de doses elevadas de drogas vasoativas e inotr\u00f3picas.<\/p>\n\n<blockquote>\n<p>\u201cNo momento est\u00e1 em respira\u00e7\u00e3o controlada por aparelhos, mantendo press\u00e3o com medicamentos e cursando com Insufici\u00eancia Renal Aguda ap\u00f3s a Parada Cardiorrespirat\u00f3ria. O quadro no momento \u00e9 bastante grave\u201d, diz o boletim divulgado na manh\u00e3 desta quarta-feira (26).<\/p>\n<\/blockquote>\n\n<h2>Reelei\u00e7\u00e3o<\/h2>\n\n<p><strong>Reeleito com 53,76% dos votos v\u00e1lidos, na disputa do ano passado, Fuad Noman tem 77 anos, \u00e9 escritor, economista e foi servidor p\u00fablico de carreira do Banco Central. Ele assumiu a prefeitura de BH ap\u00f3s a ren\u00fancia de Alexandre Kalil, que concorreu ao governo de Minas Gerais.<\/strong><\/p>\n\n<p>O prefeito vem enfrentando problemas de sa\u00fade desde meados do ano passado. Em julho, ele revelou que havia sido diagnosticado com um linfoma n\u00e3o Hodgkin (LNH), um tipo de c\u00e2ncer que tem origem nas c\u00e9lulas do sistema linf\u00e1tico. Em dezembro do ano passado, Noman foi internado para tratar de um quadro de pneumonia e sinusite.<\/p>\n\n<p><strong>Em outubro, o prefeito\u00a0afirmou ter conclu\u00eddo o tratamento e que houve remiss\u00e3o total do c\u00e2ncer. A nova interna\u00e7\u00e3o, no entanto, j\u00e1 \u00e9 a quarta registrada desde novembro de 2024<\/strong>.<\/p>\n\n<p><a href=\"https:\/\/agenciabrasil.ebc.com.br\/geral\/noticia\/2024-12\/prefeito-de-belo-horizonte-esta-internado-para-tratar-de-pneumonia\" target=\"_blank\" rel=\"noopener\">Em dezembro, o prefeito foi ternado para tratar de uma pneumonia<\/a>. Na ocasi\u00e3o, ele teve necessidade de tratamento venoso com antibi\u00f3tico e fisioterapia respirat\u00f3ria.<\/p>\n\n<p>Em raz\u00e3o do seu quadro de sa\u00fade e por recomenda\u00e7\u00e3o m\u00e9dica,<a href=\"https:\/\/agenciabrasil.ebc.com.br\/politica\/noticia\/2025-01\/prefeito-de-bh-e-empossado-virtualmente-apos-recomendacao-medica\" target=\"_blank\" rel=\"noopener\"> Noman foi empossado de forma virtual no dia 1\u00ba de janeiro<\/a>.<\/p>\n\n<blockquote>\n<p>\u201cEm decorr\u00eancia do tratamento medicamentoso, o paciente apresenta quadro de imunossupress\u00e3o e est\u00e1 impossibilitado de comparecer a eventos com grande p\u00fablico por risco de contrair infec\u00e7\u00f5es\u201d, informou o \u00faltimo boletim m\u00e9dico.<\/p>\n<\/blockquote>\n\n<p>Dois ap\u00f3s a posse, <a href=\"https:\/\/agenciabrasil.ebc.com.br\/politica\/noticia\/2025-01\/prefeito-de-bh-e-internado-com-insuficiencia-respiratoria-aguda\" target=\"_blank\" rel=\"noopener\">o prefeito voltou a ser internado<\/a>. De acordo com comunicado divulgado pelo Hospital Mater Dei, ele deu entrada na Unidade de Terapia Intensiva (UTI) com insufici\u00eancia respirat\u00f3ria aguda e precisou fazer uso de assist\u00eancia ventilat\u00f3ria<\/p>\n\n<p>Desde ent\u00e3o, o comando da prefeitura est\u00e1 a cargo\u00a0do <a href=\"https:\/\/agenciabrasil.ebc.com.br\/politica\/noticia\/2025-01\/vice-assume-prefeitura-de-bh-apos-licenca-medica-de-fuad-noman\" target=\"_blank\" rel=\"noopener\">vice-prefeito de Belo Horizonte, \u00c1lvaro Dami\u00e3o<\/a>.<\/p>\n\n      <!-- Relacionada -->\n              \n            <!-- Relacionada -->\n    <\/div>\r\n<br>\r\n<br><a href=\"https:\/\/agenciabrasil.ebc.com.br\/politica\/noticia\/2025-03\/prefeito-de-bh-tem-parada-cardiorrespiratoria-e-estado-de-saude-piora\" rel=\"noopener\">Ag\u00eancia Brasil<\/a>","protected":false},"excerpt":{"rendered":"<p>O prefeito de Belo Horizonte, Fuad Noman, sofreu uma parada cardiorespirat\u00f3ria na noite dessa ter\u00e7a-feira (25). Segundo Boletim m\u00e9dico divulgado pelo Hospital Mater Dei, Noman foi reanimado, mas o quadro \u00e9 \u201cbastante grave\u201d. O prefeito est\u00e1 internado desde o dia 3 de janeiro, para tratar de uma pneumonia. O boletim m\u00e9dico informa que ap\u00f3s a [&hellip;]<\/p>\n","protected":false},"author":1,"featured_media":28589,"comment_status":"open","ping_status":"open","sticky":false,"template":"","format":"standard","meta":{"_jetpack_newsletter_access":"","_jetpack_dont_email_post_to_subs":false,"_jetpack_newsletter_tier_id":0,"_jetpack_memberships_contains_paywalled_content":false,"_mbp_banners":[],"_jetpack_feature_clip_id":0,"_jetpack_memberships_contains_paid_content":false,"footnotes":"","jetpack_publicize_message":"","jetpack_publicize_feature_enabled":true,"jetpack_social_post_already_shared":true,"jetpack_social_options":{"image_generator_settings":{"template":"highway","default_image_id":0,"font":"","enabled":false},"version":2},"jetpack_post_was_ever_published":false},"categories":[19],"tags":[],"class_list":["post-28588","post","type-post","status-publish","format-standard","has-post-thumbnail","category-politica"],"jetpack_publicize_connections":[],"jetpack-related-posts":[],"jetpack_shortlink":"https:\/\/wp.me\/p7Eq1F-7r6","jetpack_sharing_enabled":true,"jetpack_featured_media_url":"https:\/\/i0.wp.com\/guialimeira.com.br\/news\/wp-content\/uploads\/2025\/03\/Prefeito-de-BH-tem-parada-cardiorrespiratoria-e-estado-de-saude.jpg?fit=1600%2C800&ssl=1","_links":{"self":[{"href":"https:\/\/guialimeira.com.br\/news\/wp-json\/wp\/v2\/posts\/28588","targetHints":{"allow":["GET"]}}],"collection":[{"href":"https:\/\/guialimeira.com.br\/news\/wp-json\/wp\/v2\/posts"}],"about":[{"href":"https:\/\/guialimeira.com.br\/news\/wp-json\/wp\/v2\/types\/post"}],"author":[{"embeddable":true,"href":"https:\/\/guialimeira.com.br\/news\/wp-json\/wp\/v2\/users\/1"}],"replies":[{"embeddable":true,"href":"https:\/\/guialimeira.com.br\/news\/wp-json\/wp\/v2\/comments?post=28588"}],"version-history":[{"count":1,"href":"https:\/\/guialimeira.com.br\/news\/wp-json\/wp\/v2\/posts\/28588\/revisions"}],"predecessor-version":[{"id":28590,"href":"https:\/\/guialimeira.com.br\/news\/wp-json\/wp\/v2\/posts\/28588\/revisions\/28590"}],"wp:featuredmedia":[{"embeddable":true,"href":"https:\/\/guialimeira.com.br\/news\/wp-json\/wp\/v2\/media\/28589"}],"wp:attachment":[{"href":"https:\/\/guialimeira.com.br\/news\/wp-json\/wp\/v2\/media?parent=28588"}],"wp:term":[{"taxonomy":"category","embeddable":true,"href":"https:\/\/guialimeira.com.br\/news\/wp-json\/wp\/v2\/categories?post=28588"},{"taxonomy":"post_tag","embeddable":true,"href":"https:\/\/guialimeira.com.br\/news\/wp-json\/wp\/v2\/tags?post=28588"}],"curies":[{"name":"wp","href":"https:\/\/api.w.org\/{rel}","templated":true}]}}