{"id":28579,"date":"2025-03-28T19:14:28","date_gmt":"2025-03-28T22:14:28","guid":{"rendered":"https:\/\/guialimeira.com.br\/?p=28579"},"modified":"2025-03-28T19:14:28","modified_gmt":"2025-03-28T22:14:28","slug":"lu-bogo-questiona-programacao-para-limpeza-e-manutencao-de-bueiros","status":"publish","type":"post","link":"https:\/\/guialimeira.com.br\/news\/lu-bogo-questiona-programacao-para-limpeza-e-manutencao-de-bueiros\/","title":{"rendered":"Lu Bogo questiona programa\u00e7\u00e3o para limpeza e manuten\u00e7\u00e3o de bueiros"},"content":{"rendered":"\n<figure class=\"wp-block-gallery has-nested-images columns-default is-cropped wp-block-gallery-1 is-layout-flex wp-block-gallery-is-layout-flex\"><\/figure>\n \r\n<br><img data-recalc-dims=\"1\" decoding=\"async\" src=\"https:\/\/i0.wp.com\/guialimeira.com.br\/wp-content\/uploads\/2025\/03\/2025-03-28_lu-bogo-questiona-programacao-para-limpeza-e-manutencao-de-bueiros_1.jpg?w=696&#038;ssl=1\" \/><br><div>\n\t\t\t\t\t<p>A vereadora Lu Bogo (PL) protocolou, nesta sexta-feira, 28 de mar\u00e7o, o <a href=\"https:\/\/consulta.limeira.sp.leg.br\/Documentos\/Documento\/372324\" rel=\"noopener\">Requerimento N\u00b0 218\/2025<\/a> com questionamentos a respeito do servi\u00e7o de limpeza e manuten\u00e7\u00e3o dos bueiros de Limeira. Segundo a parlamentar, o documento \u00e9 motivado pelo crescimento da cidade, que apresenta novos bairros, nos quais o servi\u00e7o de manuten\u00e7\u00e3o ainda n\u00e3o \u00e9 realizado.\u00a0<\/p><p>\u201cCom as chuvas, observamos a import\u00e2ncia dos bueiros nas ruas para fazer as \u00e1guas escorrerem com facilidade. Por\u00e9m, a nossa realidade mostra que precisam de limpeza e manuten\u00e7\u00e3o, principalmente os localizados em regi\u00f5es onde s\u00e3o comuns as enchentes\u201d, observou Lu Bogo. \u201cMuitos bueiros est\u00e3o sem grade e alguns est\u00e3o com grades quebradas, precisando de manuten\u00e7\u00e3o\u201d, complementou a vereadora.<\/p><p>De acordo com a parlamentar, o trabalho de zeladoria requer uma programa\u00e7\u00e3o mais efetiva e constante. \u201cEste servi\u00e7o \u00e9 uma quest\u00e3o de sa\u00fade p\u00fablica. Com os bueiros limpos vamos evitar enchentes e a prolifera\u00e7\u00e3o de roedores, animais pe\u00e7onhentos e insetos transmissores de doen\u00e7as. O que precisamos \u00e9 divulgar uma programa\u00e7\u00e3o de limpeza e manuten\u00e7\u00e3o destes bueiros com maior frequ\u00eancia\u201d, acrescentou Lu Bogo.<\/p><p>O requerimento ser\u00e1 lido em Plen\u00e1rio e depois encaminhado \u00e0 Prefeitura que ter\u00e1 o prazo de at\u00e9 30 dias para responder.<\/p><p><i>Do Gabinete Parlamentar \u2013 Vereadora Lu Bogo (PL)<\/i><\/p><p><strong>As mat\u00e9rias de origem dos Gabinetes Parlamentares s\u00e3o de inteira\u00a0 responsabilidade dos parlamentares e de suas assessorias. S\u00e3o devidamente assinadas e n\u00e3o refletem, necessariamente, a opini\u00e3o institucional da C\u00e2mara Municipal de Limeira.<\/strong><\/p>\t\t\t\t<\/div>\r\n<br>\r\n<br><a href=\"https:\/\/www.limeira.sp.leg.br\/noticias\/view\/2025-03-28_lu-bogo-questiona-programacao-para-limpeza-e-manutencao-de-bueiros\" rel=\"noopener\">Informa\u00e7\u00f5es CML <\/a>","protected":false},"excerpt":{"rendered":"<p>A vereadora Lu Bogo (PL) protocolou, nesta sexta-feira, 28 de mar\u00e7o, o Requerimento N\u00b0 218\/2025 com questionamentos a respeito do servi\u00e7o de limpeza e manuten\u00e7\u00e3o dos bueiros de Limeira. Segundo a parlamentar, o documento \u00e9 motivado pelo crescimento da cidade, que apresenta novos bairros, nos quais o servi\u00e7o de manuten\u00e7\u00e3o ainda n\u00e3o \u00e9 realizado.\u00a0 \u201cCom [&hellip;]<\/p>\n","protected":false},"author":1,"featured_media":28580,"comment_status":"open","ping_status":"open","sticky":false,"template":"","format":"standard","meta":{"_jetpack_newsletter_access":"","_jetpack_dont_email_post_to_subs":false,"_jetpack_newsletter_tier_id":0,"_jetpack_memberships_contains_paywalled_content":false,"_mbp_banners":[],"_jetpack_feature_clip_id":0,"_jetpack_memberships_contains_paid_content":false,"footnotes":"","jetpack_publicize_message":"","jetpack_publicize_feature_enabled":true,"jetpack_social_post_already_shared":true,"jetpack_social_options":{"image_generator_settings":{"template":"highway","default_image_id":0,"font":"","enabled":false},"version":2},"jetpack_post_was_ever_published":false},"categories":[19],"tags":[],"class_list":["post-28579","post","type-post","status-publish","format-standard","has-post-thumbnail","category-politica"],"jetpack_publicize_connections":[],"jetpack-related-posts":[],"jetpack_shortlink":"https:\/\/wp.me\/p7Eq1F-7qX","jetpack_sharing_enabled":true,"jetpack_featured_media_url":"https:\/\/i0.wp.com\/guialimeira.com.br\/news\/wp-content\/uploads\/2025\/03\/Lu-Bogo-questiona-programacao-para-limpeza-e-manutencao-de-bueiros.jpg?fit=1280%2C640&ssl=1","_links":{"self":[{"href":"https:\/\/guialimeira.com.br\/news\/wp-json\/wp\/v2\/posts\/28579","targetHints":{"allow":["GET"]}}],"collection":[{"href":"https:\/\/guialimeira.com.br\/news\/wp-json\/wp\/v2\/posts"}],"about":[{"href":"https:\/\/guialimeira.com.br\/news\/wp-json\/wp\/v2\/types\/post"}],"author":[{"embeddable":true,"href":"https:\/\/guialimeira.com.br\/news\/wp-json\/wp\/v2\/users\/1"}],"replies":[{"embeddable":true,"href":"https:\/\/guialimeira.com.br\/news\/wp-json\/wp\/v2\/comments?post=28579"}],"version-history":[{"count":1,"href":"https:\/\/guialimeira.com.br\/news\/wp-json\/wp\/v2\/posts\/28579\/revisions"}],"predecessor-version":[{"id":28581,"href":"https:\/\/guialimeira.com.br\/news\/wp-json\/wp\/v2\/posts\/28579\/revisions\/28581"}],"wp:featuredmedia":[{"embeddable":true,"href":"https:\/\/guialimeira.com.br\/news\/wp-json\/wp\/v2\/media\/28580"}],"wp:attachment":[{"href":"https:\/\/guialimeira.com.br\/news\/wp-json\/wp\/v2\/media?parent=28579"}],"wp:term":[{"taxonomy":"category","embeddable":true,"href":"https:\/\/guialimeira.com.br\/news\/wp-json\/wp\/v2\/categories?post=28579"},{"taxonomy":"post_tag","embeddable":true,"href":"https:\/\/guialimeira.com.br\/news\/wp-json\/wp\/v2\/tags?post=28579"}],"curies":[{"name":"wp","href":"https:\/\/api.w.org\/{rel}","templated":true}]}}