{"id":28559,"date":"2025-03-28T18:13:42","date_gmt":"2025-03-28T21:13:42","guid":{"rendered":"https:\/\/guialimeira.com.br\/?p=28559"},"modified":"2025-03-28T18:13:42","modified_gmt":"2025-03-28T21:13:42","slug":"com-apoio-da-camara-2o-forum-mulheres-na-politica-e-realizado-em-limeira","status":"publish","type":"post","link":"https:\/\/guialimeira.com.br\/news\/com-apoio-da-camara-2o-forum-mulheres-na-politica-e-realizado-em-limeira\/","title":{"rendered":"Com apoio da C\u00e2mara, 2\u00ba F\u00f3rum Mulheres na Pol\u00edtica \u00e9 realizado em Limeira"},"content":{"rendered":"\n<figure class=\"wp-block-gallery has-nested-images columns-default is-cropped wp-block-gallery-1 is-layout-flex wp-block-gallery-is-layout-flex\"><\/figure>\n \r\n<br><img data-recalc-dims=\"1\" decoding=\"async\" src=\"https:\/\/i0.wp.com\/guialimeira.com.br\/wp-content\/uploads\/2025\/03\/2025-03-28_com-apoio-da-camara-2-forum-mulheres-na-politica-e-realizado-em-limeira_1.jpg?w=696&#038;ssl=1\" \/><br><div>\n\t\t\t\t\t<p>Com o apoio da C\u00e2mara Municipal de Limeira, foi realizado nesta sexta-feira, 28 de mar\u00e7o, o 2\u00ba F\u00f3rum Mulheres na Pol\u00edtica e a Viol\u00eancia Pol\u00edtica de G\u00eanero. Sa\u00fade mental e a participa\u00e7\u00e3o de mulheres no Legislativo e no Executivo foram temas pautados no encontro.<\/p><p>De iniciativa da vereadora Mariana Calsa (MDB), a a\u00e7\u00e3o promovida no m\u00eas dedicado \u00e0s mulheres tamb\u00e9m contou com o apoio da Prefeitura, da escola de forma\u00e7\u00e3o pol\u00edtica RenovaBR e do Grupo Mulheres do Brasil.\u00a0<\/p><p>O objetivo do evento foi promover o debate sobre a import\u00e2ncia da participa\u00e7\u00e3o pol\u00edtica das mulheres, dar visibilidade ao combate \u00e0 viol\u00eancia pol\u00edtica de g\u00eanero e discutir as dificuldades de inser\u00e7\u00e3o e da perman\u00eancia das mulheres nos espa\u00e7os de tomada de decis\u00e3o.<\/p><p>Al\u00e9m de Mariana Calsa, foram painelistas a deputada federal T\u00e1bata Amaral (PSB-SP); a secret\u00e1ria de Estado da Fazenda de Alagoas, Renata dos Santos; a vereadora de S\u00e3o Paulo, Marina Bragante (Rede); a executiva de Pessoas, Cultura e Transforma\u00e7\u00e3o, Mafoane Odara; a secret\u00e1ria das Mulheres do munic\u00edpio do Rio de Janeiro, Joyce Trindade; a deputada estadual do Acre, Michelle Melo (PDT); a diretora executiva do RenovaBR, Bruna Barros; e a diretora do Grupo Mulheres do Brasil, Andr\u00e9ia Schroeder. O evento contou ainda com a participa\u00e7\u00e3o do presidente da C\u00e2mara Municipal de Limeira, vereador Everton Ferreira (PSD), e autoridades de Limeira e outras cidades.\u00a0<\/p><p>Na abertura, Mariana falou que \u00e9 preciso estimular a participa\u00e7\u00e3o das mulheres na pol\u00edtica e ocupar os espa\u00e7os de poder. \u201cPor mais dif\u00edcil que possa ser, sabemos que o ambiente pol\u00edtico n\u00e3o \u00e9 f\u00e1cil, mas que a gente permane\u00e7a nesses lugares, buscando fazer pol\u00edticas p\u00fablicas efetivas, e que possamos tamb\u00e9m execut\u00e1-las\u201d.\u00a0<\/p><p>O presidente da C\u00e2mara destacou em seguida os desafios encontrados pelas vereadoras de Limeira no in\u00edcio do mandato em 2020 e o quanto isso influenciou na busca por mudan\u00e7as no Legislativo Municipal, culminando com uma Mesa Diretora composta majoritariamente por mulheres em 2021. \u201cCom esse time, formado pelas vereadoras Isabelly Carvalho (PT), como vice-presidente, Tatiane Lopes (Avante) e Lu Bogo (PL), e com a Mariana como corregedora, iniciamos transforma\u00e7\u00f5es profundas na pol\u00edtica limeirense e continuamos nessa rota de mudan\u00e7a\u201d, afirmou.<\/p><p><strong>Desigualdade de g\u00eanero<\/strong><\/p><p>Bruna Barros trouxe dados sobre a viol\u00eancia contra a mulher. De acordo com as informa\u00e7\u00f5es apresentadas, em 2023 houve um crescimento alarmante na viol\u00eancia contra as mulheres no pa\u00eds, foram 258 mil casos de viol\u00eancia dom\u00e9stica, 800 mil amea\u00e7as contra mulheres, mais de 84 mil estupros registrados, mais de 80 mil casos de <i>stalking<\/i> (forma de viol\u00eancia que consiste em perseguir algu\u00e9m reiteradamente, amea\u00e7ando ou perturbando a sua esfera de privacidade), 91% das mulheres que sofreram viol\u00eancia disseram que o ato aconteceu na frente de outra pessoa.\u00a0<\/p><p>Ela tamb\u00e9m falou que quando as mulheres se prop\u00f5em a entrar na pol\u00edtica, buscam lutar contra a viol\u00eancia com pol\u00edticas p\u00fablicas como a Casa da Mulher Brasileira, as procuradorias da Mulher nos legislativos e as secretarias da Mulher, entre outras formas para fazer com que as institui\u00e7\u00f5es cheguem at\u00e9 mais mulheres.<\/p><p><strong>Sa\u00fade mental<\/strong><\/p><p>O painel tratou sobre os desafios enfrentados pelas mulheres que decidem se lan\u00e7ar na pol\u00edtica e que impactam na sa\u00fade emocional, sujeitando-as, muitas vezes, a se afastarem da vida p\u00fablica. Segundo a Organiza\u00e7\u00e3o das Na\u00e7\u00f5es Unidas (ONU), 85% das parlamentares em todo o mundo j\u00e1 enfrentaram algum tipo de viol\u00eancia psicol\u00f3gica no exerc\u00edcio dos mandatos. Com a participa\u00e7\u00e3o de Marina Bragante e Mafoane Odara, e a modera\u00e7\u00e3o de Juliana Calsa, as painelistas falaram sobre suas experi\u00eancias.\u00a0<\/p><p>Marina destacou que n\u00e3o \u00e9 preciso ter um mandato para participar da pol\u00edtica, e que n\u00e3o \u00e9 necessariamente preciso se expor, tamb\u00e9m \u00e9 poss\u00edvel contribuir como volunt\u00e1rio, ou mesmo apoiando aquelas que ocupam um cargo p\u00fablico, e disse que as mulheres t\u00eam uma forma de se relacionar com a pol\u00edtica de forma diferente, por meio do amor.\u00a0<\/p><p>Mafoane falou sobre os diferentes tipos de viol\u00eancia psicol\u00f3gica na pol\u00edtica, que se manifestam por meio de amea\u00e7as e intimida\u00e7\u00f5es, discurso de \u00f3dio, descredibiliza\u00e7\u00e3o e a s\u00edndrome da impostora, que leva a mulher a pensar que n\u00e3o \u00e9 capaz. E pontuou formas de como lutar contra essas viol\u00eancias, buscando autoconhecimento, conhecendo suas fortalezas e limita\u00e7\u00f5es; planejar, para ter experi\u00eancias mais potentes nos locais que ocupam; ter redes de apoio; e estudar.<\/p><p><strong>Desafios no Norte do pa\u00eds<\/strong><\/p><p>A fala da deputada Michelle Melo foi sobre os desafios enfrentados pelas mulheres no Norte do pa\u00eds. Segundo ela, a pol\u00edtica da regi\u00e3o \u00e9 patriarcal e as lideran\u00e7as pol\u00edticas s\u00e3o predominantemente masculinas, assim como as lideran\u00e7as executivas dos partidos pol\u00edticos. Pontuou ainda que 50% das fam\u00edlias s\u00e3o chefiadas por mulheres, que n\u00e3o tem tempo dispon\u00edvel para lutar por um lugar na pol\u00edtica.\u00a0<\/p><p>\u201cPrecisamos saber nos colocar e nos posicionar em rela\u00e7\u00e3o ao que temos de melhor. Temos uma forma diferente de fazer. Existem estudos que apontam que um parlamento formado por mais mulheres representa uma sociedade mais justa, que executivos que s\u00e3o compostos por mulheres s\u00e3o menos corruptos e com mais pol\u00edticas de cuidado. Ent\u00e3o a nossa forma de fazer merece e deve estar l\u00e1. Nosso lugar \u00e9 sim ocupando esses espa\u00e7os, \u00e9 sim na pol\u00edtica, para que de fato possamos ter um mundo mais igualit\u00e1rio\u201d.<\/p><p><strong>Mulheres no Legislativo<\/strong><\/p><p>Mariana Calsa e T\u00e1bata Amaral foram as painelistas escolhidas para falar sobre as mulheres nos legislativos brasileiros. Moderadas por Bruna Barros, as duas discorreram sobre suas motiva\u00e7\u00f5es pol\u00edticas, dificuldades e o papel dos homens na luta contra a viol\u00eancia pol\u00edtica de g\u00eanero.<\/p><p>As pol\u00edticas p\u00fablicas alcan\u00e7adas durante o mandato, como a lei que permite a presen\u00e7a das doulas durante o parto, s\u00e3o o que motivam Mariana a continuar na pol\u00edtica. \u201cOs impactos que pequenas a\u00e7\u00f5es fazem na sociedade que me fortalecem para estar nesse lugar. Quando me vejo no lugar em que, apesar das dificuldades, conseguimos gerar impacto positivo na vida das pessoas, me fortale\u00e7o para estar aqui e buscar motiva\u00e7\u00e3o para que outras mulheres tamb\u00e9m ocupem os espa\u00e7os de poder\u201d.\u00a0<\/p><p>Para T\u00e1bata, um dos grandes desafios \u00e9 sensibilizar o Poder Judici\u00e1rio para que lide melhor com a viol\u00eancia pol\u00edtica de g\u00eanero. Ela contou sobre as amea\u00e7as que sofreu e sofre por ser uma mulher na pol\u00edtica e dos processos judiciais que moveu contra seus agressores, para os quais a justi\u00e7a nunca deu uma decis\u00e3o judicial favor\u00e1vel a ela. Em rela\u00e7\u00e3o ao papel dos homens, ela destacou a import\u00e2ncia de dois amigos durante o primeiro ano de mandato, que a ajudaram a penetrar num ambiente machista, e disse que \u00e9 preciso que os homens ajudem na luta contra a viol\u00eancia e ajudem as mulheres a alcan\u00e7ar mais espa\u00e7o na pol\u00edtica.\u00a0<\/p><p>A deputada falou ainda que, mais que cotas para as mulheres durante as elei\u00e7\u00f5es, \u00e9 necess\u00e1rio haver uma reserva de cadeiras no parlamento, pois as cotas abrem brechas para a corrup\u00e7\u00e3o e n\u00e3o garantem a participa\u00e7\u00e3o feminina na pol\u00edtica. Complementando o posicionamento de Tabata, Mariana disse que n\u00e3o basta eleger mais mulheres, mas que \u00e9 necess\u00e1rio ter mecanismos para a manuten\u00e7\u00e3o delas nos espa\u00e7os de poder.\u00a0<\/p><p><strong>Mulheres no Executivo<\/strong><\/p><p>O \u00faltimo painel do evento foi composto por Renata dos Santos e Joyce Trindade, e moderado Andr\u00e9ia Schroeder. A participa\u00e7\u00e3o das mulheres no Poder Executivo e na execu\u00e7\u00e3o de pol\u00edticas p\u00fablicas foi o tema tratado.<\/p><p>Renata falou sobre o seu papel \u00e0 frente da Secretaria de Fazenda de Alagoas, no qual a maioria das secretarias \u00e9 ocupada por mulheres. Disse que \u00e9 importante capacitar as mulheres para ocupar cargos de lideran\u00e7a e que os partidos pol\u00edticos precisam investir mais para ter um corpo t\u00e9cnico composto por mulheres, que possam ser indicadas para cargos no Executivo das diversas esferas.<\/p><p>Joyce falou da dificuldade das mulheres que, quando indicadas para altos cargos,s\u00e3o desacreditadas pelos homens que s\u00e3o incapazes de v\u00ea-las pela capacidade t\u00e9cnica. Ela tamb\u00e9m apontou a necessidade de capacita\u00e7\u00e3o das mulheres para ocuparem cargos de lideran\u00e7a e afirmou que, al\u00e9m das cotas dentro dos partidos para que mulheres concorram a cargos pol\u00edticos, tamb\u00e9m \u00e9 necess\u00e1rio cotas para mulheres no corpo executivo.<\/p><p>As duas destacaram a necessidade das mulheres que ocupam cargos de poder apoiarem as que v\u00eam depois. \u201cNosso papel enquanto alta gest\u00e3o, legisladoras, executivas, \u00e9 abrir as portas para as pr\u00f3ximas, para que o caminho delas seja menos dif\u00edcil, \u00e9 preciso tamb\u00e9m\u00a0 apoiar as colegas\u201d, disse Renata.\u00a0 Joyce destacou a necessidade do fortalecimento dos grupos. \u201cQuando estamos fortalecidos enquanto comunidade, conseguimos exercer ainda melhor as nossas habilidades\u201d, complementou.<\/p>\t\t\t\t<\/div>\r\n<br>\r\n<br><a href=\"https:\/\/www.limeira.sp.leg.br\/noticias\/view\/2025-03-28_com-apoio-da-camara-2-forum-mulheres-na-politica-e-realizado-em-limeira\" rel=\"noopener\">Informa\u00e7\u00f5es CML <\/a>","protected":false},"excerpt":{"rendered":"<p>Com o apoio da C\u00e2mara Municipal de Limeira, foi realizado nesta sexta-feira, 28 de mar\u00e7o, o 2\u00ba F\u00f3rum Mulheres na Pol\u00edtica e a Viol\u00eancia Pol\u00edtica de G\u00eanero. Sa\u00fade mental e a participa\u00e7\u00e3o de mulheres no Legislativo e no Executivo foram temas pautados no encontro. De iniciativa da vereadora Mariana Calsa (MDB), a a\u00e7\u00e3o promovida no [&hellip;]<\/p>\n","protected":false},"author":1,"featured_media":28560,"comment_status":"open","ping_status":"open","sticky":false,"template":"","format":"standard","meta":{"_jetpack_newsletter_access":"","_jetpack_dont_email_post_to_subs":false,"_jetpack_newsletter_tier_id":0,"_jetpack_memberships_contains_paywalled_content":false,"_mbp_banners":[],"_jetpack_feature_clip_id":0,"_jetpack_memberships_contains_paid_content":false,"footnotes":"","jetpack_publicize_message":"","jetpack_publicize_feature_enabled":true,"jetpack_social_post_already_shared":true,"jetpack_social_options":{"image_generator_settings":{"template":"highway","default_image_id":0,"font":"","enabled":false},"version":2},"jetpack_post_was_ever_published":false},"categories":[19],"tags":[],"class_list":["post-28559","post","type-post","status-publish","format-standard","has-post-thumbnail","category-politica"],"jetpack_publicize_connections":[],"jetpack-related-posts":[],"jetpack_shortlink":"https:\/\/wp.me\/p7Eq1F-7qD","jetpack_sharing_enabled":true,"jetpack_featured_media_url":"https:\/\/i0.wp.com\/guialimeira.com.br\/news\/wp-content\/uploads\/2025\/03\/Com-apoio-da-Camara-2o-Forum-Mulheres-na-Politica-e.jpg?fit=1280%2C640&ssl=1","_links":{"self":[{"href":"https:\/\/guialimeira.com.br\/news\/wp-json\/wp\/v2\/posts\/28559","targetHints":{"allow":["GET"]}}],"collection":[{"href":"https:\/\/guialimeira.com.br\/news\/wp-json\/wp\/v2\/posts"}],"about":[{"href":"https:\/\/guialimeira.com.br\/news\/wp-json\/wp\/v2\/types\/post"}],"author":[{"embeddable":true,"href":"https:\/\/guialimeira.com.br\/news\/wp-json\/wp\/v2\/users\/1"}],"replies":[{"embeddable":true,"href":"https:\/\/guialimeira.com.br\/news\/wp-json\/wp\/v2\/comments?post=28559"}],"version-history":[{"count":1,"href":"https:\/\/guialimeira.com.br\/news\/wp-json\/wp\/v2\/posts\/28559\/revisions"}],"predecessor-version":[{"id":28561,"href":"https:\/\/guialimeira.com.br\/news\/wp-json\/wp\/v2\/posts\/28559\/revisions\/28561"}],"wp:featuredmedia":[{"embeddable":true,"href":"https:\/\/guialimeira.com.br\/news\/wp-json\/wp\/v2\/media\/28560"}],"wp:attachment":[{"href":"https:\/\/guialimeira.com.br\/news\/wp-json\/wp\/v2\/media?parent=28559"}],"wp:term":[{"taxonomy":"category","embeddable":true,"href":"https:\/\/guialimeira.com.br\/news\/wp-json\/wp\/v2\/categories?post=28559"},{"taxonomy":"post_tag","embeddable":true,"href":"https:\/\/guialimeira.com.br\/news\/wp-json\/wp\/v2\/tags?post=28559"}],"curies":[{"name":"wp","href":"https:\/\/api.w.org\/{rel}","templated":true}]}}