{"id":2855,"date":"2024-04-25T21:03:55","date_gmt":"2024-04-26T00:03:55","guid":{"rendered":"https:\/\/guialimeira.com.br\/2024\/04\/25\/quinta-rodada-do-torneio-de-futsal-movimenta-o-final-de-semana-portal-do-municipio-de-piracicaba\/"},"modified":"2024-04-25T21:03:55","modified_gmt":"2024-04-26T00:03:55","slug":"quinta-rodada-do-torneio-de-futsal-movimenta-o-final-de-semana-portal-do-municipio-de-piracicaba","status":"publish","type":"post","link":"https:\/\/guialimeira.com.br\/news\/quinta-rodada-do-torneio-de-futsal-movimenta-o-final-de-semana-portal-do-municipio-de-piracicaba\/","title":{"rendered":"quinta rodada do torneio de futsal movimenta o final de semana \u2013 Portal do Munic\u00edpio de Piracicaba"},"content":{"rendered":"<p> <br \/>\n<\/p>\n<div>\n<p><em>J<\/em><em>ogos acontecem no s\u00e1bado, dia 27\/4, a partir das 14h, no minigin\u00e1sio Garcia Neto<\/em><\/p>\n<div class=\"wp-block-image\">\n<figure class=\"aligncenter size-large\"><img data-recalc-dims=\"1\" fetchpriority=\"high\" decoding=\"async\" width=\"696\" height=\"498\" src=\"https:\/\/i0.wp.com\/piracicaba.sp.gov.br\/wp-content\/uploads\/2024\/04\/A-Equipe-do-Vila-Nova-na-quinta-rodada-dos-Jogos-Comunitarios-1024x733.jpeg?resize=696%2C498&#038;ssl=1\" alt=\"\" class=\"wp-image-77883\" srcset=\"https:\/\/piracicaba.sp.gov.br\/wp-content\/uploads\/2024\/04\/A-Equipe-do-Vila-Nova-na-quinta-rodada-dos-Jogos-Comunitarios-1024x733.jpeg 1024w, https:\/\/piracicaba.sp.gov.br\/wp-content\/uploads\/2024\/04\/A-Equipe-do-Vila-Nova-na-quinta-rodada-dos-Jogos-Comunitarios-300x215.jpeg 300w, https:\/\/piracicaba.sp.gov.br\/wp-content\/uploads\/2024\/04\/A-Equipe-do-Vila-Nova-na-quinta-rodada-dos-Jogos-Comunitarios-768x550.jpeg 768w, https:\/\/piracicaba.sp.gov.br\/wp-content\/uploads\/2024\/04\/A-Equipe-do-Vila-Nova-na-quinta-rodada-dos-Jogos-Comunitarios.jpeg 1333w\" sizes=\"(max-width: 1024px) 100vw, 1024px\"\/><figcaption class=\"wp-element-caption\"><strong>A Equipe do Vila Nova na quinta rodada dos Jogos Comunit\u00e1rios<\/strong><\/figcaption><\/figure>\n<\/div>\n<p>A bola segue rolando pela quinta rodada do torneio de futsal masculino da 39\u00aa edi\u00e7\u00e3o dos Jogos Comunit\u00e1rios com partidas agendadas para movimentar as equipes, comiss\u00f5es t\u00e9cnicas e torcidas em mais um final de semana de disputas marcadas para a quadra I do Gin\u00e1sio de Esportes Jos\u00e9 de Oliveira Garcia Neto (minigin\u00e1sio).<\/p>\n<p>A rodada deste s\u00e1bado traz \u00e0s quadras os atletas das categorias sub-10, sub-12 e sub-14, que novamente, buscam a vit\u00f3ria em jogos v\u00e1lidos pela fase de classifica\u00e7\u00e3o da competi\u00e7\u00e3o.<\/p>\n<p>Com a realiza\u00e7\u00e3o da Prefeitura de Piracicaba, a 39\u00aa edi\u00e7\u00e3o dos Jogos Comunit\u00e1rios \u00e9 organizado pela Selam (Secretaria de Esportes, Lazer e Atividades Motoras), que fornece transporte gratuito aos atletas e suas comiss\u00f5es t\u00e9cnicas para garantir o acesso \u00e0s pra\u00e7as esportivas, em todas as rodadas da competi\u00e7\u00e3o.<\/p>\n<p><strong>RODADA<\/strong>\u00a0\u2013 Os jogos deste s\u00e1bado ser\u00e3o disputados na quadra I do minigin\u00e1sio com confrontos entre Santa Rosa e Vila S\u00f4nia, \u00e0s 14h (sub-12), Vila Industrial e Algodoal, \u00e0s 14h30 (sub-14), Vida Nova e Vila S\u00f4nia, \u00e0s 15h (sub-14), Cantagalo e Parque Concei\u00e7\u00e3o, a partir das 15h30 (sub-14) e o confronto entre Vila Nova e Santo Ant\u00f4nio, \u00e0s 16h, pela categoria sub-10.<\/p>\n<p><strong>SERVI\u00c7O\u00a0<\/strong>\u2013 Quinta rodada do 39\u00ba Jogos Comunit\u00e1rios, s\u00e1bado, dia 27\/4, a partir das 14h, na quadra I do Gin\u00e1sio de Esportes Jos\u00e9 de Oliveira Garcia Neto (minigin\u00e1sio), localizado a rua 13 de\u00a0Maio, s\/n\u00ba.<\/p>\n<\/div>\n<p><br \/>\n<br \/><a href=\"https:\/\/piracicaba.sp.gov.br\/noticias\/jogos-comunitarios-quinta-rodada-do-torneio-de-futsal-movimenta-o-final-de-semana\/\" rel=\"noopener\">Informa\u00e7\u00f5es PMP <\/a><\/p>\n","protected":false},"excerpt":{"rendered":"<p>Jogos acontecem no s\u00e1bado, dia 27\/4, a partir das 14h, no minigin\u00e1sio Garcia Neto A Equipe do Vila Nova na quinta rodada dos Jogos Comunit\u00e1rios A bola segue rolando pela quinta rodada do torneio de futsal masculino da 39\u00aa edi\u00e7\u00e3o dos Jogos Comunit\u00e1rios com partidas agendadas para movimentar as equipes, comiss\u00f5es t\u00e9cnicas e torcidas em [&hellip;]<\/p>\n","protected":false},"author":1,"featured_media":2856,"comment_status":"open","ping_status":"open","sticky":false,"template":"","format":"standard","meta":{"_jetpack_newsletter_access":"","_jetpack_dont_email_post_to_subs":false,"_jetpack_newsletter_tier_id":0,"_jetpack_memberships_contains_paywalled_content":false,"_mbp_banners":[],"_jetpack_feature_clip_id":0,"_jetpack_memberships_contains_paid_content":false,"footnotes":"","jetpack_publicize_message":"","jetpack_publicize_feature_enabled":true,"jetpack_social_post_already_shared":true,"jetpack_social_options":{"image_generator_settings":{"template":"highway","default_image_id":0,"font":"","enabled":false},"version":2},"jetpack_post_was_ever_published":false},"categories":[20],"tags":[],"class_list":["post-2855","post","type-post","status-publish","format-standard","has-post-thumbnail","category-regiao"],"jetpack_publicize_connections":[],"jetpack-related-posts":[],"jetpack_shortlink":"https:\/\/wp.me\/p7Eq1F-K3","jetpack_sharing_enabled":true,"jetpack_featured_media_url":"https:\/\/i0.wp.com\/guialimeira.com.br\/news\/wp-content\/uploads\/2024\/04\/A-Equipe-do-Vila-Nova-na-quinta-rodada-dos-Jogos-Comunitarios-1024x733.jpeg?fit=1024%2C733&ssl=1","_links":{"self":[{"href":"https:\/\/guialimeira.com.br\/news\/wp-json\/wp\/v2\/posts\/2855","targetHints":{"allow":["GET"]}}],"collection":[{"href":"https:\/\/guialimeira.com.br\/news\/wp-json\/wp\/v2\/posts"}],"about":[{"href":"https:\/\/guialimeira.com.br\/news\/wp-json\/wp\/v2\/types\/post"}],"author":[{"embeddable":true,"href":"https:\/\/guialimeira.com.br\/news\/wp-json\/wp\/v2\/users\/1"}],"replies":[{"embeddable":true,"href":"https:\/\/guialimeira.com.br\/news\/wp-json\/wp\/v2\/comments?post=2855"}],"version-history":[{"count":0,"href":"https:\/\/guialimeira.com.br\/news\/wp-json\/wp\/v2\/posts\/2855\/revisions"}],"wp:featuredmedia":[{"embeddable":true,"href":"https:\/\/guialimeira.com.br\/news\/wp-json\/wp\/v2\/media\/2856"}],"wp:attachment":[{"href":"https:\/\/guialimeira.com.br\/news\/wp-json\/wp\/v2\/media?parent=2855"}],"wp:term":[{"taxonomy":"category","embeddable":true,"href":"https:\/\/guialimeira.com.br\/news\/wp-json\/wp\/v2\/categories?post=2855"},{"taxonomy":"post_tag","embeddable":true,"href":"https:\/\/guialimeira.com.br\/news\/wp-json\/wp\/v2\/tags?post=2855"}],"curies":[{"name":"wp","href":"https:\/\/api.w.org\/{rel}","templated":true}]}}