{"id":28538,"date":"2025-03-28T16:59:48","date_gmt":"2025-03-28T19:59:48","guid":{"rendered":"https:\/\/guialimeira.com.br\/?p=28538"},"modified":"2025-03-28T16:59:49","modified_gmt":"2025-03-28T19:59:49","slug":"regularizacao-do-uso-de-veiculos-de-tracao-animal-em-limeira-projeto-de-lei-garante-seguranca-e-bem-estar-dos-animais","status":"publish","type":"post","link":"https:\/\/guialimeira.com.br\/news\/regularizacao-do-uso-de-veiculos-de-tracao-animal-em-limeira-projeto-de-lei-garante-seguranca-e-bem-estar-dos-animais\/","title":{"rendered":"Regulariza\u00e7\u00e3o do uso de ve\u00edculos de tra\u00e7\u00e3o animal em Limeira: Projeto de Lei garante seguran\u00e7a e bem-Estar dos animais"},"content":{"rendered":"\n<p class=\"wp-block-paragraph\">A regulamenta\u00e7\u00e3o do uso de <strong>Ve\u00edculos de Tra\u00e7\u00e3o Animal (VTAs) em Limeira<\/strong> avan\u00e7a com um <strong>projeto de lei proposto pelos vereadores Felipe Penedo de Barros (PL), Helder L\u00facio de Oliveira (PSD) e Tatiane Lopes (Avante)<\/strong>. A proposta busca estabelecer <strong>normas para o uso seguro desses ve\u00edculos<\/strong>, garantindo o <strong>bem-estar dos animais e a prote\u00e7\u00e3o dos condutores e pedestres<\/strong>.<\/p>\n\n\n\n<h2 class=\"wp-block-heading\"><strong>Regras para a Regulariza\u00e7\u00e3o dos Ve\u00edculos de Tra\u00e7\u00e3o Animal em Limeira<\/strong><\/h2>\n\n\n\n<p class=\"wp-block-paragraph\">O projeto prev\u00ea que os <strong>VTAs, como charretes e carro\u00e7as, sejam cadastrados junto ao Poder P\u00fablico<\/strong>, al\u00e9m de estabelecer crit\u00e9rios para a <strong>fiscaliza\u00e7\u00e3o e o cumprimento das normas de seguran\u00e7a<\/strong>.<\/p>\n\n\n\n<p class=\"wp-block-paragraph\">Entre as principais exig\u00eancias, destacam-se:<\/p>\n\n\n\n<p class=\"wp-block-paragraph\">\u2714\ufe0f <strong>Cadastro obrigat\u00f3rio<\/strong> do ve\u00edculo e do animal junto \u00e0 Prefeitura;<br>\u2714\ufe0f Condutor <strong>maior de 16 anos<\/strong>, com <strong>licen\u00e7a espec\u00edfica<\/strong> para condu\u00e7\u00e3o;<br>\u2714\ufe0f <strong>Atestado veterin\u00e1rio<\/strong> comprovando a <strong>boa sa\u00fade do animal<\/strong>;<br>\u2714\ufe0f <strong>Equipamentos de seguran\u00e7a e ilumina\u00e7\u00e3o adequada<\/strong> para circula\u00e7\u00e3o noturna;<br>\u2714\ufe0f <strong>Manuten\u00e7\u00e3o e boas condi\u00e7\u00f5es dos ve\u00edculos<\/strong> utilizados.<\/p>\n\n\n\n<h2 class=\"wp-block-heading\"><strong>Compromisso com o Bem-Estar Animal<\/strong><\/h2>\n\n\n\n<p class=\"wp-block-paragraph\">Al\u00e9m da regulamenta\u00e7\u00e3o do transporte, o projeto refor\u00e7a o compromisso com a <strong>prote\u00e7\u00e3o dos animais<\/strong>, determinando que os condutores devem:<\/p>\n\n\n\n<p class=\"wp-block-paragraph\">\u2705 <strong>Zelar pela alimenta\u00e7\u00e3o, hidrata\u00e7\u00e3o e descanso<\/strong> dos animais;<br>\u2705 <strong>N\u00e3o utilizar animais doentes ou em condi\u00e7\u00f5es inadequadas<\/strong>;<br>\u2705 <strong>Respeitar as normas de tr\u00e2nsito<\/strong> e garantir a seguran\u00e7a nas vias p\u00fablicas.<\/p>\n\n\n\n<h2 class=\"wp-block-heading\"><strong>Fiscaliza\u00e7\u00e3o e Penalidades<\/strong><\/h2>\n\n\n\n<p class=\"wp-block-paragraph\">O cumprimento da lei ser\u00e1 <strong>fiscalizado pelo Poder P\u00fablico<\/strong>, que poder\u00e1 aplicar san\u00e7\u00f5es em caso de descumprimento. As penalidades incluem:<\/p>\n\n\n\n<p class=\"wp-block-paragraph\">\ud83d\udd39 <strong>Advert\u00eancia na primeira infra\u00e7\u00e3o<\/strong>;<br>\ud83d\udd39 <strong>Multa na reincid\u00eancia<\/strong>;<br>\ud83d\udd39 <strong>Suspens\u00e3o da licen\u00e7a e apreens\u00e3o do ve\u00edculo<\/strong> em casos mais graves;<br>\ud83d\udd39 <strong>Recolhimento do animal pelo Poder P\u00fablico<\/strong>, com possibilidade de ado\u00e7\u00e3o, se necess\u00e1rio.<\/p>\n\n\n\n<h2 class=\"wp-block-heading\"><strong>Conscientiza\u00e7\u00e3o e Educa\u00e7\u00e3o<\/strong><\/h2>\n\n\n\n<p class=\"wp-block-paragraph\">O projeto tamb\u00e9m prev\u00ea a realiza\u00e7\u00e3o de <strong>campanhas educativas<\/strong> para orientar os condutores sobre a import\u00e2ncia de respeitar as normas estabelecidas. Dessa forma, busca-se garantir que <strong>os animais n\u00e3o sejam explorados de forma abusiva<\/strong>, promovendo um <strong>uso respons\u00e1vel dos ve\u00edculos de tra\u00e7\u00e3o animal<\/strong>.<\/p>\n\n\n\n<p class=\"wp-block-paragraph\">Com essa regulamenta\u00e7\u00e3o, Limeira d\u00e1 um passo importante para <strong>equilibrar a preserva\u00e7\u00e3o da cultura do uso de VTAs com a prote\u00e7\u00e3o dos animais e a seguran\u00e7a no tr\u00e2nsito<\/strong>.<\/p>\n\n\n\n<p class=\"wp-block-paragraph\">\ud83d\udce2 <strong>Agora, a decis\u00e3o est\u00e1 nas m\u00e3os do Poder Executivo, que dever\u00e1 regulamentar a lei e garantir sua implementa\u00e7\u00e3o!<\/strong><\/p>\n\n\n\n<p class=\"wp-block-paragraph\">\ud83d\ude80 <strong>Acompanhe as atualiza\u00e7\u00f5es sobre o projeto e participe dessa discuss\u00e3o!<\/strong><\/p>\n","protected":false},"excerpt":{"rendered":"<p>A regulamenta\u00e7\u00e3o do uso de Ve\u00edculos de Tra\u00e7\u00e3o Animal (VTAs) em Limeira avan\u00e7a com um projeto de lei proposto pelos vereadores Felipe Penedo de Barros (PL), Helder L\u00facio de Oliveira (PSD) e Tatiane Lopes (Avante). A proposta busca estabelecer normas para o uso seguro desses ve\u00edculos, garantindo o bem-estar dos animais e a prote\u00e7\u00e3o dos [&hellip;]<\/p>\n","protected":false},"author":1,"featured_media":28539,"comment_status":"open","ping_status":"open","sticky":false,"template":"","format":"standard","meta":{"_jetpack_newsletter_access":"","_jetpack_dont_email_post_to_subs":false,"_jetpack_newsletter_tier_id":0,"_jetpack_memberships_contains_paywalled_content":false,"_mbp_banners":[],"_jetpack_feature_clip_id":0,"_jetpack_memberships_contains_paid_content":false,"footnotes":"","jetpack_publicize_message":"","jetpack_publicize_feature_enabled":true,"jetpack_social_post_already_shared":true,"jetpack_social_options":{"image_generator_settings":{"template":"highway","default_image_id":0,"font":"","enabled":false},"version":2},"jetpack_post_was_ever_published":false},"categories":[19],"tags":[],"class_list":["post-28538","post","type-post","status-publish","format-standard","has-post-thumbnail","category-politica"],"jetpack_publicize_connections":[],"jetpack-related-posts":[],"jetpack_shortlink":"https:\/\/wp.me\/p7Eq1F-7qi","jetpack_sharing_enabled":true,"jetpack_featured_media_url":"https:\/\/i0.wp.com\/guialimeira.com.br\/news\/wp-content\/uploads\/2025\/03\/cavalo.jpg?fit=640%2C360&ssl=1","_links":{"self":[{"href":"https:\/\/guialimeira.com.br\/news\/wp-json\/wp\/v2\/posts\/28538","targetHints":{"allow":["GET"]}}],"collection":[{"href":"https:\/\/guialimeira.com.br\/news\/wp-json\/wp\/v2\/posts"}],"about":[{"href":"https:\/\/guialimeira.com.br\/news\/wp-json\/wp\/v2\/types\/post"}],"author":[{"embeddable":true,"href":"https:\/\/guialimeira.com.br\/news\/wp-json\/wp\/v2\/users\/1"}],"replies":[{"embeddable":true,"href":"https:\/\/guialimeira.com.br\/news\/wp-json\/wp\/v2\/comments?post=28538"}],"version-history":[{"count":1,"href":"https:\/\/guialimeira.com.br\/news\/wp-json\/wp\/v2\/posts\/28538\/revisions"}],"predecessor-version":[{"id":28540,"href":"https:\/\/guialimeira.com.br\/news\/wp-json\/wp\/v2\/posts\/28538\/revisions\/28540"}],"wp:featuredmedia":[{"embeddable":true,"href":"https:\/\/guialimeira.com.br\/news\/wp-json\/wp\/v2\/media\/28539"}],"wp:attachment":[{"href":"https:\/\/guialimeira.com.br\/news\/wp-json\/wp\/v2\/media?parent=28538"}],"wp:term":[{"taxonomy":"category","embeddable":true,"href":"https:\/\/guialimeira.com.br\/news\/wp-json\/wp\/v2\/categories?post=28538"},{"taxonomy":"post_tag","embeddable":true,"href":"https:\/\/guialimeira.com.br\/news\/wp-json\/wp\/v2\/tags?post=28538"}],"curies":[{"name":"wp","href":"https:\/\/api.w.org\/{rel}","templated":true}]}}