{"id":28504,"date":"2025-03-28T14:04:27","date_gmt":"2025-03-28T17:04:27","guid":{"rendered":"https:\/\/guialimeira.com.br\/2025\/03\/28\/cupula-se-encerra-na-franca-com-us-2755-bilhoes-para-nutricao\/"},"modified":"2025-03-28T14:04:27","modified_gmt":"2025-03-28T17:04:27","slug":"cupula-se-encerra-na-franca-com-us-2755-bilhoes-para-nutricao","status":"publish","type":"post","link":"https:\/\/guialimeira.com.br\/news\/cupula-se-encerra-na-franca-com-us-2755-bilhoes-para-nutricao\/","title":{"rendered":"C\u00fapula se encerra na Fran\u00e7a com US$ 27,55 bilh\u00f5es para nutri\u00e7\u00e3o"},"content":{"rendered":"<p> <br \/>\n<\/p>\n<div>\n<p><strong>A c\u00fapula Nutrition for Growth (N4G) \u2013\u00a0Nutri\u00e7\u00e3o para o Crescimento \u2013\u00a0foi encerrada nesta sexta-feira (28), em Paris com um saldo de US$ 27,55 bilh\u00f5es\u00a0em compromissos financeiros para a nutri\u00e7\u00e3o global. <\/strong>No total, foram firmados 403 compromissos financeiros ou pol\u00edticos na c\u00fapula.<img data-recalc-dims=\"1\" decoding=\"async\" src=\"https:\/\/i0.wp.com\/agenciabrasil.ebc.com.br\/ebc.png?w=696&#038;ssl=1\" style=\"width:1px; height:1px; display:inline;\"\/><img data-recalc-dims=\"1\" decoding=\"async\" src=\"https:\/\/i0.wp.com\/agenciabrasil.ebc.com.br\/ebc.gif?w=696&#038;ssl=1\" style=\"width:1px; height:1px; display:inline;\"\/><\/p>\n<p>O evento, iniciado em 2013 e realizado de quatro em quatro anos por anfitri\u00f5es dos \u00faltimos Jogos Ol\u00edmpicos, re\u00fane governos, empresas e sociedade civil, em busca de garantir compromissos pol\u00edticos e financeiros para fornecer nutri\u00e7\u00e3o saud\u00e1vel e sustent\u00e1vel para a popula\u00e7\u00e3o global.<\/p>\n<p>Mesmo com o fim do evento, <strong>ainda ser\u00e1 poss\u00edvel firmar compromissos financeiros e pol\u00edticos junto \u00e0 plataforma da N4G de Paris at\u00e9 junho deste ano.<\/strong><\/p>\n<p>O ministro de Francofonia e Parcerias Internacionais da Fran\u00e7a, Thani Mohamed-Soilihi, agradeceu as parcerias com o setor privado, filantropos e bancos de desenvolvimento, &#8220;que mostraram que a luta contra a m\u00e1 nutri\u00e7\u00e3o \u00e9 assunto de todos&#8221;.<\/p>\n<p>&#8220;Temos que recusar coletivamente um mundo onde a m\u00e1 nutri\u00e7\u00e3o \u00e9 respons\u00e1vel pela metade das mortes de crian\u00e7as com menos de 5 anos. Gra\u00e7as \u00e0 solidariedade e a\u00e7\u00e3o coordenada, temos as chaves para construir um futuro mais justo e resiliente&#8221;, disse Mohamed-Soilihi.<\/p>\n<p><strong>Segundo o secret\u00e1rio-geral da c\u00fapula, Brieuc Pont, foi positivo conseguir um valor que supera o levantado na edi\u00e7\u00e3o anterior do evento, em T\u00f3quio, em 2021 (US$ 27 bilh\u00f5es), ainda mais em um contexto de cortes de fundos para ajuda internacional. <\/strong>Ele destacou, no entanto, que \u00e9 preciso mais do que o dinheiro.<\/p>\n<p>&#8220;N\u00e3o tem sentido angariar dinheiro a cada quatro anos como se fosse um concurso de beleza, se voc\u00ea n\u00e3o tiver uma vis\u00e3o, uma dire\u00e7\u00e3o.&#8221;<\/p>\n<h2>Assuntos<\/h2>\n<p>Um dos principais assuntos discutidos por especialistas e governos no evento foi a necessidade de buscar parcerias p\u00fablico-privadas para garantir financiamento de a\u00e7\u00f5es em um cen\u00e1rio de cortes em aux\u00edlios internacionais por pa\u00edses ocidentais.<\/p>\n<p>Nesta sexta-feira (28), <strong>o Programa Mundial de Alimentos das Na\u00e7\u00f5es Unidas (WFP) divulgou uma nota em que alerta que os cortes na ajuda internacional reduziram em 40% o seu or\u00e7amento para este ano<\/strong>. Com isso, existe o risco de comprometimento da assist\u00eancia a 58 milh\u00f5es de pessoas, em 28 de seus projetos de resposta a crises, a n\u00e3o ser que novos fundos sejam recebidos urgentemente.<\/p>\n<p><strong>A c\u00fapula tratou ainda da urg\u00eancia em resolver problemas nutricionais do planeta antes de 2030 e da necessidade de mudan\u00e7as no sistema produtivo de forma a incentivar modelos de produ\u00e7\u00e3o de alimentos mais sustent\u00e1veis<\/strong>, al\u00e9m da resili\u00eancia em situa\u00e7\u00f5es de conflito e perante as mudan\u00e7as clim\u00e1ticas.<\/p>\n<p><strong>A forma desigual sobre como a fome atinge a popula\u00e7\u00e3o global, em especial as mulheres e crian\u00e7as de pa\u00edses mais pobres, tamb\u00e9m foi tratada no evento.<\/strong><\/p>\n<p>&#8220;No decorrer das \u00faltimas d\u00e9cadas, o mundo teve um progresso significante em reduzir a m\u00e1 nutri\u00e7\u00e3o infantil. Mas hoje estamos enfrentando uma crise de financiamento que amea\u00e7a reverter nosso progresso e mulheres e crian\u00e7as infelizmente v\u00e3o arcar com o peso disso&#8221;, afirmou a diretora executiva do Fundo das Na\u00e7\u00f5es Unidas para a Inf\u00e2ncia (Unicef), Catherine Russell, em discurso nesta sexta-feira.<\/p>\n<p>&#8220;Quando a comida \u00e9 escassa e falta dinheiro, as mulheres servem primeiro os homens e crian\u00e7as, para quem s\u00e3o destinadas as melhores e maiores por\u00e7\u00f5es. Elas comem menos ou podem at\u00e9 nem fazer a refei\u00e7\u00e3o. De 2019 a 2022, a lacuna dos g\u00eaneros em rela\u00e7\u00e3o \u00e0 inseguran\u00e7a alimentar mais que dobrou.&#8221;<\/p>\n<h2>Declara\u00e7\u00f5es<\/h2>\n<p>O evento tamb\u00e9m foi finalizado com a divulga\u00e7\u00e3o de tr\u00eas\u00a0declara\u00e7\u00f5es: do setor privado,\u00a0dos jovens e da sociedade civil.<\/p>\n<p>A declara\u00e7\u00e3o do setor privado, divulgada pelo F\u00f3rum de Paris pela Paz, destacou a necessidade de reformular a economia da nutri\u00e7\u00e3o por meio de uma abordagem multissetorial e de um esfor\u00e7o conjunto de governos, sociedade e empresas, a fim de enfrentar a m\u00e1 nutri\u00e7\u00e3o em todas as suas formas: subnutri\u00e7\u00e3o, obesidade e \u00a0defici\u00eancia de micronutrientes.<\/p>\n<p>Entre as propostas da declara\u00e7\u00e3o est\u00e3o a mudan\u00e7a do modelo dos subs\u00eddios governamentais para que eles sejam direcionados \u00e0\u00a0comida mais nutritiva e localmente produzida; e a necessidade de empresas assumirem responsabilidade pela reformula\u00e7\u00e3o de seus produtos, oferecendo alimentos mais saud\u00e1veis e evitando fazer propaganda para produtos n\u00e3o saud\u00e1veis.<\/p>\n<p>J\u00e1 os jovens destacam, em sua declara\u00e7\u00e3o, que o futuro de seus pa\u00edses depende do enfrentamento \u00e0 m\u00e1 nutri\u00e7\u00e3o e que a nutri\u00e7\u00e3o da juventude est\u00e1 amea\u00e7ada por alimentos processados, que podem causar c\u00e2ncer, pela falta de acesso \u00e0 \u00e1gua pot\u00e1vel e pelo saneamento impr\u00f3prio.<\/p>\n<p>Para a juventude, todos devem se responsabilizar \u2013\u00a0governos, empresas e sociedade civil. Segundo a declara\u00e7\u00e3o, a nutri\u00e7\u00e3o n\u00e3o afeta apenas o bem-estar individual, mas das na\u00e7\u00f5es como um todo. O documento destaca que as\u00a0recomenda\u00e7\u00f5es t\u00eam apoio de mais\u00a0100 organiza\u00e7\u00f5es, que\u00a0representam milhares de especialistas em nutri\u00e7\u00e3o, ativistas, jovens, trabalhadores de campo e profissionais comprometidos com o acesso universal \u00e0 boa nutri\u00e7\u00e3o.<\/p>\n<p>A<a href=\"https:\/\/drive.google.com\/file\/d\/1ACBxTTwpBkyCI82JRItxZxviea6seYTg\/view\" target=\"_blank\" rel=\"noopener\"> declara\u00e7\u00e3o da sociedade civil <\/a>cita que a polariza\u00e7\u00e3o pol\u00edtica, o autoritarismo e agendas nacionalistas dificultam esfor\u00e7os colaborativos para enfrentar desafios globais. &#8220;Cortes de ajuda \u2013\u00a0estimados em 44% \u2013 amea\u00e7am d\u00e9cadas de progresso, com o financiamento para desnutri\u00e7\u00e3o aguda grave\u00a0caindo em US$ 290 milh\u00f5es&#8221;, aponta o texto, ao ressaltar que os cortes podem resultar\u00a0cortes em mais 369 mil mortes de crian\u00e7as anualmente.\u00a0<\/p>\n<p>O documento destaca que a\u00a0c\u00fapula \u00e9 uma oportunidade de\u00a0impulsionar a a\u00e7\u00e3o global sobre nutri\u00e7\u00e3o. As principais recomenda\u00e7\u00f5es s\u00e3o colocar as pessoas em primeiro lugar, garantir responsabiliza\u00e7\u00e3o e transpar\u00eancia sustentadas para\u00a0compromissos de nutri\u00e7\u00e3o, assim como financiamento\u00a0sustent\u00e1vel, tornar a nutri\u00e7\u00e3o um pilar central do desenvolvimento global e\u00a0resposta \u00e0 crise, e responsabilizar o setor privado pelas solu\u00e7\u00f5es nutricionais.\u00a0Segundo o texto, a declara\u00e7\u00e3o\u00a0recebeu o apoio de mais de uma centena de organiza\u00e7\u00f5es.<\/p>\n<p><strong>A pr\u00f3xima c\u00fapula est\u00e1 prevista para\u00a02029, nos Estados Unidos<\/strong>, mas h\u00e1 receio de que, devido \u00e0s decis\u00f5es do presidente estadunidense, Donald Trump, de cortar fundos para organismos internacionais e para ajuda humanit\u00e1ria, o evento possa ser cancelado ou tenha que ser realizado em outro pa\u00eds.<\/p>\n<p><em>*O rep\u00f3rter viajou a convite da Embaixada da Fran\u00e7a em Bras\u00edlia<\/em><\/p>\n<p>      <!-- Relacionada --><\/p>\n<p>            <!-- Relacionada -->\n    <\/div>\n<p><br \/>\n<br \/><a href=\"https:\/\/agenciabrasil.ebc.com.br\/node\/1636598\" rel=\"noopener\">Ag\u00eancia Brasil <\/a><\/p>\n","protected":false},"excerpt":{"rendered":"<p>A c\u00fapula Nutrition for Growth (N4G) \u2013\u00a0Nutri\u00e7\u00e3o para o Crescimento \u2013\u00a0foi encerrada nesta sexta-feira (28), em Paris com um saldo de US$ 27,55 bilh\u00f5es\u00a0em compromissos financeiros para a nutri\u00e7\u00e3o global. No total, foram firmados 403 compromissos financeiros ou pol\u00edticos na c\u00fapula. O evento, iniciado em 2013 e realizado de quatro em quatro anos por anfitri\u00f5es [&hellip;]<\/p>\n","protected":false},"author":1,"featured_media":28505,"comment_status":"open","ping_status":"open","sticky":false,"template":"","format":"standard","meta":{"_jetpack_newsletter_access":"","_jetpack_dont_email_post_to_subs":false,"_jetpack_newsletter_tier_id":0,"_jetpack_memberships_contains_paywalled_content":false,"_mbp_banners":[],"_jetpack_feature_clip_id":0,"_jetpack_memberships_contains_paid_content":false,"footnotes":"","jetpack_publicize_message":"","jetpack_publicize_feature_enabled":true,"jetpack_social_post_already_shared":true,"jetpack_social_options":{"image_generator_settings":{"template":"highway","default_image_id":0,"font":"","enabled":false},"version":2},"jetpack_post_was_ever_published":false},"categories":[25],"tags":[],"class_list":["post-28504","post","type-post","status-publish","format-standard","has-post-thumbnail","category-internacional"],"jetpack_publicize_connections":[],"jetpack-related-posts":[],"jetpack_shortlink":"https:\/\/wp.me\/p7Eq1F-7pK","jetpack_sharing_enabled":true,"jetpack_featured_media_url":"https:\/\/i0.wp.com\/guialimeira.com.br\/news\/wp-content\/uploads\/2025\/03\/raf06426.jpg?fit=1600%2C800&ssl=1","_links":{"self":[{"href":"https:\/\/guialimeira.com.br\/news\/wp-json\/wp\/v2\/posts\/28504","targetHints":{"allow":["GET"]}}],"collection":[{"href":"https:\/\/guialimeira.com.br\/news\/wp-json\/wp\/v2\/posts"}],"about":[{"href":"https:\/\/guialimeira.com.br\/news\/wp-json\/wp\/v2\/types\/post"}],"author":[{"embeddable":true,"href":"https:\/\/guialimeira.com.br\/news\/wp-json\/wp\/v2\/users\/1"}],"replies":[{"embeddable":true,"href":"https:\/\/guialimeira.com.br\/news\/wp-json\/wp\/v2\/comments?post=28504"}],"version-history":[{"count":0,"href":"https:\/\/guialimeira.com.br\/news\/wp-json\/wp\/v2\/posts\/28504\/revisions"}],"wp:featuredmedia":[{"embeddable":true,"href":"https:\/\/guialimeira.com.br\/news\/wp-json\/wp\/v2\/media\/28505"}],"wp:attachment":[{"href":"https:\/\/guialimeira.com.br\/news\/wp-json\/wp\/v2\/media?parent=28504"}],"wp:term":[{"taxonomy":"category","embeddable":true,"href":"https:\/\/guialimeira.com.br\/news\/wp-json\/wp\/v2\/categories?post=28504"},{"taxonomy":"post_tag","embeddable":true,"href":"https:\/\/guialimeira.com.br\/news\/wp-json\/wp\/v2\/tags?post=28504"}],"curies":[{"name":"wp","href":"https:\/\/api.w.org\/{rel}","templated":true}]}}