{"id":28488,"date":"2025-03-28T12:07:53","date_gmt":"2025-03-28T15:07:53","guid":{"rendered":"https:\/\/guialimeira.com.br\/?p=28488"},"modified":"2025-03-28T12:07:53","modified_gmt":"2025-03-28T15:07:53","slug":"comissao-ouve-secretario-siddhartha-leao-comandantes-da-gcm-e-pm-sobre-centros-comunitarios","status":"publish","type":"post","link":"https:\/\/guialimeira.com.br\/news\/comissao-ouve-secretario-siddhartha-leao-comandantes-da-gcm-e-pm-sobre-centros-comunitarios\/","title":{"rendered":"Comiss\u00e3o ouve secret\u00e1rio Siddhartha Le\u00e3o, comandantes da GCM e PM sobre centros comunit\u00e1rios"},"content":{"rendered":"\n<figure class=\"wp-block-gallery has-nested-images columns-default is-cropped wp-block-gallery-1 is-layout-flex wp-block-gallery-is-layout-flex\"><\/figure>\n \r\n<br><img data-recalc-dims=\"1\" decoding=\"async\" src=\"https:\/\/i0.wp.com\/guialimeira.com.br\/wp-content\/uploads\/2025\/03\/2025-03-28_comissao-ouve-secretario-siddhartha-leao-comandantes-da-gcm-e-pm-sobre-centros-comunitari.jpeg?w=696&#038;ssl=1\" \/><br><div>\n\t\t\t\t\t<p>A seguran\u00e7a foi o centro do di\u00e1logo promovido pelos vereadores da Comiss\u00e3o de Seguran\u00e7a P\u00fablica da C\u00e2mara, que discutiram o funcionamento dos centros comunit\u00e1rios da cidade na reuni\u00e3o de quinta-feira, 27 de mar\u00e7o. O encontro contou com a presen\u00e7a do secret\u00e1rio Municipal de Seguran\u00e7a P\u00fablica e Defesa Civil, Siddhartha Le\u00e3o, do comandante da Guarda Civil Municipal (GCM), Henrique Paes, e do capit\u00e3o Herlon Correa de Paula, comandante da 1\u00aa Companhia da Pol\u00edcia Militar (PM). O objetivo da reuni\u00e3o foi debater estrat\u00e9gias de combate \u00e0 criminalidade nos espa\u00e7os p\u00fablicos comunit\u00e1rios.\u00a0\u00a0\u00a0<\/p><p>Fazem parte do colegiado os vereadores Costa J\u00fanior (Podemos), presidente; Felipe Penedo (PL), vice-presidente e Carlinhos do Grota (PL), secret\u00e1rio. Todas as delibera\u00e7\u00f5es podem ser conferidas em <a href=\"https:\/\/consulta.limeira.sp.leg.br\/arquivo?Id=487326\" rel=\"noopener\">ata<\/a>. Tamb\u00e9m contribuiu com a reuni\u00e3o desta semana o presidente da Comiss\u00e3o de Esporte, Cultura e Lazer, Guilherme Guido (PL).\u00a0\u00a0<\/p><p>Os vereadores relataram que os centros comunit\u00e1rios t\u00eam sido alvo de crimes, como furtos, vandalismo, invas\u00f5es e tr\u00e1fico de entorpecentes. Eles questionaram os representantes das for\u00e7as de seguran\u00e7a sobre as escalas, os trabalhos preventivos e ostensivos e a possibilidade de estabelecer um plano de a\u00e7\u00e3o integrado para atua\u00e7\u00e3o nos centros comunit\u00e1rios, pra\u00e7as esportivas e seus arredores, especialmente nos bairros Parque Hip\u00f3lito, Cecap, Ouro Verde e Jardim Ipanema.<\/p><p>\u201c\u00c9 preciso um refor\u00e7o no trabalho preventivo e ostensivo nos bairros. Os centros comunit\u00e1rios est\u00e3o sendo destru\u00eddos e daqui a pouco a popula\u00e7\u00e3o n\u00e3o poder\u00e1 dispor desses espa\u00e7os. O tr\u00e1fico est\u00e1 entrando nesses locais, os mun\u00edcipes est\u00e3o cada vez mais amedrontados. Qual caminho devemos percorrer ou qual porta temos que bater para encontrar uma solu\u00e7\u00e3o para isso? O centro comunit\u00e1rio \u00e9 o cora\u00e7\u00e3o dos bairros\u201d, avaliou Costa J\u00fanior, ao falar da necessidade do olhar estrat\u00e9gico e integrado do Poder P\u00fablico.<\/p><p><strong>GCM<\/strong><\/p><p>O secret\u00e1rio Siddhartha Le\u00e3o explicou que atualmente o efetivo da GCM \u00e9 de 295 guardas, mas parte desse quadro est\u00e1 alocada no setor administrativo. Al\u00e9m disso, h\u00e1 previs\u00e3o de baixa com a aposentadoria de pelo menos 30 guardas este ano. &#8220;Dentro dessa quantidade, h\u00e1 escalas de trabalho, o que diminui a quantidade de GCMs em atividade&#8221;, explicou.<\/p><p>Quanto ao quadro efetivo, Siddhartha informou que a Prefeitura n\u00e3o possui recursos para realizar concursos p\u00fablicos este ano. \u201cIsso s\u00f3 seria poss\u00edvel em abril de 2026. A meta \u00e9 chegar a 400 guardas, ou seja, um GCM para cada mil habitantes sem contar os administrativos\u201d, indicou.\u00a0<\/p><p>O comandante Paes enfatizou que, no momento, n\u00e3o \u00e9 poss\u00edvel alocar um GCM em cada um dos 15 centros comunit\u00e1rios da cidade, devido ao n\u00famero insuficiente de guardas. Ele tamb\u00e9m mencionou que, quando as equipes s\u00e3o deslocadas para esses espa\u00e7os p\u00fablicos, elas logo s\u00e3o chamadas para atender outras ocorr\u00eancias. A GCM est\u00e1 envolvida em programas como Maria da Penha, ronda escolar e Opera\u00e7\u00e3o Centro Seguro.<\/p><p>Paes sugeriu um di\u00e1logo com a gest\u00e3o interna dos centros comunit\u00e1rios para organizar as demandas de seguran\u00e7a espec\u00edficas de cada unidade e resolver quest\u00f5es estruturais, para garantir que os guardas possam atuar de maneira eficaz.\u00a0<\/p><p>Uma proposta discutida foi a utiliza\u00e7\u00e3o de vigilantes patrimoniais, profissionais que poderiam atuar de forma preventiva sem a necessidade de escalar um GCM para cada centro comunit\u00e1rio em tempo integral. O secret\u00e1rio mencionou que um cargo similar foi criado na gest\u00e3o do ex-prefeito Silvio F\u00e9lix, mas foi considerado inconstitucional devido ao nome &#8220;vigilante&#8221;. \u201cPodemos discutir essa ideia novamente e realizar um concurso para esses profissionais, desde que a denomina\u00e7\u00e3o e atribui\u00e7\u00f5es estejam dentro dos limites da constitui\u00e7\u00e3o\u201d, disse.<\/p><p>Siddhartha reafirmou que a Secretaria de Seguran\u00e7a P\u00fablica est\u00e1 \u00e0 disposi\u00e7\u00e3o da C\u00e2mara para buscar solu\u00e7\u00f5es. \u201cOs centros comunit\u00e1rios s\u00e3o importantes por serem locais de conviv\u00eancia social e merecem aten\u00e7\u00e3o e cuidados maiores. Precisamos melhorar a seguran\u00e7a nesses locais, conforme a GCM for se estruturando\u201d, afirmou o secret\u00e1rio.\u00a0<\/p><p><strong>Monitoramento por c\u00e2meras\u00a0<\/strong><\/p><p>Outra alternativa discutida foi em rela\u00e7\u00e3o ao monitoramento por c\u00e2meras. Siddhartha mencionou que o sistema atual de c\u00e2meras Dahua n\u00e3o atende \u00e0 demanda necess\u00e1ria, e o contrato com a empresa est\u00e1 em revis\u00e3o. Ele tamb\u00e9m mencionou que est\u00e3o sendo realizados estudos para a cria\u00e7\u00e3o de conv\u00eanios e o fortalecimento de experi\u00eancias de uso de tecnologia e intelig\u00eancia, como o Muralha Digital e o Programa Smart Sampa, desenvolvido na capital paulista, visando uma resposta r\u00e1pida \u00e0 seguran\u00e7a da popula\u00e7\u00e3o.\u00a0<\/p><p><strong>Pol\u00edcia Militar\u00a0<\/strong><\/p><p>O capit\u00e3o Herlon sugeriu o di\u00e1logo permanente entre a Pol\u00edcia Militar e a GCM, com reuni\u00f5es a cada 15 dias, para fortalecer as estrat\u00e9gias dentro da atua\u00e7\u00e3o de cada uma. A proposta foi acatada entre as partes, que tamb\u00e9m consideraram realizar opera\u00e7\u00f5es nas \u00e1reas dos centros comunit\u00e1rios. Os vereadores tamb\u00e9m solicitaram que bimestralmente um debate tamb\u00e9m seja feito com a Comiss\u00e3o de Seguran\u00e7a P\u00fablica da C\u00e2mara, com a finalidade de compartilhar com as for\u00e7as atuantes sobre demandas dos mun\u00edcipes, al\u00e9m de acompanhar o andamento das a\u00e7\u00f5es da GCM e PM.\u00a0\u00a0\u00a0\u00a0<\/p><p>O capit\u00e3o tamb\u00e9m se comprometeu a encaminhar os pedidos sobre os centros comunit\u00e1rios fora da \u00e1rea de atua\u00e7\u00e3o da 1\u00aa Companhia para as companhias competentes. Ele ainda refletiu sobre as pol\u00edticas de seguran\u00e7a, destacando que \u201ca base da seguran\u00e7a p\u00fablica n\u00e3o \u00e9 a pol\u00edcia ou a guarda, a base \u00e9 a fam\u00edlia\u201d, e pediu que sejam pensadas pol\u00edticas municipais que fortale\u00e7am as fam\u00edlias, seja por meio de v\u00ednculos sociais ou gera\u00e7\u00e3o de emprego.\u00a0<\/p><p>A Comiss\u00e3o respondeu que vai fazer um rastreamento de toda a legisla\u00e7\u00e3o na \u00e1rea que precisa ser atualizada ou criada para somar esfor\u00e7os \u00e0 seguran\u00e7a. \u00a0<\/p>\t\t\t\t<\/div>\r\n<br>\r\n<br><a href=\"https:\/\/www.limeira.sp.leg.br\/noticias\/view\/2025-03-28_comissao-ouve-secretario-siddhartha-leao-comandantes-da-gcm-e-pm-sobre-centros-comunitarios\" rel=\"noopener\">Informa\u00e7\u00f5es CML <\/a>","protected":false},"excerpt":{"rendered":"<p>A seguran\u00e7a foi o centro do di\u00e1logo promovido pelos vereadores da Comiss\u00e3o de Seguran\u00e7a P\u00fablica da C\u00e2mara, que discutiram o funcionamento dos centros comunit\u00e1rios da cidade na reuni\u00e3o de quinta-feira, 27 de mar\u00e7o. O encontro contou com a presen\u00e7a do secret\u00e1rio Municipal de Seguran\u00e7a P\u00fablica e Defesa Civil, Siddhartha Le\u00e3o, do comandante da Guarda Civil [&hellip;]<\/p>\n","protected":false},"author":1,"featured_media":28489,"comment_status":"open","ping_status":"open","sticky":false,"template":"","format":"standard","meta":{"_jetpack_newsletter_access":"","_jetpack_dont_email_post_to_subs":false,"_jetpack_newsletter_tier_id":0,"_jetpack_memberships_contains_paywalled_content":false,"_mbp_banners":[],"_jetpack_feature_clip_id":0,"_jetpack_memberships_contains_paid_content":false,"footnotes":"","jetpack_publicize_message":"","jetpack_publicize_feature_enabled":true,"jetpack_social_post_already_shared":true,"jetpack_social_options":{"image_generator_settings":{"template":"highway","default_image_id":0,"font":"","enabled":false},"version":2},"jetpack_post_was_ever_published":false},"categories":[19],"tags":[],"class_list":["post-28488","post","type-post","status-publish","format-standard","has-post-thumbnail","category-politica"],"jetpack_publicize_connections":[],"jetpack-related-posts":[],"jetpack_shortlink":"https:\/\/wp.me\/p7Eq1F-7pu","jetpack_sharing_enabled":true,"jetpack_featured_media_url":"https:\/\/i0.wp.com\/guialimeira.com.br\/news\/wp-content\/uploads\/2025\/03\/Comissao-ouve-secretario-Siddhartha-Leao-comandantes-da-GCM-e-PM.jpeg?fit=1280%2C640&ssl=1","_links":{"self":[{"href":"https:\/\/guialimeira.com.br\/news\/wp-json\/wp\/v2\/posts\/28488","targetHints":{"allow":["GET"]}}],"collection":[{"href":"https:\/\/guialimeira.com.br\/news\/wp-json\/wp\/v2\/posts"}],"about":[{"href":"https:\/\/guialimeira.com.br\/news\/wp-json\/wp\/v2\/types\/post"}],"author":[{"embeddable":true,"href":"https:\/\/guialimeira.com.br\/news\/wp-json\/wp\/v2\/users\/1"}],"replies":[{"embeddable":true,"href":"https:\/\/guialimeira.com.br\/news\/wp-json\/wp\/v2\/comments?post=28488"}],"version-history":[{"count":1,"href":"https:\/\/guialimeira.com.br\/news\/wp-json\/wp\/v2\/posts\/28488\/revisions"}],"predecessor-version":[{"id":28490,"href":"https:\/\/guialimeira.com.br\/news\/wp-json\/wp\/v2\/posts\/28488\/revisions\/28490"}],"wp:featuredmedia":[{"embeddable":true,"href":"https:\/\/guialimeira.com.br\/news\/wp-json\/wp\/v2\/media\/28489"}],"wp:attachment":[{"href":"https:\/\/guialimeira.com.br\/news\/wp-json\/wp\/v2\/media?parent=28488"}],"wp:term":[{"taxonomy":"category","embeddable":true,"href":"https:\/\/guialimeira.com.br\/news\/wp-json\/wp\/v2\/categories?post=28488"},{"taxonomy":"post_tag","embeddable":true,"href":"https:\/\/guialimeira.com.br\/news\/wp-json\/wp\/v2\/tags?post=28488"}],"curies":[{"name":"wp","href":"https:\/\/api.w.org\/{rel}","templated":true}]}}