{"id":28485,"date":"2025-03-28T12:02:46","date_gmt":"2025-03-28T15:02:46","guid":{"rendered":"https:\/\/guialimeira.com.br\/2025\/03\/28\/brasil-e-vietna-firmam-plano-para-implementar-parceria-estrategica\/"},"modified":"2025-03-28T12:02:46","modified_gmt":"2025-03-28T15:02:46","slug":"brasil-e-vietna-firmam-plano-para-implementar-parceria-estrategica","status":"publish","type":"post","link":"https:\/\/guialimeira.com.br\/news\/brasil-e-vietna-firmam-plano-para-implementar-parceria-estrategica\/","title":{"rendered":"Brasil e Vietn\u00e3 firmam plano para implementar parceria estrat\u00e9gica"},"content":{"rendered":"<p> <br \/>\n<\/p>\n<div>\n<p>Brasil e Vietn\u00e3 firmaram, nesta sexta-feira (28), um plano de a\u00e7\u00e3o\u00a0para o per\u00edodo de 2025 a 2030 a fim de\u00a0implementar<strong> Parceria Estrat\u00e9gica entre os dois pa\u00edses<\/strong>, que \u00e9 um tipo de relacionamento diplom\u00e1tico superior.<img data-recalc-dims=\"1\" decoding=\"async\" src=\"https:\/\/i0.wp.com\/agenciabrasil.ebc.com.br\/ebc.png?w=696&#038;ssl=1\" style=\"width:1px; height:1px; display:inline;\"\/><img data-recalc-dims=\"1\" decoding=\"async\" src=\"https:\/\/i0.wp.com\/agenciabrasil.ebc.com.br\/ebc.gif?w=696&#038;ssl=1\" style=\"width:1px; height:1px; display:inline;\"\/><\/p>\n<p>O <strong>ato foi oficializado pelo presidente Luiz In\u00e1cio Lula da Silva e o presidente do Vietn\u00e3, Luong Cuong, em Han\u00f3i, capital vietnamita<\/strong>, onde Lula est\u00e1 em <a href=\"https:\/\/agenciabrasil.ebc.com.br\/internacional\/noticia\/2025-03\/lula-visita-vietna-para-elevar-nivel-da-relacao-com-o-pais\" target=\"_blank\" rel=\"noopener\">visita de Estado<\/a>.<\/p>\n<div class=\"dnd-widget-wrapper context-medio_4colunas type-image atom-align-right\">\n<div class=\"dnd-atom-rendered\"><!-- scald=419100:medio_4colunas {\"additionalClasses\":\"\"} --><br \/>\n            <img data-recalc-dims=\"1\" decoding=\"async\" src=\"https:\/\/i0.wp.com\/imagens.ebc.com.br\/WcaG0kXs44eILNlc-9ZWKSvNi0I%3D\/365x0\/smart\/https%3A\/\/agenciabrasil.ebc.com.br\/sites\/default\/files\/thumbnails\/image\/2025\/03\/28\/54414809181_28b6abc7be_o.jpg?w=696&#038;ssl=1\" alt=\"Presidente da Rep\u00fablica, Luiz In\u00e1cio Lula da Silva, durante cerim\u00f4nia de Assinatura de Atos.&#13;&#10;Pal\u00e1cio Presidencial - Han\u00f3i - Vietn\u00e3.&#13;&#10;&#13;&#10;Foto: Ricardo Stuckert \/ PR\" title=\"Ricardo Stuckert \/ PR\"\/><br \/>\n        <img data-recalc-dims=\"1\" decoding=\"async\" src=\"https:\/\/i0.wp.com\/imagens.ebc.com.br\/WcaG0kXs44eILNlc-9ZWKSvNi0I%3D\/365x0\/smart\/https%3A\/\/agenciabrasil.ebc.com.br\/sites\/default\/files\/thumbnails\/image\/2025\/03\/28\/54414809181_28b6abc7be_o.jpg?w=696&#038;ssl=1\" alt=\"Presidente da Rep\u00fablica, Luiz In\u00e1cio Lula da Silva, durante cerim\u00f4nia de Assinatura de Atos.&#13;&#10;Pal\u00e1cio Presidencial - Han\u00f3i - Vietn\u00e3.&#13;&#10;&#13;&#10;Foto: Ricardo Stuckert \/ PR\" title=\"Ricardo Stuckert \/ PR\"\/><br \/>\n    <!-- END scald=419100 --><\/div>\n<p><h6 class=\"meta\"><!--copyright=419100-->Presidente da Rep\u00fablica, Luiz In\u00e1cio Lula da Silva, durante cerim\u00f4nia de Assinatura de Atos. Pal\u00e1cio Presidencial &#8211; Han\u00f3i &#8211; Vietn\u00e3. Foto: Ricardo Stuckert \/ PR &#8211; <strong>Ricardo Stuckert \/ PR<\/strong><!--END copyright=419100--><\/h6>\n<\/p>\n<\/div>\n<p>Em 2024, Brasil e Vietn\u00e3 celebraram 35 anos de rela\u00e7\u00f5es diplom\u00e1ticas. A rela\u00e7\u00e3o bilateral foi elevada a <strong>Parceria Estrat\u00e9gica<\/strong> em 17 de novembro de 2024, em encontro de Lula e do primeiro-ministro do pa\u00eds, Pham Minh Chinh, \u00e0 margem da C\u00fapula do G20, no Rio de Janeiro. Entre as na\u00e7\u00f5es do Sudeste Asi\u00e1tico, apenas a Indon\u00e9sia \u00e9 um parceiro estrat\u00e9gico do Brasil.<\/p>\n<blockquote>\n<p>\u201cCom o fluxo de com\u00e9rcio bilateral que j\u00e1 se aproxima de 8 bilh\u00f5es de d\u00f3lares, o Brasil exporta mais para o Vietn\u00e3 do que vende para Portugal, Reino Unido e Fran\u00e7a. Por isso, meu governo tem interesse em reconhecer o Vietn\u00e3 como economia de mercado. Essas e outras medidas v\u00e3o nos permitir ampliar os fluxos de com\u00e9rcio e de investimento entre nossos pa\u00edses\u201d, disse Lula em declara\u00e7\u00e3o \u00e0 imprensa ao lado de Luong Cuong.<\/p>\n<\/blockquote>\n<p>O plano de a\u00e7\u00e3o re\u00fane prioridades do relacionamento bilateral em assuntos como defesa, economia, com\u00e9rcio e investimentos; agricultura e seguran\u00e7a alimentar e nutricional; ci\u00eancia, tecnologia e inova\u00e7\u00e3o; meio ambiente e sustentabilidade; transi\u00e7\u00e3o energ\u00e9tica e coopera\u00e7\u00e3o sociocultural e assuntos consulares.<\/p>\n<blockquote>\n<p>\u201cNenhuma colabora\u00e7\u00e3o \u00e9 t\u00e3o estrat\u00e9gica para o futuro de dois pa\u00edses emergentes quanto a coopera\u00e7\u00e3o em educa\u00e7\u00e3o e em ci\u00eancia e tecnologia. Em breve, nossas universidades poder\u00e3o promover o interc\u00e2mbio de professores e estudantes e outras iniciativas conjuntas. Estamos estudando parcerias em \u00e1reas como semicondutores, Intelig\u00eancia Artificial, tecnologias digitais, biotecnologia e energias renov\u00e1veis\u201d, disse Lula.<\/p>\n<\/blockquote>\n<p>Durante o encontro em Han\u00f3i, tamb\u00e9m foram firmados outros <strong>quatro atos bilaterais<\/strong>: dois acordos que tratam sobre o exerc\u00edcio de atividade remunerada por parte de dependentes de miss\u00f5es diplom\u00e1ticas e sobre a da troca e prote\u00e7\u00e3o m\u00fatua de informa\u00e7\u00f5es classificadas; e dois memorandos de entendimento, um sobre coopera\u00e7\u00e3o comercial e industrial e o segundo entre as confedera\u00e7\u00f5es de futebol.<\/p>\n<h2>Com\u00e9rcio<\/h2>\n<p>A Parceria Estrat\u00e9gica tamb\u00e9m pretende <strong>aprofundar o di\u00e1logo pol\u00edtico, refor\u00e7ar a coopera\u00e7\u00e3o econ\u00f4mica, intensificar o fluxo de com\u00e9rcio e os investimentos, fortalecer a coordena\u00e7\u00e3o em temas da agenda multilateral e impulsionar novas iniciativas de coopera\u00e7\u00e3o.<\/strong><\/p>\n<p>O Vietn\u00e3 j\u00e1 \u00e9 o <strong>quinto maior consumidor dos produtos agropecu\u00e1rios brasileiros<\/strong>. O Brasil fornece cerca de 70% da soja importada pelo Vietn\u00e3, al\u00e9m de ser o principal fornecedor de carne su\u00edna (cerca de 37%), o segundo maior de carne de frango e de algod\u00e3o.<\/p>\n<div class=\"dnd-widget-wrapper context-cheio_8colunas type-image\">\n<div class=\"dnd-atom-rendered\"><!-- scald=419117:cheio_8colunas --><br \/>\n            <img data-recalc-dims=\"1\" decoding=\"async\" src=\"https:\/\/i0.wp.com\/imagens.ebc.com.br\/OMQaBqpu1X7zV8_iEPR3P5ThELc%3D\/754x0\/smart\/https%3A\/\/agenciabrasil.ebc.com.br\/sites\/default\/files\/thumbnails\/image\/2025\/03\/28\/54414207717_66cafcf7c7_o.jpg?w=696&#038;ssl=1\" alt=\"Presidente da Rep\u00fablica, Luiz In\u00e1cio Lula da Silva, durante encontro com o Primeiro-Ministro do Vietn\u00e3, Pham Minh Chinh.&#13;&#10;Pal\u00e1cio do Governo - Vietn\u00e3.&#13;&#10;&#13;&#10;Foto: Ricardo Stuckert \/ PR\" title=\"Ricardo Stuckert \/ PR\"\/><br \/>\n        <img data-recalc-dims=\"1\" decoding=\"async\" src=\"https:\/\/i0.wp.com\/imagens.ebc.com.br\/OMQaBqpu1X7zV8_iEPR3P5ThELc%3D\/754x0\/smart\/https%3A\/\/agenciabrasil.ebc.com.br\/sites\/default\/files\/thumbnails\/image\/2025\/03\/28\/54414207717_66cafcf7c7_o.jpg?w=696&#038;ssl=1\" alt=\"Presidente da Rep\u00fablica, Luiz In\u00e1cio Lula da Silva, durante encontro com o Primeiro-Ministro do Vietn\u00e3, Pham Minh Chinh.&#13;&#10;Pal\u00e1cio do Governo - Vietn\u00e3.&#13;&#10;&#13;&#10;Foto: Ricardo Stuckert \/ PR\" title=\"Ricardo Stuckert \/ PR\"\/><br \/>\n    <!-- END scald=419117 --><\/div>\n<div class=\"dnd-caption-wrapper\">\n<p><!--copyright=419117-->Presidente da Rep\u00fablica, Luiz In\u00e1cio Lula da Silva, durante encontro com o Primeiro-Ministro do Vietn\u00e3, Pham Minh Chinh. Pal\u00e1cio do Governo &#8211; Vietn\u00e3. Foto: Ricardo Stuckert \/ PR &#8211; <strong>Ricardo Stuckert \/ PR<\/strong><!--END copyright=419117--><\/p>\n<\/div>\n<\/div>\n<p><strong>Em 2024, Brasil e Vietn\u00e3 registraram um volume de com\u00e9rcio de US$ 7,7 bilh\u00f5es, com super\u00e1vit brasileiro de US$ 415 milh\u00f5es.<\/strong> A <strong>meta \u00e9 chegar a US$ 15 bilh\u00f5es em volume comercializado at\u00e9 2030<\/strong>, em um contexto mais amplo de aproxima\u00e7\u00e3o do Brasil com na\u00e7\u00f5es do Sudeste Asi\u00e1tico.<\/p>\n<p>A amplia\u00e7\u00e3o do com\u00e9rcio entre as duas na\u00e7\u00f5es tamb\u00e9m prev\u00ea a <strong>abertura do pa\u00eds asi\u00e1tico \u00e0 carne bovina brasileira<\/strong>. Para Lula, a medida atrair\u00e1 investimentos de frigor\u00edficos do Brasil para fazer do Vietn\u00e3 \u201cuma plataforma de exporta\u00e7\u00e3o para o Sudeste Asi\u00e1tico\u201d.<\/p>\n<p>Al\u00e9m das exporta\u00e7\u00f5es ligadas ao setor de alimentos, o presidente acredita que o Brasil tem potencial para investir em produtos de valor agregado.<\/p>\n<blockquote>\n<p>\u201cJ\u00e1 contribu\u00edmos para a seguran\u00e7a alimentar do Vietn\u00e3 e queremos ampliar a exporta\u00e7\u00e3o de bens de maior valor agregado, incluindo aeronaves. Espero que a Vietnam Airlines possa avaliar positivamente a oferta da Embraer para os jatos da fam\u00edlia E-Jets, ideais para a conectividade regional\u201d, disse.<\/p>\n<\/blockquote>\n<p>Outro caminho apontado por Lula no fortalecimento das rela\u00e7\u00f5es \u00e9 a cultura do caf\u00e9, com a colabora\u00e7\u00e3o em pesquisas para tornar a produ\u00e7\u00e3o mais resistente aos impactos da mudan\u00e7a do clima.<\/p>\n<blockquote>\n<p>\u201cVietn\u00e3 e Brasil s\u00e3o os dois maiores produtores mundiais de caf\u00e9 e ambos tivemos safras recentes afetadas pela mudan\u00e7a do clima. Estamos determinados a ampliar nosso interc\u00e2mbio t\u00e9cnico para fortalecer a resili\u00eancia da cultura do caf\u00e9\u201d, disse. O Vietn\u00e3 pode se beneficiar do Fundo Florestas Tropicais para Sempre, proposto pelo Brasil, e ser remunerado por seu esfor\u00e7o de preserva\u00e7\u00e3o ambiental\u201d, acrescentou Lula.<\/p>\n<\/blockquote>\n<p>O presidente c<strong>onvidou autoridades vietnamitas a participarem da 30\u00aa Confer\u00eancia das Na\u00e7\u00f5es Unidas sobre as Mudan\u00e7as Clim\u00e1ticas de 2025 (COP30)<\/strong>, que ser\u00e1 realizada em novembro, em Bel\u00e9m, no Par\u00e1.No segundo semestre, o Brasil assumir\u00e1 a presid\u00eancia do Mercosul e Lula tamb\u00e9m manifestou o interesse em aproximar o Vietn\u00e3 da zona comercial de pa\u00edses sul-americanos.<\/p>\n<h2>Crise global<\/h2>\n<p>Durante a declara\u00e7\u00e3o \u00e0 imprensa, o presidente brasileiro ainda refor\u00e7ou o <strong><a href=\"https:\/\/agenciabrasil.ebc.com.br\/internacional\/noticia\/2023-09\/na-onu-lula-diz-que-multilateralismo-global-vem-sendo-corroido\" target=\"_blank\" rel=\"noopener\">apelo para fim dos conflitos globais e pelo fortalecimento do multilateralismo<\/a><\/strong>. Para Lula, as na\u00e7\u00f5es da Am\u00e9rica Latina e do Sudeste Asi\u00e1tico devem evitar uma nova divis\u00e3o do globo em zonas de influ\u00eancia.<\/p>\n<blockquote>\n<p>\u201cA governan\u00e7a global em mat\u00e9ria de com\u00e9rcio, sa\u00fade e meio ambiente est\u00e1 sob s\u00e9rias amea\u00e7as\u201d, ressaltou.<\/p>\n<\/blockquote>\n<p>O presidente afirmou ainda que, &#8220;de formas distintas,\u00a0Vietn\u00e3 e Brasil sofreram os efeitos da guerra fria e sabem que o melhor caminho \u00e9 o do n\u00e3o-alinhamento, argumentando que a\u00e7\u00f5es unilaterais, hoje, p\u00f5em em risco o multilateralismo. \u201cA governan\u00e7a global em mat\u00e9ria de com\u00e9rcio, sa\u00fade e meio ambiente est\u00e1 sob s\u00e9rias amea\u00e7as\u201d.<\/p>\n<blockquote>\n<p>\u201cGaza \u00e9 hoje o maior s\u00edmbolo do abandono do humanismo que cultivamos. Nada justifica a matan\u00e7a indiscriminada de civis. Na Ucr\u00e2nia, o Brasil sempre defendeu a via do di\u00e1logo. Acolhemos todos os esfor\u00e7os nessa dire\u00e7\u00e3o\u201d, acrescentou.<\/p>\n<\/blockquote>\n<h2>Agenda<\/h2>\n<p>Nesta sexta-feira (28), em Han\u00f3i, Lula foi recepcionado em cerim\u00f4nia oficial de boas-vindas, no Pal\u00e1cio Presidencial. Ao longo do dia, o presidente brasileiro e sua comitiva tiveram\u00a0 encontros com l\u00edderes do pa\u00eds, com o primeiro-ministro vietnamita, Pham Minh Chinh; com o presidente da Assembleia Nacional do Vietn\u00e3, Tr\u1ea7n Thanh M\u1eabn; e com o secret\u00e1rio-geral do Comit\u00ea Central do Partido Comunista do pa\u00eds, T\u00f4 L\u00e2m.<\/p>\n<div class=\"dnd-widget-wrapper context-grande_6colunas type-image atom-align-right\">\n<div class=\"dnd-atom-rendered\"><!-- scald=419084:grande_6colunas {\"additionalClasses\":\"\"} --><br \/>\n            <img data-recalc-dims=\"1\" decoding=\"async\" src=\"https:\/\/i0.wp.com\/imagens.ebc.com.br\/TbFTEGVKY2fOlIcan_YBuHa0BxI%3D\/463x0\/smart\/https%3A\/\/agenciabrasil.ebc.com.br\/sites\/default\/files\/thumbnails\/image\/2025\/03\/28\/54414931924_666bb4bd0e_o.jpg?w=696&#038;ssl=1\" alt=\"Presidente da Rep\u00fablica, Luiz In\u00e1cio Lula da Silva, durante cerim\u00f4nia oficial de boas-vindas.&#13;&#10;Pal\u00e1cio Presidencial, Han\u00f3i - Vietn\u00e3.&#13;&#10;&#13;&#10;Foto: Ricardo Stuckert \/ PR\" title=\"Ricardo Stuckert \/ PR\"\/><br \/>\n        <img data-recalc-dims=\"1\" decoding=\"async\" src=\"https:\/\/i0.wp.com\/imagens.ebc.com.br\/TbFTEGVKY2fOlIcan_YBuHa0BxI%3D\/463x0\/smart\/https%3A\/\/agenciabrasil.ebc.com.br\/sites\/default\/files\/thumbnails\/image\/2025\/03\/28\/54414931924_666bb4bd0e_o.jpg?w=696&#038;ssl=1\" alt=\"Presidente da Rep\u00fablica, Luiz In\u00e1cio Lula da Silva, durante cerim\u00f4nia oficial de boas-vindas.&#13;&#10;Pal\u00e1cio Presidencial, Han\u00f3i - Vietn\u00e3.&#13;&#10;&#13;&#10;Foto: Ricardo Stuckert \/ PR\" title=\"Ricardo Stuckert \/ PR\"\/><br \/>\n    <!-- END scald=419084 --><\/div>\n<p><h6 class=\"meta\"><!--copyright=419084-->28.03.2025 &#8211; Cerim\u00f4nia oficial de boas-vindas, por Ricardo Stuckert \/ PR<!--END copyright=419084--><\/h6>\n<\/p>\n<\/div>\n<p>J\u00e1 \u00e9 noite no Vietn\u00e3, que est\u00e1 dez horas a frente do fuso hor\u00e1rio de Bras\u00edlia, e o \u00faltimo compromisso da comitiva brasileira \u00e9 um jantar em homenagem a Lula, oferecido pelo presidente vietnamita Luong Cuong.<\/p>\n<p>A viagem segue at\u00e9 s\u00e1bado (29) com a participa\u00e7\u00e3o do presidente e do primeiro-ministro Pham Minh Ch\u00ednh no F\u00f3rum-Empresarial Brasil-Vietn\u00e3. O pa\u00eds foi a segunda parada de Lula na \u00c1sia. Antes, o <a href=\"https:\/\/agenciabrasil.ebc.com.br\/internacional\/noticia\/2025-03\/japao-propoe-acoes-para-acelerar-abertura-comercial-carne-brasileira\" target=\"_blank\" rel=\"noopener\">brasileiro esteve com sua comitiva em visita de Estado ao Jap\u00e3o<\/a>. A previs\u00e3o \u00e9 que a comitiva retorne ao Brasil no domingo (30) a noite.<\/p>\n<p>      <!-- Relacionada --><\/p>\n<p>            <!-- Relacionada -->\n    <\/div>\n<p><br \/>\n<br \/><a href=\"https:\/\/agenciabrasil.ebc.com.br\/internacional\/noticia\/2025-03\/brasil-e-vietna-firmam-plano-para-implementar-parceria-estrategica\" rel=\"noopener\">Ag\u00eancia Brasil <\/a><\/p>\n","protected":false},"excerpt":{"rendered":"<p>Brasil e Vietn\u00e3 firmaram, nesta sexta-feira (28), um plano de a\u00e7\u00e3o\u00a0para o per\u00edodo de 2025 a 2030 a fim de\u00a0implementar Parceria Estrat\u00e9gica entre os dois pa\u00edses, que \u00e9 um tipo de relacionamento diplom\u00e1tico superior. O ato foi oficializado pelo presidente Luiz In\u00e1cio Lula da Silva e o presidente do Vietn\u00e3, Luong Cuong, em Han\u00f3i, capital [&hellip;]<\/p>\n","protected":false},"author":1,"featured_media":28486,"comment_status":"open","ping_status":"open","sticky":false,"template":"","format":"standard","meta":{"_jetpack_newsletter_access":"","_jetpack_dont_email_post_to_subs":false,"_jetpack_newsletter_tier_id":0,"_jetpack_memberships_contains_paywalled_content":false,"_mbp_banners":[],"_jetpack_feature_clip_id":0,"_jetpack_memberships_contains_paid_content":false,"footnotes":"","jetpack_publicize_message":"","jetpack_publicize_feature_enabled":true,"jetpack_social_post_already_shared":true,"jetpack_social_options":{"image_generator_settings":{"template":"highway","default_image_id":0,"font":"","enabled":false},"version":2},"jetpack_post_was_ever_published":false},"categories":[25],"tags":[],"class_list":["post-28485","post","type-post","status-publish","format-standard","has-post-thumbnail","category-internacional"],"jetpack_publicize_connections":[],"jetpack-related-posts":[],"jetpack_shortlink":"https:\/\/wp.me\/p7Eq1F-7pr","jetpack_sharing_enabled":true,"jetpack_featured_media_url":"https:\/\/i0.wp.com\/guialimeira.com.br\/news\/wp-content\/uploads\/2025\/03\/54415159285_6b9b8387c0_o.jpg?fit=1600%2C800&ssl=1","_links":{"self":[{"href":"https:\/\/guialimeira.com.br\/news\/wp-json\/wp\/v2\/posts\/28485","targetHints":{"allow":["GET"]}}],"collection":[{"href":"https:\/\/guialimeira.com.br\/news\/wp-json\/wp\/v2\/posts"}],"about":[{"href":"https:\/\/guialimeira.com.br\/news\/wp-json\/wp\/v2\/types\/post"}],"author":[{"embeddable":true,"href":"https:\/\/guialimeira.com.br\/news\/wp-json\/wp\/v2\/users\/1"}],"replies":[{"embeddable":true,"href":"https:\/\/guialimeira.com.br\/news\/wp-json\/wp\/v2\/comments?post=28485"}],"version-history":[{"count":0,"href":"https:\/\/guialimeira.com.br\/news\/wp-json\/wp\/v2\/posts\/28485\/revisions"}],"wp:featuredmedia":[{"embeddable":true,"href":"https:\/\/guialimeira.com.br\/news\/wp-json\/wp\/v2\/media\/28486"}],"wp:attachment":[{"href":"https:\/\/guialimeira.com.br\/news\/wp-json\/wp\/v2\/media?parent=28485"}],"wp:term":[{"taxonomy":"category","embeddable":true,"href":"https:\/\/guialimeira.com.br\/news\/wp-json\/wp\/v2\/categories?post=28485"},{"taxonomy":"post_tag","embeddable":true,"href":"https:\/\/guialimeira.com.br\/news\/wp-json\/wp\/v2\/tags?post=28485"}],"curies":[{"name":"wp","href":"https:\/\/api.w.org\/{rel}","templated":true}]}}