{"id":2848,"date":"2024-04-25T20:25:55","date_gmt":"2024-04-25T23:25:55","guid":{"rendered":"https:\/\/guialimeira.com.br\/2024\/04\/25\/atores-da-via-sacra-assistem-de-forma-inedita-gravacao-do-espetaculo\/"},"modified":"2024-04-25T20:25:55","modified_gmt":"2024-04-25T23:25:55","slug":"atores-da-via-sacra-assistem-de-forma-inedita-gravacao-do-espetaculo","status":"publish","type":"post","link":"https:\/\/guialimeira.com.br\/news\/atores-da-via-sacra-assistem-de-forma-inedita-gravacao-do-espetaculo\/","title":{"rendered":"Atores da Via Sacra assistem de forma in\u00e9dita grava\u00e7\u00e3o do espet\u00e1culo"},"content":{"rendered":"<p> <br \/>\n<\/p>\n<div>\n            <main class=\"\">&#13;<br \/>\n                &#13;<br \/>\n&#13;<br \/>\n&#13;<br \/>\n&#13;<br \/>\n    <img data-recalc-dims=\"1\" decoding=\"async\" src=\"https:\/\/i0.wp.com\/ecrie.com.br\/sistema\/conteudos\/imagem\/m_137_0_1_25042024194411.jpg?w=696&#038;ssl=1\" alt=\"Atores da Via Sacra assistem de forma in\u00e9dita grava\u00e7\u00e3o do espet\u00e1culo\"\/>&#13;<br \/>\n&#13;<\/p>\n<p><span style=\"font-size: medium;\">Expectativa, satisfa\u00e7\u00e3o e uma alegria intensa eram os sentimentos, na noite de quarta-feira (24), de atores que participaram da encena\u00e7\u00e3o da Paix\u00e3o de Cristo, na 32\u00ba edi\u00e7\u00e3o da Via Sacra, em Limeira, nos dias 28, 29 e 30 de mar\u00e7o. O grupo foi convidado pela Secretaria de Cultura a assistir de forma in\u00e9dita a grava\u00e7\u00e3o do tradicional espet\u00e1culo, encenado por eles. A exibi\u00e7\u00e3o ocorreu no Teatro Vit\u00f3ria.<\/span><\/p>\n<p>&#13;<\/p>\n<p><span style=\"font-size: medium;\">Diretor e respons\u00e1vel pelo texto do espet\u00e1culo da Via Sacra, Carlos Jer\u00f4nimo, explica que o evento tem como finalidade mostrar o resultado do trabalho que eles executaram e que foi respons\u00e1vel por levar um grande p\u00fablico ao Parque Cidade, no final de mar\u00e7o. \u201c\u00c9 um momento de reconhecimento e que permite aos atores e o pessoal da \u00e1rea t\u00e9cnica verificarem o trabalho que realizaram com apenas dois meses de ensaio\u201d, diz. A atriz Ariane Martins acompanhou Jer\u00f4nimo no trabalho, como assistente de dire\u00e7\u00e3o.<\/span><\/p>\n<p>&#13;<\/p>\n<p>O prefeito Mario Botion, a vice-prefeita Erika Tank e o vereador, Farid Zaine, estiveram presentes e conversaram com o atores, levando a eles um sentimento de agradecimento. \u201cFoi um evento maravilhoso e feito por atores volunt\u00e1rios\u201d, afirma o prefeito. Ele ainda enalteceu o trabalho da Secretaria de Cultura, tamb\u00e9m em rela\u00e7\u00e3o a Via Sacra. \u201c\u00c9 um trabalho feito com muito amor e que cativa sempre o p\u00fablico\u201d, relatou.\u00a0<\/p>\n<p>&#13;<\/p>\n<p><span style=\"font-size: medium;\">Erika Tank contou que ficou emocionada ao assistir a apresenta\u00e7\u00e3o da Via Sacra, no Parque Cidade. \u201cFoi tudo muito lindo, e uma uni\u00e3o muito bonita entre os atores e p\u00fablico\u201d, declarou Erika. Ela e Botion agradeceram a atua\u00e7\u00e3o dos atores e o trabalho desenvolvido pela equipe t\u00e9cnica e tamb\u00e9m \u00e0 dire\u00e7\u00e3o do espet\u00e1culo,<\/span><\/p>\n<p>&#13;<\/p>\n<p>Farid, at\u00e9 recentemente secret\u00e1rio de Cultura, agradeceu o apoio dado por Botion e Erika em rela\u00e7\u00e3o a atua\u00e7\u00e3o da secretaria, em especial ao evento da Via Sacra. Ele lembrou que, desde o in\u00edcio do governo, o prefeito solicitou que o trabalho da pasta fosse descentralizado, situa\u00e7\u00e3o que tamb\u00e9m se verificou com a apresenta\u00e7\u00e3o em anos anteriores da Via Sacra, que chegou a ser levada para bairro da zona rural.\u00a0<\/p>\n<p>&#13;<\/p>\n<p>\u00a0<\/p>\n<p>&#13;<br \/>\n&#13;<br \/>\n&#13;<br \/>\n&#13;<\/p>\n<aside class=\"list-related no-print\">&#13;<br \/>\n        &#13;<br \/>\n&#13;<\/p>\n<article class=\"list-item noticias \">&#13;<br \/>\n                    <a class=\"list-item__img\" href=\"https:\/\/limeira.sp.gov.br\/imprensa\/noticias\/cultura\/espetaculo-chico-xavier-em-pessoa-acontece-neste-sabado-27\" tabindex=\"-1\" aria-hidden=\"true\" rel=\"noopener\">&#13;<br \/>\n                        <img data-recalc-dims=\"1\" decoding=\"async\" src=\"https:\/\/i0.wp.com\/ecrie.com.br\/sistema\/conteudos\/imagem\/m_137_0_1_24042024111839.jpeg?w=696&#038;ssl=1\" alt=\"Espet\u00e1culo \u201cChico Xavier em Pessoa\u201d acontece neste s\u00e1bado (27)\"\/>&#13;<br \/>\n                    <\/a>&#13;<br \/>\n&#13;<br \/>\n                &#13;<br \/>\n            <\/article>\n<p>&#13;<\/p>\n<article class=\"list-item noticias \">&#13;<br \/>\n                    <a class=\"list-item__img\" href=\"https:\/\/limeira.sp.gov.br\/imprensa\/noticias\/cultura\/glauber-cunha-apresenta-stand-up-no-teatro-vitoria-nesta-sexta-26\" tabindex=\"-1\" aria-hidden=\"true\" rel=\"noopener\">&#13;<br \/>\n                        <img data-recalc-dims=\"1\" decoding=\"async\" src=\"https:\/\/i0.wp.com\/ecrie.com.br\/sistema\/conteudos\/imagem\/m_137_0_1_24042024112133.jpeg?w=696&#038;ssl=1\" alt=\"Glauber Cunha apresenta stand-up no Teatro Vit\u00f3ria, nesta sexta (26)\"\/>&#13;<br \/>\n                    <\/a>&#13;<br \/>\n&#13;<br \/>\n                &#13;<br \/>\n            <\/article>\n<p>&#13;<\/p>\n<article class=\"list-item noticias \">&#13;<br \/>\n                    <a class=\"list-item__img\" href=\"https:\/\/limeira.sp.gov.br\/imprensa\/noticias\/cultura\/orquestra-de-violeiros-tom-da-terra-se-apresenta-na-praca-maria-buzolin\" tabindex=\"-1\" aria-hidden=\"true\" rel=\"noopener\">&#13;<br \/>\n                        <img data-recalc-dims=\"1\" decoding=\"async\" src=\"https:\/\/i0.wp.com\/ecrie.com.br\/sistema\/conteudos\/imagem\/m_137_0_1_24042024111925.jpeg?w=696&#038;ssl=1\" alt=\"Orquestra de violeiros Tom da Terra se apresenta na Pra\u00e7a Maria Buzolin\"\/>&#13;<br \/>\n                    <\/a>&#13;<br \/>\n&#13;<br \/>\n                &#13;<br \/>\n            <\/article>\n<p>&#13;<br \/>\n    <\/aside>\n<p>&#13;<br \/>\n&#13;<br \/>\n            <\/main><\/p><\/div>\n<p><br \/>\n<br \/><a href=\"https:\/\/limeira.sp.gov.br\/atores-da-via-sacra-assistem-de-forma-inedita-gravacao-do-espetaculo\" rel=\"noopener\">Informa\u00e7\u00f5es da PML <\/a><\/p>\n","protected":false},"excerpt":{"rendered":"<p>&#13; &#13; &#13; &#13; &#13; &#13; &#13; Expectativa, satisfa\u00e7\u00e3o e uma alegria intensa eram os sentimentos, na noite de quarta-feira (24), de atores que participaram da encena\u00e7\u00e3o da Paix\u00e3o de Cristo, na 32\u00ba edi\u00e7\u00e3o da Via Sacra, em Limeira, nos dias 28, 29 e 30 de mar\u00e7o. O grupo foi convidado pela Secretaria de Cultura [&hellip;]<\/p>\n","protected":false},"author":1,"featured_media":2849,"comment_status":"open","ping_status":"open","sticky":false,"template":"","format":"standard","meta":{"_jetpack_newsletter_access":"","_jetpack_dont_email_post_to_subs":false,"_jetpack_newsletter_tier_id":0,"_jetpack_memberships_contains_paywalled_content":false,"_mbp_banners":[],"_jetpack_feature_clip_id":0,"_jetpack_memberships_contains_paid_content":false,"footnotes":"","jetpack_publicize_message":"","jetpack_publicize_feature_enabled":true,"jetpack_social_post_already_shared":true,"jetpack_social_options":{"image_generator_settings":{"template":"highway","default_image_id":0,"font":"","enabled":false},"version":2},"jetpack_post_was_ever_published":false},"categories":[16],"tags":[],"class_list":["post-2848","post","type-post","status-publish","format-standard","has-post-thumbnail","category-local"],"jetpack_publicize_connections":[],"jetpack-related-posts":[],"jetpack_shortlink":"https:\/\/wp.me\/p7Eq1F-JW","jetpack_sharing_enabled":true,"jetpack_featured_media_url":"https:\/\/i0.wp.com\/guialimeira.com.br\/news\/wp-content\/uploads\/2024\/04\/m_137_0_1_25042024194411.jpg?fit=1280%2C852&ssl=1","_links":{"self":[{"href":"https:\/\/guialimeira.com.br\/news\/wp-json\/wp\/v2\/posts\/2848","targetHints":{"allow":["GET"]}}],"collection":[{"href":"https:\/\/guialimeira.com.br\/news\/wp-json\/wp\/v2\/posts"}],"about":[{"href":"https:\/\/guialimeira.com.br\/news\/wp-json\/wp\/v2\/types\/post"}],"author":[{"embeddable":true,"href":"https:\/\/guialimeira.com.br\/news\/wp-json\/wp\/v2\/users\/1"}],"replies":[{"embeddable":true,"href":"https:\/\/guialimeira.com.br\/news\/wp-json\/wp\/v2\/comments?post=2848"}],"version-history":[{"count":0,"href":"https:\/\/guialimeira.com.br\/news\/wp-json\/wp\/v2\/posts\/2848\/revisions"}],"wp:featuredmedia":[{"embeddable":true,"href":"https:\/\/guialimeira.com.br\/news\/wp-json\/wp\/v2\/media\/2849"}],"wp:attachment":[{"href":"https:\/\/guialimeira.com.br\/news\/wp-json\/wp\/v2\/media?parent=2848"}],"wp:term":[{"taxonomy":"category","embeddable":true,"href":"https:\/\/guialimeira.com.br\/news\/wp-json\/wp\/v2\/categories?post=2848"},{"taxonomy":"post_tag","embeddable":true,"href":"https:\/\/guialimeira.com.br\/news\/wp-json\/wp\/v2\/tags?post=2848"}],"curies":[{"name":"wp","href":"https:\/\/api.w.org\/{rel}","templated":true}]}}