{"id":28470,"date":"2025-03-28T09:37:31","date_gmt":"2025-03-28T12:37:31","guid":{"rendered":"https:\/\/guialimeira.com.br\/?p=28470"},"modified":"2025-03-28T09:37:31","modified_gmt":"2025-03-28T12:37:31","slug":"sobretaxas-vao-prejudicar-os-proprios-estados-unidos-diz-lula","status":"publish","type":"post","link":"https:\/\/guialimeira.com.br\/news\/sobretaxas-vao-prejudicar-os-proprios-estados-unidos-diz-lula\/","title":{"rendered":"Sobretaxas v\u00e3o prejudicar os pr\u00f3prios Estados Unidos, diz Lula"},"content":{"rendered":"\n<figure class=\"wp-block-gallery has-nested-images columns-default is-cropped wp-block-gallery-1 is-layout-flex wp-block-gallery-is-layout-flex\">\n<figure class=\"wp-block-image size-large\"><\/figure>\n\t\t\t\t\t\n<figure class=\"wp-block-image size-large\"><img loading=\"lazy\" decoding=\"async\" width=\"1\" height=\"1\" data-attachment-id=\"28467\" data-permalink=\"https:\/\/guialimeira.com.br\/news\/sobretaxas-vao-prejudicar-os-proprios-estados-unidos-diz-lula-2\/\" data-orig-file=\"https:\/\/i0.wp.com\/guialimeira.com.br\/news\/wp-content\/uploads\/2025\/03\/1743165444_602_ebc.gif?fit=1%2C1&amp;ssl=1\" data-orig-size=\"1,1\" data-comments-opened=\"1\" data-image-meta=\"{&quot;aperture&quot;:&quot;0&quot;,&quot;credit&quot;:&quot;&quot;,&quot;camera&quot;:&quot;&quot;,&quot;caption&quot;:&quot;&quot;,&quot;created_timestamp&quot;:&quot;0&quot;,&quot;copyright&quot;:&quot;&quot;,&quot;focal_length&quot;:&quot;0&quot;,&quot;iso&quot;:&quot;0&quot;,&quot;shutter_speed&quot;:&quot;0&quot;,&quot;title&quot;:&quot;&quot;,&quot;orientation&quot;:&quot;0&quot;}\" data-image-title=\"Sobretaxas v\u00e3o prejudicar os pr\u00f3prios Estados Unidos, diz Lula\" data-image-description=\"\" data-image-caption=\"\" data-large-file=\"https:\/\/i0.wp.com\/guialimeira.com.br\/news\/wp-content\/uploads\/2025\/03\/1743165444_602_ebc.gif?fit=1%2C1&amp;ssl=1\" data-id=\"28467\" src=\"https:\/\/i0.wp.com\/guialimeira.com.br\/wp-content\/uploads\/2025\/03\/1743165444_602_ebc.gif?resize=1%2C1&amp;ssl=1\" alt=\"\" class=\"wp-image-28467\" \/><\/figure>\n\t\t\t\t\t\n<figure class=\"wp-block-image size-large\"><img loading=\"lazy\" decoding=\"async\" width=\"754\" height=\"539\" data-attachment-id=\"28468\" data-permalink=\"https:\/\/guialimeira.com.br\/news\/sobretaxas-vao-prejudicar-os-proprios-estados-unidos-diz-lula-3\/\" data-orig-file=\"https:\/\/i0.wp.com\/guialimeira.com.br\/news\/wp-content\/uploads\/2025\/03\/1743165444_554_54408798876_359e9b4f9a_o.jpg?fit=754%2C539&amp;ssl=1\" data-orig-size=\"754,539\" data-comments-opened=\"1\" data-image-meta=\"{&quot;aperture&quot;:&quot;0&quot;,&quot;credit&quot;:&quot;&quot;,&quot;camera&quot;:&quot;&quot;,&quot;caption&quot;:&quot;&quot;,&quot;created_timestamp&quot;:&quot;0&quot;,&quot;copyright&quot;:&quot;&quot;,&quot;focal_length&quot;:&quot;0&quot;,&quot;iso&quot;:&quot;0&quot;,&quot;shutter_speed&quot;:&quot;0&quot;,&quot;title&quot;:&quot;&quot;,&quot;orientation&quot;:&quot;0&quot;}\" data-image-title=\"Sobretaxas v\u00e3o prejudicar os pr\u00f3prios Estados Unidos, diz Lula\" data-image-description=\"\" data-image-caption=\"\" data-large-file=\"https:\/\/i0.wp.com\/guialimeira.com.br\/news\/wp-content\/uploads\/2025\/03\/1743165444_554_54408798876_359e9b4f9a_o.jpg?fit=696%2C498&amp;ssl=1\" data-id=\"28468\" src=\"https:\/\/i0.wp.com\/guialimeira.com.br\/wp-content\/uploads\/2025\/03\/1743165444_554_54408798876_359e9b4f9a_o.jpg?resize=150%2C150&amp;ssl=1\" alt=\"\" class=\"wp-image-28468\" \/><\/figure>\n\t\t\t\t\t\n<figure class=\"wp-block-image size-large\"><img loading=\"lazy\" decoding=\"async\" width=\"754\" height=\"503\" data-attachment-id=\"28469\" data-permalink=\"https:\/\/guialimeira.com.br\/news\/sobretaxas-vao-prejudicar-os-proprios-estados-unidos-diz-lula-4\/\" data-orig-file=\"https:\/\/i0.wp.com\/guialimeira.com.br\/news\/wp-content\/uploads\/2025\/03\/54409081473_53c40402a9_o.jpg?fit=754%2C503&amp;ssl=1\" data-orig-size=\"754,503\" data-comments-opened=\"1\" data-image-meta=\"{&quot;aperture&quot;:&quot;0&quot;,&quot;credit&quot;:&quot;&quot;,&quot;camera&quot;:&quot;&quot;,&quot;caption&quot;:&quot;&quot;,&quot;created_timestamp&quot;:&quot;0&quot;,&quot;copyright&quot;:&quot;&quot;,&quot;focal_length&quot;:&quot;0&quot;,&quot;iso&quot;:&quot;0&quot;,&quot;shutter_speed&quot;:&quot;0&quot;,&quot;title&quot;:&quot;&quot;,&quot;orientation&quot;:&quot;0&quot;}\" data-image-title=\"Sobretaxas v\u00e3o prejudicar os pr\u00f3prios Estados Unidos, diz Lula\" data-image-description=\"\" data-image-caption=\"\" data-large-file=\"https:\/\/i0.wp.com\/guialimeira.com.br\/news\/wp-content\/uploads\/2025\/03\/54409081473_53c40402a9_o.jpg?fit=696%2C464&amp;ssl=1\" data-id=\"28469\" src=\"https:\/\/i0.wp.com\/guialimeira.com.br\/wp-content\/uploads\/2025\/03\/54409081473_53c40402a9_o.jpg?resize=150%2C150&amp;ssl=1\" alt=\"\" class=\"wp-image-28469\" \/><\/figure>\n\t\t\t\t\t<\/figure>\n \r\n<br><div>\n                    <p><strong>Ao encerrar uma visita de Estado ao Jap\u00e3o, na noite desta quarta-feira (26), manh\u00e3 de quinta-feira (27) no pa\u00eds asi\u00e1tico, o presidente Luiz In\u00e1cio Lula da Silva concedeu uma entrevista a jornalistas e foi questionado sobre o an\u00fancio, mais cedo, pelo presidente dos Estados Unidos, Donald Trump, de uma nova sobretaxa de 25%, desta vez sobre os carros importados que chegam ao pa\u00eds norte-americano. A medida \u00e9 a mais nova tarifa imposta pelo novo governo dos EUA no com\u00e9rcio internacional.\u00a0<\/strong><img data-recalc-dims=\"1\" decoding=\"async\" src=\"https:\/\/i0.wp.com\/guialimeira.com.br\/wp-content\/uploads\/2025\/03\/1743165444_956_ebc.png?w=696&#038;ssl=1\" style=\"width:1px;height:1px\" \/><img data-recalc-dims=\"1\" decoding=\"async\" src=\"https:\/\/i0.wp.com\/guialimeira.com.br\/wp-content\/uploads\/2025\/03\/1743165444_602_ebc.gif?w=696&#038;ssl=1\" style=\"width:1px;height:1px\" \/><\/p>\n\n<blockquote>\n<p>&#8220;O que o presidente Trump precisa \u00e9 medir as consequ\u00eancias dessas decis\u00f5es. Se ele est\u00e1 pensando que tomando essa decis\u00e3o de taxar tudo aquilo que os Estados Unidos importam [vai ajudar], eu acho que vai ser prejudicial aos Estados Unidos. Isso vai elevar o pre\u00e7o das coisas, e pode levar a uma infla\u00e7\u00e3o que ele ainda n\u00e3o est\u00e1 percebendo&#8221;, disse Lula.<\/p>\n<\/blockquote>\n\n<p>&#8220;Os EUA importam muito carro japon\u00eas e tem muitas empresas japonesas produzindo carro l\u00e1. Eu, sinceramente, n\u00e3o vejo o benef\u00edcio de aumentar em 25% os carros comprados do Jap\u00e3o. A \u00fanica coisa que eu sei \u00e9 que vai ficar mais caro para o povo americano comprar. E esse mais caro pode resultar no aumento da infla\u00e7\u00e3o, e esse aumento da infla\u00e7\u00e3o pode significar aumento de juros, e aumento de juros pode significar conten\u00e7\u00e3o da economia&#8221;, acrescentou.<\/p>\n\n<h2>OMC e retalia\u00e7\u00f5es<\/h2>\n\n<div class=\"dnd-widget-wrapper context-cheio_8colunas type-image\"><div class=\"dnd-atom-rendered\"><!-- scald=418471:cheio_8colunas -->\n            <img data-recalc-dims=\"1\" decoding=\"async\" src=\"https:\/\/i0.wp.com\/guialimeira.com.br\/wp-content\/uploads\/2025\/03\/1743165444_554_54408798876_359e9b4f9a_o.jpg?w=696&#038;ssl=1\" alt=\"Presidente da Rep\u00fablica, Luiz In\u00e1cio Lula da Silva, durante cerim\u00f4nia de boas-vindas.&#013;&#010;Pal\u00e1cio Imperial do Jap\u00e3o.&#013;&#010;&#013;&#010;Foto: Ricardo Stuckert \/ PR\" title=\"Ricardo Stuckert \/ PR\" \/>\n        <img data-recalc-dims=\"1\" decoding=\"async\" src=\"https:\/\/i0.wp.com\/guialimeira.com.br\/wp-content\/uploads\/2025\/03\/1743165444_554_54408798876_359e9b4f9a_o.jpg?w=696&#038;ssl=1\" alt=\"Presidente da Rep\u00fablica, Luiz In\u00e1cio Lula da Silva, durante cerim\u00f4nia de boas-vindas.&#013;&#010;Pal\u00e1cio Imperial do Jap\u00e3o.&#013;&#010;&#013;&#010;Foto: Ricardo Stuckert \/ PR\" title=\"Ricardo Stuckert \/ PR\" \/>\n    <!-- END scald=418471 --><\/div><div class=\"dnd-caption-wrapper\">\n<p><!--copyright=418471-->Presidente da Rep\u00fablica, Luiz In\u00e1cio Lula da Silva, durante cerim\u00f4nia de boas-vindas. Pal\u00e1cio Imperial do Jap\u00e3o. Foto: Ricardo Stuckert \/ PR &#8211; <strong>Ricardo Stuckert \/ PR<\/strong><!--END copyright=418471--><\/p>\n<\/div><\/div>\n\n<p><strong>O presidente brasileiro confirmou que seu governo<a href=\"https:\/\/agenciabrasil.ebc.com.br\/economia\/noticia\/2025-03\/brasil-avalia-recorrer-omc-contra-tarifa-dos-eua-ao-aco-e-aluminio\" target=\"_blank\" rel=\"noopener\"> vai recorrer \u00e0 Organiza\u00e7\u00e3o Mundial do Com\u00e9rcio (OMC)<\/a> para tentar reverter uma outra tarifa imposta pelos EUA, a mais prejudicial ao Brasil at\u00e9 agora, que \u00e9 a de 25% sobre a importa\u00e7\u00e3o de a\u00e7o e alum\u00ednio.<\/strong><\/p>\n\n<blockquote>\n<p>&#8220;Da parte do Brasil, ele [Trump] taxou o a\u00e7o brasileiro do Brasil em 25%. Temos duas decis\u00f5es a fazer. Uma \u00e9 recorrer na Organiza\u00e7\u00e3o Mundial do Com\u00e9rcio, e n\u00f3s vamos recorrer. A outra \u00e9 a gente sobretaxar os produtos americanos que n\u00f3s importamos, colocar em pr\u00e1tica a lei da reciprocidade&#8221;, disse o presidente.<\/p>\n<\/blockquote>\n\n<p>Segundo Lula, essa medida s\u00f3 ser\u00e1 colocada em pr\u00e1tica caso a queixa na OMC n\u00e3o seja eficaz para provocar uma negocia\u00e7\u00e3o entre os dois pa\u00edses. <strong>O presidente voltou a lembrar que o fluxo comercial entre Brasil e EUA \u00e9 ligeiramente favor\u00e1vel aos norte-americanos, e defendeu que as condi\u00e7\u00f5es para o livre-com\u00e9rcio mundial prevale\u00e7am.\u00a0<\/strong><\/p>\n\n<blockquote>\n<p>&#8220;Estou muito preocupado com o comportamento do governo americano com essa taxa\u00e7\u00e3o de todos os produtos, de todos os pa\u00edses. No fundo, o livre com\u00e9rcio \u00e9 o que est\u00e1 sendo prejudicado. Estou preocupado porque o multilateralismo est\u00e1 sendo derrotado e estou preocupado porque o presidente americano n\u00e3o \u00e9 xerife do mundo, ele \u00e9 apenas presidente dos Estados Unidos&#8221;, criticou.<\/p>\n<\/blockquote>\n\n<h2>Exporta\u00e7\u00e3o de carne ao Jap\u00e3o<\/h2>\n\n<div class=\"dnd-widget-wrapper context-cheio_8colunas type-image\"><div class=\"dnd-atom-rendered\"><!-- scald=418474:cheio_8colunas -->\n            <img data-recalc-dims=\"1\" decoding=\"async\" src=\"https:\/\/i0.wp.com\/guialimeira.com.br\/wp-content\/uploads\/2025\/03\/54409081473_53c40402a9_o.jpg?w=696&#038;ssl=1\" alt=\"Presidente da Rep\u00fablica, Luiz In\u00e1cio Lula da Silva, durante reuni\u00e3o com integrantes da Associa\u00e7\u00e3o Brasileira das Ind\u00fastrias Exportadoras de Carnes (ABIEC).&#013;&#010;Hotel Imperial - Jap\u00e3o&#013;&#010;&#013;&#010;Foto: Ricardo Stuckert \/ PR\" title=\"Ricardo Stuckert \/ PR\" \/>\n        <img data-recalc-dims=\"1\" decoding=\"async\" src=\"https:\/\/i0.wp.com\/guialimeira.com.br\/wp-content\/uploads\/2025\/03\/54409081473_53c40402a9_o.jpg?w=696&#038;ssl=1\" alt=\"Presidente da Rep\u00fablica, Luiz In\u00e1cio Lula da Silva, durante reuni\u00e3o com integrantes da Associa\u00e7\u00e3o Brasileira das Ind\u00fastrias Exportadoras de Carnes (ABIEC).&#013;&#010;Hotel Imperial - Jap\u00e3o&#013;&#010;&#013;&#010;Foto: Ricardo Stuckert \/ PR\" title=\"Ricardo Stuckert \/ PR\" \/>\n    <!-- END scald=418474 --><\/div><div class=\"dnd-caption-wrapper\">\n<p><!--copyright=418474-->Presidente da Rep\u00fablica, Luiz In\u00e1cio Lula da Silva, durante reuni\u00e3o com integrantes da Associa\u00e7\u00e3o Brasileira das Ind\u00fastrias Exportadoras de Carnes (ABIEC). Hotel Imperial &#8211; Jap\u00e3o Foto: Ricardo Stuckert \/ PR &#8211; <strong>Ricardo Stuckert \/ PR<\/strong><!--END copyright=418474--><\/p>\n<\/div><\/div>\n\n<p>Na entrevista, <strong>Lula tamb\u00e9m comentou sobre as tratativas com o Jap\u00e3o para acelerar a <a href=\"https:\/\/agenciabrasil.ebc.com.br\/internacional\/noticia\/2025-03\/japao-propoe-acoes-para-acelerar-abertura-comercial-carne-brasileira\" target=\"_blank\" rel=\"noopener\">abertura do mercado para a carne bovina brasileira, uma demanda hist\u00f3rica do setor<\/a>. Mais cedo, o primeiro-ministro japon\u00eas, Shigeru Ishiba, informou sobre o envio de uma miss\u00e3o oficial para dar prosseguimento aos protocolos de libera\u00e7\u00e3o sanit\u00e1ria.<\/strong><\/p>\n\n<blockquote>\n<p>&#8220;Temos que respeitar a decis\u00e3o japonesa, cada pa\u00eds tem um crit\u00e9rio. O que eu ouvi do primeiro-ministro \u00e9 que ele vai, o mais r\u00e1pido poss\u00edvel, mandar os especialistas dele para analisar o rebanho brasileiro. E, depois, vamos ver a decis\u00e3o. O dado concreto \u00e9 n\u00f3s vendemos uma carne de muita qualidade e a carne mais barata entre todos os pa\u00edses. Eu acredito que, ainda este ano, a gente vai ter uma solu\u00e7\u00e3o da quest\u00e3o da carne&#8221;, prev\u00ea Lula.<\/p>\n<\/blockquote>\n\n<p>O presidente tamb\u00e9m se comprometeu a investir, ao longo deste ano, no avan\u00e7o de um acordo comercial entre os pa\u00edses do Mercosul (Argentina, Brasil, Paraguai e Uruguai) com o Jap\u00e3o. &#8220;Eu vou assumir a presid\u00eancia do Mercosul no segundo semestre. E, se depender de mim, n\u00f3s vamos trabalhar para que haja o acordo do Mercosul com o Jap\u00e3o. \u00c9 bom para os pa\u00edses do Mercosul e para o Jap\u00e3o. Quanto mais facilita\u00e7\u00e3o para a negocia\u00e7\u00e3o, melhor.<\/p>\n\n<h2>Agenda<\/h2>\n\n<p><a href=\"https:\/\/agenciabrasil.ebc.com.br\/internacional\/noticia\/2025-03\/lula-e-janja-sao-recebidos-por-casal-imperial-do-japao\" target=\"_blank\" rel=\"noopener\">Lula chegou ao Jap\u00e3o na \u00faltima segunda-feira (24) <\/a>e, na ter\u00e7a-feira (25) de manh\u00e3, participou da cerim\u00f4nia de boas-vindas, com honras militares, no Pal\u00e1cio Imperial, na capital japonesa. Ap\u00f3s reuni\u00e3o reservada com o casal imperial e almo\u00e7o privado, o <a href=\"https:\/\/agenciabrasil.ebc.com.br\/politica\/noticia\/2025-03\/lula-quer-recuperar-us-6-bilhoes-do-comercio-com-o-japao\" target=\"_blank\" rel=\"noopener\">presidente se encontrou com empres\u00e1rios brasileiros <\/a>ligados \u00e0 Associa\u00e7\u00e3o Brasileira das Ind\u00fastrias Exportadoras de Carne (Abiec) para debater a abertura do mercado japon\u00eas\u00a0ao setor.<\/p>\n\n<p><strong>Lula participou ainda de jantar oferecido a ele e \u00e0 primeira-dama Janja Lula da Silva pelo imperador do Jap\u00e3o, Naruhito, e a imperatriz Masako. <a href=\"https:\/\/agenciabrasil.ebc.com.br\/politica\/noticia\/2025-03\/lula-pede-firme-engajamento-do-japao-na-cop30\" target=\"_blank\" rel=\"noopener\">Na ocasi\u00e3o, pediu o \u201cfirme engajamento\u201d do Jap\u00e3o\u00a0na Confer\u00eancia das Na\u00e7\u00f5es Unidas sobre as Mudan\u00e7as Clim\u00e1ticas de 2025 (COP30)<\/a>, que ser\u00e1 realizada em novembro, em Bel\u00e9m, no Par\u00e1.<\/strong><\/p>\n\n<p>Nessa quarta-feira (26), o presidente teve o dia mais cheio da visita ao Jap\u00e3o, que est\u00e1 12 horas \u00e0 frente do hor\u00e1rio oficial de Bras\u00edlia. A agenda come\u00e7ou com representantes de sindicatos japoneses. <a href=\"https:\/\/x.com\/LulaOficial\/status\/1904752905694872060\">Em postagem nas redes sociais<\/a>, Lula afirmou que o objetivo foi falar de quest\u00f5es trabalhistas e de como melhorar a qualidade de vida dos trabalhadores no Brasil e no Jap\u00e3o.<\/p>\n\n<p><strong>O presidente tamb\u00e9m falou no F\u00f3rum Empresarial Brasil-Jap\u00e3o. Pelo lado brasileiro, estiveram presentes empres\u00e1rios dos setores de alimentos, agroneg\u00f3cio, aeroespacial, bebidas, energia, log\u00edstica e siderurgia. No evento,<a href=\"https:\/\/agenciabrasil.ebc.com.br\/internacional\/noticia\/2025-03\/presidente-convoca-japao-investir-no-brasil-e-critica-protecionismo\" target=\"_blank\" rel=\"noopener\"> Lula convocou os japoneses a investirem no Brasil\u00a0e criticou o crescimento do negacionismo clim\u00e1tico e do protecionismo comercial<\/a>. Foi anunciado acordo da Empresa Brasileira de Aeron\u00e1utica (Embraer) com a ANA, maior companhia a\u00e9rea japonesa, para a compra de 20 jatos E-190.<\/strong><\/p>\n\n<p>Ap\u00f3s outras reuni\u00f5es bilaterais, Lula se encontrou com o primeiro-ministro do Jap\u00e3o, Shigeru Ishiba, no Pal\u00e1cio Akasaka, para firmar os compromissos entre os dois pa\u00edses. Foram dez acordos de coopera\u00e7\u00e3o em \u00e1reas como com\u00e9rcio, ind\u00fastria e meio ambiente, al\u00e9m de 80 instrumentos entre entidades subnacionais como empresas, bancos, universidades e institutos de pesquisas. <strong>Os dois pa\u00edses tamb\u00e9m anunciaram um plano de a\u00e7\u00e3o para revitalizar a Parceria Estrat\u00e9gica Global, um n\u00edvel mais elevado nas rela\u00e7\u00f5es diplom\u00e1ticas estabelecidas desde 2014. Na sequ\u00eancia, foi oferecido um jantar a Lula e \u00e0 comitiva.<\/strong><\/p>\n\n<p>A comitiva brasileira em T\u00f3quio \u00e9 composta pelo presidente, a primeira-dama Janja, ministros, parlamentares, empres\u00e1rios e sindicalistas. Os presidentes da C\u00e2mara dos Deputados, Hugo Motta (Republicanos-PB) e do Senado, Davi Alcolumbre (Uni\u00e3o-AP), tamb\u00e9m comp\u00f5em a delega\u00e7\u00e3o com Lula.<\/p>\n\n<p>A viagem internacional prossegue nesta quinta, quando o presidente parte para Han\u00f3i, no Vietn\u00e3, segunda parte da viagem \u00e0 \u00c1sia.<\/p>\n\n      <!-- Relacionada -->\n              \n            <!-- Relacionada -->\n    <\/div>\r\n<br>\r\n<br><a href=\"https:\/\/agenciabrasil.ebc.com.br\/politica\/noticia\/2025-03\/sobretaxas-vao-prejudicar-os-proprios-estados-unidos-diz-lula\" rel=\"noopener\">Ag\u00eancia Brasil<\/a>","protected":false},"excerpt":{"rendered":"<p>Ao encerrar uma visita de Estado ao Jap\u00e3o, na noite desta quarta-feira (26), manh\u00e3 de quinta-feira (27) no pa\u00eds asi\u00e1tico, o presidente Luiz In\u00e1cio Lula da Silva concedeu uma entrevista a jornalistas e foi questionado sobre o an\u00fancio, mais cedo, pelo presidente dos Estados Unidos, Donald Trump, de uma nova sobretaxa de 25%, desta vez [&hellip;]<\/p>\n","protected":false},"author":1,"featured_media":28471,"comment_status":"open","ping_status":"open","sticky":false,"template":"","format":"standard","meta":{"_jetpack_newsletter_access":"","_jetpack_dont_email_post_to_subs":false,"_jetpack_newsletter_tier_id":0,"_jetpack_memberships_contains_paywalled_content":false,"_mbp_banners":[],"_jetpack_feature_clip_id":0,"_jetpack_memberships_contains_paid_content":false,"footnotes":"","jetpack_publicize_message":"","jetpack_publicize_feature_enabled":true,"jetpack_social_post_already_shared":true,"jetpack_social_options":{"image_generator_settings":{"template":"highway","default_image_id":0,"font":"","enabled":false},"version":2},"jetpack_post_was_ever_published":false},"categories":[19],"tags":[],"class_list":["post-28470","post","type-post","status-publish","format-standard","has-post-thumbnail","category-politica"],"jetpack_publicize_connections":[],"jetpack-related-posts":[],"jetpack_shortlink":"https:\/\/wp.me\/p7Eq1F-7pc","jetpack_sharing_enabled":true,"jetpack_featured_media_url":"https:\/\/i0.wp.com\/guialimeira.com.br\/news\/wp-content\/uploads\/2025\/03\/Sobretaxas-vao-prejudicar-os-proprios-Estados-Unidos-diz-Lula.jpg?fit=1600%2C800&ssl=1","_links":{"self":[{"href":"https:\/\/guialimeira.com.br\/news\/wp-json\/wp\/v2\/posts\/28470","targetHints":{"allow":["GET"]}}],"collection":[{"href":"https:\/\/guialimeira.com.br\/news\/wp-json\/wp\/v2\/posts"}],"about":[{"href":"https:\/\/guialimeira.com.br\/news\/wp-json\/wp\/v2\/types\/post"}],"author":[{"embeddable":true,"href":"https:\/\/guialimeira.com.br\/news\/wp-json\/wp\/v2\/users\/1"}],"replies":[{"embeddable":true,"href":"https:\/\/guialimeira.com.br\/news\/wp-json\/wp\/v2\/comments?post=28470"}],"version-history":[{"count":1,"href":"https:\/\/guialimeira.com.br\/news\/wp-json\/wp\/v2\/posts\/28470\/revisions"}],"predecessor-version":[{"id":28472,"href":"https:\/\/guialimeira.com.br\/news\/wp-json\/wp\/v2\/posts\/28470\/revisions\/28472"}],"wp:featuredmedia":[{"embeddable":true,"href":"https:\/\/guialimeira.com.br\/news\/wp-json\/wp\/v2\/media\/28471"}],"wp:attachment":[{"href":"https:\/\/guialimeira.com.br\/news\/wp-json\/wp\/v2\/media?parent=28470"}],"wp:term":[{"taxonomy":"category","embeddable":true,"href":"https:\/\/guialimeira.com.br\/news\/wp-json\/wp\/v2\/categories?post=28470"},{"taxonomy":"post_tag","embeddable":true,"href":"https:\/\/guialimeira.com.br\/news\/wp-json\/wp\/v2\/tags?post=28470"}],"curies":[{"name":"wp","href":"https:\/\/api.w.org\/{rel}","templated":true}]}}