{"id":28445,"date":"2025-03-27T23:36:26","date_gmt":"2025-03-28T02:36:26","guid":{"rendered":"https:\/\/guialimeira.com.br\/?p=28445"},"modified":"2025-03-27T23:36:26","modified_gmt":"2025-03-28T02:36:26","slug":"reajuste-de-servidores-federais-sera-pago-em-maio-garante-governo","status":"publish","type":"post","link":"https:\/\/guialimeira.com.br\/news\/reajuste-de-servidores-federais-sera-pago-em-maio-garante-governo\/","title":{"rendered":"Reajuste de servidores federais ser\u00e1 pago em maio, garante governo"},"content":{"rendered":"\n<figure class=\"wp-block-gallery has-nested-images columns-default is-cropped wp-block-gallery-1 is-layout-flex wp-block-gallery-is-layout-flex\">\n<figure class=\"wp-block-image size-large\"><\/figure>\n\t\t\t\t\t\n<figure class=\"wp-block-image size-large\"><img loading=\"lazy\" decoding=\"async\" width=\"1\" height=\"1\" data-attachment-id=\"28444\" data-permalink=\"https:\/\/guialimeira.com.br\/news\/reajuste-de-servidores-federais-sera-pago-em-maio-garante-governo-2\/\" data-orig-file=\"https:\/\/i0.wp.com\/guialimeira.com.br\/news\/wp-content\/uploads\/2025\/03\/1743129383_397_ebc.gif?fit=1%2C1&amp;ssl=1\" data-orig-size=\"1,1\" data-comments-opened=\"1\" data-image-meta=\"{&quot;aperture&quot;:&quot;0&quot;,&quot;credit&quot;:&quot;&quot;,&quot;camera&quot;:&quot;&quot;,&quot;caption&quot;:&quot;&quot;,&quot;created_timestamp&quot;:&quot;0&quot;,&quot;copyright&quot;:&quot;&quot;,&quot;focal_length&quot;:&quot;0&quot;,&quot;iso&quot;:&quot;0&quot;,&quot;shutter_speed&quot;:&quot;0&quot;,&quot;title&quot;:&quot;&quot;,&quot;orientation&quot;:&quot;0&quot;}\" data-image-title=\"Reajuste de servidores federais ser\u00e1 pago em maio, garante governo\" data-image-description=\"\" data-image-caption=\"\" data-large-file=\"https:\/\/i0.wp.com\/guialimeira.com.br\/news\/wp-content\/uploads\/2025\/03\/1743129383_397_ebc.gif?fit=1%2C1&amp;ssl=1\" data-id=\"28444\" src=\"https:\/\/i0.wp.com\/guialimeira.com.br\/wp-content\/uploads\/2025\/03\/1743129383_397_ebc.gif?resize=1%2C1&amp;ssl=1\" alt=\"\" class=\"wp-image-28444\" \/><\/figure>\n\t\t\t\t\t<\/figure>\n \r\n<br><div>\n                    <p>O governo federal confirmou nesta quinta-feira (27) que<strong> o<a href=\"https:\/\/agenciabrasil.ebc.com.br\/politica\/noticia\/2025-01\/reajuste-de-servidores-do-executivo-sera-pago-apos-sancao-do-orcamento#:~:text=O%20reajuste%20m%C3%A9dio%20acumulado%20dos,celebrado%20na%20mesa%20de%20negocia%C3%A7%C3%A3o.\" rel=\"noopener\"> reajuste salarial dos servidores p\u00fablicos<\/a>, que dependia da aprova\u00e7\u00e3o do Or\u00e7amento Geral da Uni\u00e3o de 2025, ser\u00e1 inclu\u00eddo na folha de abril, com pagamento a ser efetivado em maio.<\/strong><img data-recalc-dims=\"1\" decoding=\"async\" src=\"https:\/\/i0.wp.com\/guialimeira.com.br\/wp-content\/uploads\/2025\/03\/1743129383_180_ebc.png?w=696&#038;ssl=1\" style=\"width:1px;height:1px\" \/><img data-recalc-dims=\"1\" decoding=\"async\" src=\"https:\/\/i0.wp.com\/guialimeira.com.br\/wp-content\/uploads\/2025\/03\/1743129383_397_ebc.gif?w=696&#038;ssl=1\" style=\"width:1px;height:1px\" \/><\/p>\n\n<p><strong>A <a href=\"https:\/\/www.gov.br\/servidor\/pt-br\/acesso-a-informacao\/gestao-de-pessoas\/transparencia_e_registros\/medida-provisoria-n-1-286-de-31-de-dezembro-de-2024\" rel=\"noopener\">Medida Provis\u00f3ria (MP) 1.286<\/a>, que consolidou os reajustes salariais de diversas categorias, negociados ao longo do ano anterior, ser\u00e1 prorrogada no dia 2 de abril, por mais 60 dias. <\/strong>Mesmo assim, o governo enviar\u00e1 um projeto de lei (PL) para substituir a MP.\u00a0<\/p>\n\n<p>Enquanto o PL n\u00e3o \u00e9 aprovado, a MP continua surtindo efeito, informou o Minist\u00e9rio da Gest\u00e3o e Inova\u00e7\u00e3o em Servi\u00e7os P\u00fablicos, em nota.\u00a0\u00a0<\/p>\n\n<p>Ocupantes de fun\u00e7\u00f5es e de cargos comissionados tamb\u00e9m foram contemplados pela medida, mas s\u00e3o v\u00e1lidos a partir de 1\u00ba de fevereiro, e n\u00e3o de 1\u00ba de janeiro.<\/p>\n\n<p>A Lei Or\u00e7ament\u00e1ria Anual <a href=\"https:\/\/agenciabrasil.ebc.com.br\/politica\/noticia\/2025-03\/orcamento-de-2025-e-aprovado-pelo-congresso-nacional\" rel=\"noopener\">foi aprovada na semana passada<\/a> pelo Congresso, e aguarda ainda a san\u00e7\u00e3o presidencial para entrar em vigor, o que deve ocorrer nas pr\u00f3ximas semanas.<\/p>\n\n<p><strong>O reajuste dos servidores ser\u00e1 pago de forma retroativa a janeiro<\/strong>, ou seja, incluindo as diferen\u00e7as salariais que j\u00e1 deveriam estar sendo pagas desde o come\u00e7o do ano.<\/p>\n\n<blockquote>\n<p>&#8220;Dado o prazo para san\u00e7\u00e3o da LOA, e os procedimentos necess\u00e1rios para operacionalizar a folha de pagamentos, o Minist\u00e9rio da Gest\u00e3o e da Inova\u00e7\u00e3o em Servi\u00e7os P\u00fablicos e os demais \u00f3rg\u00e3os da administra\u00e7\u00e3o federal est\u00e3o adotando todos os procedimentos para realizar o pagamento do sal\u00e1rio de abril e dos sal\u00e1rios retroativos no dia 2 de maio&#8221;, disse a pasta.<\/p>\n<\/blockquote>\n\n      <!-- Relacionada -->\n              \n            <!-- Relacionada -->\n    <\/div>\r\n<br>\r\n<br><a href=\"https:\/\/agenciabrasil.ebc.com.br\/politica\/noticia\/2025-03\/reajuste-de-servidores-federais-sera-pago-em-maio-garante-governo\" rel=\"noopener\">Ag\u00eancia Brasil<\/a>","protected":false},"excerpt":{"rendered":"<p>O governo federal confirmou nesta quinta-feira (27) que o reajuste salarial dos servidores p\u00fablicos, que dependia da aprova\u00e7\u00e3o do Or\u00e7amento Geral da Uni\u00e3o de 2025, ser\u00e1 inclu\u00eddo na folha de abril, com pagamento a ser efetivado em maio. A Medida Provis\u00f3ria (MP) 1.286, que consolidou os reajustes salariais de diversas categorias, negociados ao longo do [&hellip;]<\/p>\n","protected":false},"author":1,"featured_media":28446,"comment_status":"open","ping_status":"open","sticky":false,"template":"","format":"standard","meta":{"_jetpack_newsletter_access":"","_jetpack_dont_email_post_to_subs":false,"_jetpack_newsletter_tier_id":0,"_jetpack_memberships_contains_paywalled_content":false,"_mbp_banners":[],"_jetpack_feature_clip_id":0,"_jetpack_memberships_contains_paid_content":false,"footnotes":"","jetpack_publicize_message":"","jetpack_publicize_feature_enabled":true,"jetpack_social_post_already_shared":true,"jetpack_social_options":{"image_generator_settings":{"template":"highway","default_image_id":0,"font":"","enabled":false},"version":2},"jetpack_post_was_ever_published":false},"categories":[19],"tags":[],"class_list":["post-28445","post","type-post","status-publish","format-standard","has-post-thumbnail","category-politica"],"jetpack_publicize_connections":[],"jetpack-related-posts":[],"jetpack_shortlink":"https:\/\/wp.me\/p7Eq1F-7oN","jetpack_sharing_enabled":true,"jetpack_featured_media_url":"https:\/\/i0.wp.com\/guialimeira.com.br\/news\/wp-content\/uploads\/2025\/03\/Reajuste-de-servidores-federais-sera-pago-em-maio-garante-governo.jpg?fit=1600%2C800&ssl=1","_links":{"self":[{"href":"https:\/\/guialimeira.com.br\/news\/wp-json\/wp\/v2\/posts\/28445","targetHints":{"allow":["GET"]}}],"collection":[{"href":"https:\/\/guialimeira.com.br\/news\/wp-json\/wp\/v2\/posts"}],"about":[{"href":"https:\/\/guialimeira.com.br\/news\/wp-json\/wp\/v2\/types\/post"}],"author":[{"embeddable":true,"href":"https:\/\/guialimeira.com.br\/news\/wp-json\/wp\/v2\/users\/1"}],"replies":[{"embeddable":true,"href":"https:\/\/guialimeira.com.br\/news\/wp-json\/wp\/v2\/comments?post=28445"}],"version-history":[{"count":1,"href":"https:\/\/guialimeira.com.br\/news\/wp-json\/wp\/v2\/posts\/28445\/revisions"}],"predecessor-version":[{"id":28447,"href":"https:\/\/guialimeira.com.br\/news\/wp-json\/wp\/v2\/posts\/28445\/revisions\/28447"}],"wp:featuredmedia":[{"embeddable":true,"href":"https:\/\/guialimeira.com.br\/news\/wp-json\/wp\/v2\/media\/28446"}],"wp:attachment":[{"href":"https:\/\/guialimeira.com.br\/news\/wp-json\/wp\/v2\/media?parent=28445"}],"wp:term":[{"taxonomy":"category","embeddable":true,"href":"https:\/\/guialimeira.com.br\/news\/wp-json\/wp\/v2\/categories?post=28445"},{"taxonomy":"post_tag","embeddable":true,"href":"https:\/\/guialimeira.com.br\/news\/wp-json\/wp\/v2\/tags?post=28445"}],"curies":[{"name":"wp","href":"https:\/\/api.w.org\/{rel}","templated":true}]}}