{"id":28416,"date":"2025-03-27T19:51:34","date_gmt":"2025-03-27T22:51:34","guid":{"rendered":"https:\/\/guialimeira.com.br\/?p=28416"},"modified":"2025-03-27T19:51:34","modified_gmt":"2025-03-27T22:51:34","slug":"camara-lanca-documentario-minha-limeira-para-difundir-historia-e-memoria-do-povo-limeirense","status":"publish","type":"post","link":"https:\/\/guialimeira.com.br\/news\/camara-lanca-documentario-minha-limeira-para-difundir-historia-e-memoria-do-povo-limeirense\/","title":{"rendered":"C\u00e2mara lan\u00e7a document\u00e1rio Minha Limeira, para difundir hist\u00f3ria e mem\u00f3ria do povo limeirense"},"content":{"rendered":"\n<figure class=\"wp-block-gallery has-nested-images columns-default is-cropped wp-block-gallery-1 is-layout-flex wp-block-gallery-is-layout-flex\"><\/figure>\n \r\n<br><img data-recalc-dims=\"1\" decoding=\"async\" src=\"https:\/\/i0.wp.com\/guialimeira.com.br\/wp-content\/uploads\/2025\/03\/2025-03-27_camara-lanca-documentario-minha-limeira-para-difundir-historia-e-memoria-do-povo-limeiren.jpeg?w=696&#038;ssl=1\" \/><br><div>\n\t\t\t\t\t<p>A hist\u00f3ria e a mem\u00f3ria do povo limeirense contadas em \u00e1udio e imagens. O document\u00e1rio Minha Limeira, produzido pela C\u00e2mara Municipal, resgata momentos hist\u00f3ricos importantes dos 198 anos de Limeira. O primeiro epis\u00f3dio de uma s\u00e9rie de dez v\u00eddeos foi exibido ao p\u00fablico em evento no Teatro Vit\u00f3ria, na noite desta quarta-feira, 26 de mar\u00e7o.<\/p><p>Al\u00e9m de vereadores, participaram autoridades pol\u00edticas, magistrados, promotores, escolas, universidades e lideran\u00e7as religiosas. O secret\u00e1rio de Cultura, Silvio Brito, representou o prefeito Murilo F\u00e9lix (Podemos).\u00a0 Tamb\u00e9m prestigiaram o evento representantes de entidades como Conselho Municipal dos Interesses do Cidad\u00e3o Negro (Comicin), OAB, Academia Limeirense de Letras (ALLe), da Sociedade Liter\u00e1ria Limeirense (SOLL).\u00a0\u00a0<\/p><p>O evento foi aberto pelo presidente da C\u00e2mara, Everton Ferreira (PSD). O vereador \u00e9 autor do &#8220;Projeto PertenSer&#8221;, para Preserva\u00e7\u00e3o e Difus\u00e3o da Hist\u00f3ria e Mem\u00f3ria do Povo Limeirense (<a href=\"https:\/\/legislacao.limeira.sp.leg.br\/limeira-SP\/Resolucoes\/853\" rel=\"noopener\">Resolu\u00e7\u00e3o N\u00ba 34\/2024<\/a>). \u201cEstamos muito felizes com o lan\u00e7amento do projeto PertenSer. A finalidade \u00e9 justamente para gerar no limeirense o sentimento de pertencimento, de valoriza\u00e7\u00e3o da cultura. Limeira tem uma hist\u00f3ria linda e a C\u00e2mara Municipal se empenhou em contar essa hist\u00f3ria nos m\u00ednimos detalhes&#8221;, defendeu o parlamentar.\u00a0<\/p><p>A finalidade de promover a\u00e7\u00f5es educacionais que possibilitem o amplo acesso \u00e0 hist\u00f3ria e mem\u00f3ria constru\u00eddas no processo de forma\u00e7\u00e3o e estrutura\u00e7\u00e3o de Limeira at\u00e9 os dias atuais.<\/p><p>O projeto pretende atender \u00e0 necessidade de aprendizado sobre a hist\u00f3ria de Limeira, fornecendo a alunos da rede p\u00fablica e particular e \u00e0 popula\u00e7\u00e3o uma fonte confi\u00e1vel de informa\u00e7\u00f5es sobre a origem da cidade, sua forma\u00e7\u00e3o e desenvolvimento.\u00a0<\/p><p>A resolu\u00e7\u00e3o prev\u00ea a produ\u00e7\u00e3o de conte\u00fado audiovisual, palestras e f\u00f3runs, cursos, semin\u00e1rios, visitas guiadas e exposi\u00e7\u00f5es.<\/p><p><strong>O document\u00e1rio<\/strong><\/p><p>O formato audiovisual escolhido para o projeto PertenSer tem como objetivo despertar o interesse do p\u00fablico de diferentes faixas et\u00e1rias, inclusive de crian\u00e7as em idade escolar, para que conhe\u00e7am a hist\u00f3ria da cidade e incentivem o senso de pertencimento.\u00a0<\/p><p>Foi produzido por meio da Escola Legislativa Paulo Freire, em parceria com o N\u00facleo de Arquivo do Poder Legislativo. \u201cDesenvolvemos um roteiro que pudesse ser usado para ensinar nossas crian\u00e7as e adolescentes sobre a hist\u00f3ria de Limeira; de uma forma que elas consigam passar este conhecimento para as futuras gera\u00e7\u00f5es, gerando pertencimento&#8221;, considerou a diretora da Escola Legislativa, Giane Boscolo.\u00a0<\/p><p>O document\u00e1rio tem curadoria do historiador Jo\u00e3o Paulo Berto. \u201cEssa \u00e9 uma oportunidade de homenagear a cidade. \u00c9 importante lembrar que cada um dos dez epis\u00f3dios \u00e9 acompanhado por um livro de atividades, com sugest\u00f5es pedag\u00f3gicas para as escolas de Limeira. A hist\u00f3ria tem um valor alto para a compreens\u00e3o de m\u00faltiplas realidades, n\u00e3o somente a local, a hist\u00f3ria contada nessa s\u00e9rie \u00e9 m\u00faltipla&#8221;, discursou.\u00a0<\/p><p>O primeiro epis\u00f3dio tem como t\u00edtulo Origens de Limeira: entre hist\u00f3ria e lenda. O v\u00eddeo est\u00e1 dispon\u00edvel na \u00edntegra no canal da C\u00e2mara no YouTube e pode ser acessado neste <a href=\"https:\/\/www.youtube.com\/watch?v=jY20yjdnhDU\" rel=\"noopener\">link.<\/a>Um material de apoio \u00e0s escolas e estudantes tamb\u00e9m foi disponibilizado (<a href=\"https:\/\/escolalegislativa.limeira.spleg.br\" rel=\"noopener\">https:\/\/escolalegislativa.limeira.spleg.br<\/a>).\u00a0<\/p><p>Segundo Giane Boscolo, a previs\u00e3o \u00e9 que outros seis epis\u00f3dios sejam produzidos ainda este ano.<\/p>\t\t\t\t<\/div>\r\n<br>\r\n<br><a href=\"https:\/\/www.limeira.sp.leg.br\/noticias\/view\/2025-03-27_camara-lanca-documentario-minha-limeira-para-difundir-historia-e-memoria-do-povo-limeirense\" rel=\"noopener\">Informa\u00e7\u00f5es CML <\/a>","protected":false},"excerpt":{"rendered":"<p>A hist\u00f3ria e a mem\u00f3ria do povo limeirense contadas em \u00e1udio e imagens. O document\u00e1rio Minha Limeira, produzido pela C\u00e2mara Municipal, resgata momentos hist\u00f3ricos importantes dos 198 anos de Limeira. O primeiro epis\u00f3dio de uma s\u00e9rie de dez v\u00eddeos foi exibido ao p\u00fablico em evento no Teatro Vit\u00f3ria, na noite desta quarta-feira, 26 de mar\u00e7o. [&hellip;]<\/p>\n","protected":false},"author":1,"featured_media":28417,"comment_status":"open","ping_status":"open","sticky":false,"template":"","format":"standard","meta":{"_jetpack_newsletter_access":"","_jetpack_dont_email_post_to_subs":false,"_jetpack_newsletter_tier_id":0,"_jetpack_memberships_contains_paywalled_content":false,"_mbp_banners":[],"_jetpack_feature_clip_id":0,"_jetpack_memberships_contains_paid_content":false,"footnotes":"","jetpack_publicize_message":"","jetpack_publicize_feature_enabled":true,"jetpack_social_post_already_shared":true,"jetpack_social_options":{"image_generator_settings":{"template":"highway","default_image_id":0,"font":"","enabled":false},"version":2},"jetpack_post_was_ever_published":false},"categories":[19],"tags":[],"class_list":["post-28416","post","type-post","status-publish","format-standard","has-post-thumbnail","category-politica"],"jetpack_publicize_connections":[],"jetpack-related-posts":[],"jetpack_shortlink":"https:\/\/wp.me\/p7Eq1F-7ok","jetpack_sharing_enabled":true,"jetpack_featured_media_url":"https:\/\/i0.wp.com\/guialimeira.com.br\/news\/wp-content\/uploads\/2025\/03\/Camara-lanca-documentario-Minha-Limeira-para-difundir-historia-e-memoria.jpeg?fit=1280%2C640&ssl=1","_links":{"self":[{"href":"https:\/\/guialimeira.com.br\/news\/wp-json\/wp\/v2\/posts\/28416","targetHints":{"allow":["GET"]}}],"collection":[{"href":"https:\/\/guialimeira.com.br\/news\/wp-json\/wp\/v2\/posts"}],"about":[{"href":"https:\/\/guialimeira.com.br\/news\/wp-json\/wp\/v2\/types\/post"}],"author":[{"embeddable":true,"href":"https:\/\/guialimeira.com.br\/news\/wp-json\/wp\/v2\/users\/1"}],"replies":[{"embeddable":true,"href":"https:\/\/guialimeira.com.br\/news\/wp-json\/wp\/v2\/comments?post=28416"}],"version-history":[{"count":1,"href":"https:\/\/guialimeira.com.br\/news\/wp-json\/wp\/v2\/posts\/28416\/revisions"}],"predecessor-version":[{"id":28418,"href":"https:\/\/guialimeira.com.br\/news\/wp-json\/wp\/v2\/posts\/28416\/revisions\/28418"}],"wp:featuredmedia":[{"embeddable":true,"href":"https:\/\/guialimeira.com.br\/news\/wp-json\/wp\/v2\/media\/28417"}],"wp:attachment":[{"href":"https:\/\/guialimeira.com.br\/news\/wp-json\/wp\/v2\/media?parent=28416"}],"wp:term":[{"taxonomy":"category","embeddable":true,"href":"https:\/\/guialimeira.com.br\/news\/wp-json\/wp\/v2\/categories?post=28416"},{"taxonomy":"post_tag","embeddable":true,"href":"https:\/\/guialimeira.com.br\/news\/wp-json\/wp\/v2\/tags?post=28416"}],"curies":[{"name":"wp","href":"https:\/\/api.w.org\/{rel}","templated":true}]}}