{"id":28414,"date":"2025-03-27T19:46:31","date_gmt":"2025-03-27T22:46:31","guid":{"rendered":"https:\/\/guialimeira.com.br\/2025\/03\/27\/cupula-soma-272-bilhoes-para-combate-a-fome\/"},"modified":"2025-03-27T19:46:31","modified_gmt":"2025-03-27T22:46:31","slug":"cupula-soma-272-bilhoes-para-combate-a-fome","status":"publish","type":"post","link":"https:\/\/guialimeira.com.br\/news\/cupula-soma-272-bilhoes-para-combate-a-fome\/","title":{"rendered":"C\u00fapula soma 27,2 bilh\u00f5es para combate \u00e0 fome"},"content":{"rendered":"<p> <br \/>\n<\/p>\n<div>\n<p><strong>A c\u00fapula <em>Nutrition for Growth <\/em>(Nutri\u00e7\u00e3o para o Crescimento) (N4G), que est\u00e1 sendo realizada em Paris, registrou, at\u00e9 o momento, 27,2 bilh\u00f5es de d\u00f3lares em compromissos financeiros<\/strong>. A iniciativa tem entre seus principais objetivos garantir que governos, empresas e doadores se comprometam pol\u00edtica e financeiramente com a melhoria da qualidade da nutri\u00e7\u00e3o em todo o mundo.<img data-recalc-dims=\"1\" decoding=\"async\" src=\"https:\/\/i0.wp.com\/agenciabrasil.ebc.com.br\/ebc.png?w=696&#038;ssl=1\" style=\"width:1px; height:1px; display:inline;\"\/><img data-recalc-dims=\"1\" decoding=\"async\" src=\"https:\/\/i0.wp.com\/agenciabrasil.ebc.com.br\/ebc.gif?w=696&#038;ssl=1\" style=\"width:1px; height:1px; display:inline;\"\/><\/p>\n<p><strong>O valor \u00e9 semelhante ao anotado na c\u00fapula anterior, em T\u00f3quio, em 2021 (27 bilh\u00f5es de d\u00f3lares)<\/strong>. O total final, a ser anunciado nesta sexta-feira (27), deve ser ainda maior, uma vez que podem ser feitos compromissos at\u00e9 junho deste ano.<\/p>\n<p>O governo franc\u00eas, anfitri\u00e3o e organizador da c\u00fapula, se comprometeu com US$ 810 milh\u00f5es\u00a0at\u00e9 2030.<\/p>\n<p><strong>&#8220;No momento em que progredimos na luta contra a fome, esse combate demanda que continuemos a nos mobilizar por solu\u00e7\u00f5es de financiamento&#8221;, disse o presidente da Fran\u00e7a, Emmanuel Macron<\/strong>, em evento com institui\u00e7\u00f5es que fizeram compromissos financeiros de 1,5 bilh\u00e3o de d\u00f3lares durante o N4G, na tarde desta quinta-feira (27).<\/p>\n<h2>Recursos<\/h2>\n<p>A primeira-dama brasileira, Janja Lula da Silva<strong> <\/strong>(foto), tamb\u00e9m participou do evento com os doadores, realizado no pr\u00e9dio do Minist\u00e9rio de Assuntos Estrangeiros da Fran\u00e7a, em Paris.<\/p>\n<p><strong>&#8220;A mudan\u00e7a na postura dos grandes atores, o corte e a limita\u00e7\u00e3o no uso dos recursos para a coopera\u00e7\u00e3o humanit\u00e1ria e para o desenvolvimento afetam enormemente comunidades e popula\u00e7\u00f5es vulner\u00e1veis por todo o mundo. A parceria entre esses diferentes atores p\u00fablicos e privados \u00e9 urgente e estrat\u00e9gica para diminuir a lacuna entre a necessidade e a disponibilidade de recursos&#8221;, disse Janja<\/strong>.<\/p>\n<p>\u00a0<\/p>\n<p><em>*O rep\u00f3rter viajou a convite da Embaixada da Fran\u00e7a no Brasil<\/em><\/p>\n<p>      <!-- Relacionada --><\/p>\n<p>            <!-- Relacionada -->\n    <\/div>\n<p><br \/>\n<br \/><a href=\"https:\/\/agenciabrasil.ebc.com.br\/internacional\/noticia\/2025-03\/cupula-soma-272-bi-de-dolares-em-verbas-para-combate-fome\" rel=\"noopener\">Ag\u00eancia Brasil <\/a><\/p>\n","protected":false},"excerpt":{"rendered":"<p>A c\u00fapula Nutrition for Growth (Nutri\u00e7\u00e3o para o Crescimento) (N4G), que est\u00e1 sendo realizada em Paris, registrou, at\u00e9 o momento, 27,2 bilh\u00f5es de d\u00f3lares em compromissos financeiros. A iniciativa tem entre seus principais objetivos garantir que governos, empresas e doadores se comprometam pol\u00edtica e financeiramente com a melhoria da qualidade da nutri\u00e7\u00e3o em todo o [&hellip;]<\/p>\n","protected":false},"author":1,"featured_media":28402,"comment_status":"open","ping_status":"open","sticky":false,"template":"","format":"standard","meta":{"_jetpack_newsletter_access":"","_jetpack_dont_email_post_to_subs":false,"_jetpack_newsletter_tier_id":0,"_jetpack_memberships_contains_paywalled_content":false,"_mbp_banners":[],"_jetpack_feature_clip_id":0,"_jetpack_memberships_contains_paid_content":false,"footnotes":"","jetpack_publicize_message":"","jetpack_publicize_feature_enabled":true,"jetpack_social_post_already_shared":true,"jetpack_social_options":{"image_generator_settings":{"template":"highway","default_image_id":0,"font":"","enabled":false},"version":2},"jetpack_post_was_ever_published":false},"categories":[25],"tags":[],"class_list":["post-28414","post","type-post","status-publish","format-standard","has-post-thumbnail","category-internacional"],"jetpack_publicize_connections":[],"jetpack-related-posts":[],"jetpack_shortlink":"https:\/\/wp.me\/p7Eq1F-7oi","jetpack_sharing_enabled":true,"jetpack_featured_media_url":"https:\/\/i0.wp.com\/guialimeira.com.br\/news\/wp-content\/uploads\/2025\/03\/pzzb2571.jpg?fit=1600%2C800&ssl=1","_links":{"self":[{"href":"https:\/\/guialimeira.com.br\/news\/wp-json\/wp\/v2\/posts\/28414","targetHints":{"allow":["GET"]}}],"collection":[{"href":"https:\/\/guialimeira.com.br\/news\/wp-json\/wp\/v2\/posts"}],"about":[{"href":"https:\/\/guialimeira.com.br\/news\/wp-json\/wp\/v2\/types\/post"}],"author":[{"embeddable":true,"href":"https:\/\/guialimeira.com.br\/news\/wp-json\/wp\/v2\/users\/1"}],"replies":[{"embeddable":true,"href":"https:\/\/guialimeira.com.br\/news\/wp-json\/wp\/v2\/comments?post=28414"}],"version-history":[{"count":0,"href":"https:\/\/guialimeira.com.br\/news\/wp-json\/wp\/v2\/posts\/28414\/revisions"}],"wp:featuredmedia":[{"embeddable":true,"href":"https:\/\/guialimeira.com.br\/news\/wp-json\/wp\/v2\/media\/28402"}],"wp:attachment":[{"href":"https:\/\/guialimeira.com.br\/news\/wp-json\/wp\/v2\/media?parent=28414"}],"wp:term":[{"taxonomy":"category","embeddable":true,"href":"https:\/\/guialimeira.com.br\/news\/wp-json\/wp\/v2\/categories?post=28414"},{"taxonomy":"post_tag","embeddable":true,"href":"https:\/\/guialimeira.com.br\/news\/wp-json\/wp\/v2\/tags?post=28414"}],"curies":[{"name":"wp","href":"https:\/\/api.w.org\/{rel}","templated":true}]}}