{"id":28411,"date":"2025-03-27T19:42:31","date_gmt":"2025-03-27T22:42:31","guid":{"rendered":"https:\/\/guialimeira.com.br\/2025\/03\/27\/anvisa-suspende-creme-dental-da-colgate-apos-relatos-de-reacoes\/"},"modified":"2025-03-27T19:42:31","modified_gmt":"2025-03-27T22:42:31","slug":"anvisa-suspende-creme-dental-da-colgate-apos-relatos-de-reacoes","status":"publish","type":"post","link":"https:\/\/guialimeira.com.br\/news\/anvisa-suspende-creme-dental-da-colgate-apos-relatos-de-reacoes\/","title":{"rendered":"Anvisa suspende creme dental da Colgate ap\u00f3s relatos de rea\u00e7\u00f5es"},"content":{"rendered":"<p> <br \/>\n<\/p>\n<div>\n<p><strong>A Ag\u00eancia Nacional de Vigil\u00e2ncia Sanit\u00e1ria (Anvisa) publicou nesta quinta-feira (27) uma resolu\u00e7\u00e3o que suspende todos os lotes do Creme Dental Colgate Total Clean Mint, produto da empresa que substitui a linha Total 12 da marca.<\/strong> Segundo a ag\u00eancia, a medida \u00e9 preventiva e tempor\u00e1ria, com o intuito de proteger a sa\u00fade da popula\u00e7\u00e3o.\u00a0<img data-recalc-dims=\"1\" decoding=\"async\" src=\"https:\/\/i0.wp.com\/agenciabrasil.ebc.com.br\/ebc.png?w=696&#038;ssl=1\" style=\"width:1px; height:1px; display:inline;\"\/><img data-recalc-dims=\"1\" decoding=\"async\" src=\"https:\/\/i0.wp.com\/agenciabrasil.ebc.com.br\/ebc.gif?w=696&#038;ssl=1\" style=\"width:1px; height:1px; display:inline;\"\/><\/p>\n<p><strong>A suspens\u00e3o tem dura\u00e7\u00e3o de 90 dias,<\/strong> per\u00edodo no qual ocorrem as investiga\u00e7\u00f5es sobre as rea\u00e7\u00f5es adversas notificadas sobre o produto. <strong>N\u00e3o existe determina\u00e7\u00e3o de recolhimento<\/strong>, no momento, mas o produto deve ficar separado e n\u00e3o deve ser exposto ao consumo ou uso.<\/p>\n<p><strong>A resolu\u00e7\u00e3o recomenda a suspens\u00e3o da comercializa\u00e7\u00e3o e do consumo<\/strong> at\u00e9 que seja comprovada a seguran\u00e7a. Uma das possibilidades \u00e9 que a inclus\u00e3o da subst\u00e2ncia fluoreto de estanho na f\u00f3rmula possa ser a causadora das rea\u00e7\u00f5es, que incluem:\u00a0<\/p>\n<ul>\n<li>Les\u00f5es bucais<\/li>\n<li>Sensa\u00e7\u00f5es dolorosas<\/li>\n<li>Sensa\u00e7\u00e3o de queima\u00e7\u00e3o\/ard\u00eancia<\/li>\n<li>Inflama\u00e7\u00e3o gengival<\/li>\n<li>Edema labial\u00a0<\/li>\n<\/ul>\n<blockquote>\n<p>&#8220;Estes sintomas t\u00eam impactado significativamente a qualidade de vida dos consumidores, resultando, em alguns casos, em custos m\u00e9dicos, afastamento do trabalho, dificuldades para se alimentar e se comunicar, e sofrimento emocional&#8221;, informa a Anvisa.\u00a0\u00a0<\/p>\n<\/blockquote>\n<h2>Orienta\u00e7\u00f5es\u00a0<\/h2>\n<p>Caso o consumidor tenha o produto com a embalagem secund\u00e1ria (cartucho de cartolina), deve procurar no r\u00f3tulo o n\u00famero do processo, na Anvisa, que \u00e9 25351.159395\/2024-82, e caso\u202ftenha somente a bisnaga verifique se na composi\u00e7\u00e3o h\u00e1 &#8220;fluoreto estanoso&#8221;.\u00a0<\/p>\n<p>Segundo a Ag\u00eancia, consumidores que sofreram eventos indesejados relacionados ao uso do produto devem comunicar imediatamente a Anvisa por meio dos canais de notifica\u00e7\u00e3o Limesurvey e e-Notivisa.<\/p>\n<p>A <strong>Ag\u00eancia Brasil <\/strong>procurou a Colgate para esclarecimentos, mas n\u00e3o teve sucesso no contato. A empresa n\u00e3o se manifestou em redes sociais at\u00e9 a conclus\u00e3o desta reportagem.<\/p>\n<h2>Procon\u00a0<\/h2>\n<p><strong>O Procon-SP notificou a Colgate para esclarecer sobre as provid\u00eancias que a empresa est\u00e1 adotando em fun\u00e7\u00e3o da suspens\u00e3o. <\/strong>O \u00f3rg\u00e3o de defesa do consumidor questiona a multinacional sobre como o consumidor pode identificar os produtos interditados, quais os lotes envolvidos e quais as orienta\u00e7\u00f5es pr\u00e9vias.\u00a0<\/p>\n<h2>Rea\u00e7\u00f5es\u00a0<\/h2>\n<p>Segundo nota do Conselho Regional de Odontologia de S\u00e3o Paulo (Crosp), todos os ingredientes usados em dentifr\u00edcios (pasta, creme ou g\u00e9is dentais) para a escova\u00e7\u00e3o dos dentes s\u00e3o aprovados pela Anvisa como seguros \u00e0 sa\u00fade geral dos consumidores e rea\u00e7\u00f5es s\u00e3o raras. Pesquisas da \u00e1rea atribuem essa sensibilidade aos agentes flavorizantes usados (ess\u00eancias de \u00f3leos) e ao detergente ani\u00f4nico lauril sulfato de s\u00f3dio.<\/p>\n<blockquote>\n<p>&#8220;Tem havido relato de pessoas que tiveram rea\u00e7\u00f5es bucais de sensibilidade a dentifr\u00edcios. Algumas marcas modificaram suas f\u00f3rmulas e retiraram o fluoreto de s\u00f3dio (NaF) e substitu\u00edram por fluoreto estanhoso (SnF2). Por\u00e9m, as rea\u00e7\u00f5es adversas bucais que t\u00eam sido relatadas n\u00e3o podem ser atribu\u00eddas ao \u00edon fl\u00faor (fluoreto) porque este \u00e9 comum nas duas formula\u00e7\u00f5es&#8221;, explica o cirurgi\u00e3o-dentista Jaime Aparecido Cury, da Unicamp.<\/p>\n<\/blockquote>\n<p>O uso do estanho na formula\u00e7\u00e3o tem o objetivo de melhorar a preven\u00e7\u00e3o de doen\u00e7as da gengiva, por conta de sua efic\u00e1cia antibacteriana. Rea\u00e7\u00f5es como a observada nestes casos em geral param logo ap\u00f3s ser interrompido o uso do produto, e o conselho recomenda a interrup\u00e7\u00e3o caso haja rea\u00e7\u00f5es.\u00a0<\/p>\n<p>      <!-- Relacionada --><\/p>\n<p>            <!-- Relacionada -->\n    <\/div>\n<p><br \/>\n<br \/><a href=\"https:\/\/agenciabrasil.ebc.com.br\/saude\/noticia\/2025-03\/anvisa-suspende-creme-dental-da-colgate-apos-relatos-de-reacoes\" rel=\"noopener\">Ag\u00eancia Brasil <\/a><\/p>\n","protected":false},"excerpt":{"rendered":"<p>A Ag\u00eancia Nacional de Vigil\u00e2ncia Sanit\u00e1ria (Anvisa) publicou nesta quinta-feira (27) uma resolu\u00e7\u00e3o que suspende todos os lotes do Creme Dental Colgate Total Clean Mint, produto da empresa que substitui a linha Total 12 da marca. Segundo a ag\u00eancia, a medida \u00e9 preventiva e tempor\u00e1ria, com o intuito de proteger a sa\u00fade da popula\u00e7\u00e3o.\u00a0 A [&hellip;]<\/p>\n","protected":false},"author":1,"featured_media":28412,"comment_status":"open","ping_status":"open","sticky":false,"template":"","format":"standard","meta":{"_jetpack_newsletter_access":"","_jetpack_dont_email_post_to_subs":false,"_jetpack_newsletter_tier_id":0,"_jetpack_memberships_contains_paywalled_content":false,"_mbp_banners":[],"_jetpack_feature_clip_id":0,"_jetpack_memberships_contains_paid_content":false,"footnotes":"","jetpack_publicize_message":"","jetpack_publicize_feature_enabled":true,"jetpack_social_post_already_shared":true,"jetpack_social_options":{"image_generator_settings":{"template":"highway","default_image_id":0,"font":"","enabled":false},"version":2},"jetpack_post_was_ever_published":false},"categories":[15],"tags":[],"class_list":["post-28411","post","type-post","status-publish","format-standard","has-post-thumbnail","category-saude"],"jetpack_publicize_connections":[],"jetpack-related-posts":[],"jetpack_shortlink":"https:\/\/wp.me\/p7Eq1F-7of","jetpack_sharing_enabled":true,"jetpack_featured_media_url":"https:\/\/i0.wp.com\/guialimeira.com.br\/news\/wp-content\/uploads\/2025\/03\/008f6238-0fbf-485d-b2c6-6eac220c88fe.jpeg?fit=1600%2C800&ssl=1","_links":{"self":[{"href":"https:\/\/guialimeira.com.br\/news\/wp-json\/wp\/v2\/posts\/28411","targetHints":{"allow":["GET"]}}],"collection":[{"href":"https:\/\/guialimeira.com.br\/news\/wp-json\/wp\/v2\/posts"}],"about":[{"href":"https:\/\/guialimeira.com.br\/news\/wp-json\/wp\/v2\/types\/post"}],"author":[{"embeddable":true,"href":"https:\/\/guialimeira.com.br\/news\/wp-json\/wp\/v2\/users\/1"}],"replies":[{"embeddable":true,"href":"https:\/\/guialimeira.com.br\/news\/wp-json\/wp\/v2\/comments?post=28411"}],"version-history":[{"count":0,"href":"https:\/\/guialimeira.com.br\/news\/wp-json\/wp\/v2\/posts\/28411\/revisions"}],"wp:featuredmedia":[{"embeddable":true,"href":"https:\/\/guialimeira.com.br\/news\/wp-json\/wp\/v2\/media\/28412"}],"wp:attachment":[{"href":"https:\/\/guialimeira.com.br\/news\/wp-json\/wp\/v2\/media?parent=28411"}],"wp:term":[{"taxonomy":"category","embeddable":true,"href":"https:\/\/guialimeira.com.br\/news\/wp-json\/wp\/v2\/categories?post=28411"},{"taxonomy":"post_tag","embeddable":true,"href":"https:\/\/guialimeira.com.br\/news\/wp-json\/wp\/v2\/tags?post=28411"}],"curies":[{"name":"wp","href":"https:\/\/api.w.org\/{rel}","templated":true}]}}