{"id":28404,"date":"2025-03-27T18:50:33","date_gmt":"2025-03-27T21:50:33","guid":{"rendered":"https:\/\/guialimeira.com.br\/?p=28404"},"modified":"2025-03-27T18:50:33","modified_gmt":"2025-03-27T21:50:33","slug":"comissao-apresenta-projeto-que-regulariza-o-uso-de-veiculos-por-tracao-animal-em-limeira","status":"publish","type":"post","link":"https:\/\/guialimeira.com.br\/news\/comissao-apresenta-projeto-que-regulariza-o-uso-de-veiculos-por-tracao-animal-em-limeira\/","title":{"rendered":"Comiss\u00e3o apresenta projeto que regulariza o uso de ve\u00edculos por tra\u00e7\u00e3o animal em Limeira"},"content":{"rendered":"\n<figure class=\"wp-block-gallery has-nested-images columns-default is-cropped wp-block-gallery-1 is-layout-flex wp-block-gallery-is-layout-flex\"><\/figure>\n \r\n<br><img data-recalc-dims=\"1\" decoding=\"async\" src=\"https:\/\/i0.wp.com\/guialimeira.com.br\/wp-content\/uploads\/2025\/03\/2025-03-27_comissao-apresenta-projeto-que-regulariza-o-uso-de-veiculos-por-tracao-animal-em-limeira_.jpeg?w=696&#038;ssl=1\" \/><br><div>\n\t\t\t\t\t<p>Visando a seguran\u00e7a e bem-estar dos animais e a prote\u00e7\u00e3o dos usu\u00e1rios de Ve\u00edculos de Tra\u00e7\u00e3o Animal (VTAs), a Comiss\u00e3o de Meio Ambiente protocolou durante a reuni\u00e3o desta quinta-feira, 27 de mar\u00e7o, o <a href=\"https:\/\/consulta.limeira.sp.leg.br\/Documentos\/Documento\/371986\" rel=\"noopener\">Projeto de Lei N\u00ba 47\/2025<\/a> que tem o objetivo de regularizar o uso deste tipo de transporte.<\/p><p>Fazem parte do colegiado os vereadores Felipe Penedo (PL), presidente; Tatiane Lopes (Avante), vice-presidente e Helder do Taxi (PSD) secret\u00e1rio. As reuni\u00f5es acontecem regimentalmente \u00e0s quintas-feiras, \u00e0s 15h. Todas as delibera\u00e7\u00f5es foram registradas em <a href=\"http:\/\/consulta.limeira.sp.leg.br\/Sessoes\/Documento\/371987\" rel=\"noopener\">ata<\/a>.<\/p><p><strong>Ve\u00edculos de Tra\u00e7\u00e3o Animal e regulamenta\u00e7\u00e3o<\/strong><\/p><p>S\u00e3o considerados ve\u00edculos de tra\u00e7\u00e3o animal aqueles movidos pela for\u00e7a de um ou mais animais, como charretes, carro\u00e7as e similares, utilizados para transporte de pessoas ou cargas.<\/p><p>Para a regulariza\u00e7\u00e3o do meio de transporte, o projeto considera necess\u00e1rio que o ve\u00edculo e o animal estejam cadastrados junto ao Poder P\u00fablico, que o condutor seja maior de 16 anos e possua licen\u00e7a de condu\u00e7\u00e3o v\u00e1lida e ainda demanda a apresenta\u00e7\u00e3o do atestado de sa\u00fade do animal e que o ve\u00edculo atenda aos padr\u00f5es de seguran\u00e7a estabelecidos pela legisla\u00e7\u00e3o.<\/p><p>\u201cAl\u00e9m da regulamenta\u00e7\u00e3o, a propositura ter\u00e1 o cunho de promover a conscientiza\u00e7\u00e3o sobre o uso respons\u00e1vel dos ve\u00edculos de tra\u00e7\u00e3o animal, tanto para os condutores quanto para a popula\u00e7\u00e3o em geral, promovendo uma cultura de respeito e cuidado com os animais e com os cidad\u00e3os na nossa amada cidade\u201d, declararam os vereadores.<\/p><p>Foram definidas tamb\u00e9m as exig\u00eancias de condi\u00e7\u00f5es dos ve\u00edculos por tra\u00e7\u00e3o animal, que consistem em:<\/p><ul><li>Equipamentos de seguran\u00e7a em perfeito estado de funcionamento;<\/li><li>Ilumina\u00e7\u00e3o adequada para circula\u00e7\u00e3o noturna;<\/li><li>Assentos em boas condi\u00e7\u00f5es para seguran\u00e7a dos passageiros.<\/li><\/ul><p>Os parlamentares autores do projeto consideraram que a utiliza\u00e7\u00e3o desses ve\u00edculos como meio de transporte \u00e9 uma pr\u00e1tica hist\u00f3rica em diversas regi\u00f5es do Brasil, incluindo a cidade de Limeira. Mas que, no entanto, a falta de regulamenta\u00e7\u00e3o espec\u00edfica para esse tipo de transporte gera quest\u00f5es relacionadas \u00e0 seguran\u00e7a, bem-estar animal e ao ordenamento do tr\u00e2nsito urbano.<\/p><p>O descumprimento das normas instauradas motiva advert\u00eancias de primeira infra\u00e7\u00e3o, multa por recorr\u00eancia, suspens\u00e3o da licen\u00e7a de condu\u00e7\u00e3o e apreens\u00e3o do ve\u00edculo e do animal em caso de reincid\u00eancia.<\/p><p><strong>Limeira Rodeo Music<\/strong><\/p><p>Ainda durante a reuni\u00e3o, foi agendada uma dilig\u00eancia para esta sexta-feira, 28 de mar\u00e7o, \u00e0s 18h30, \u00e0s depend\u00eancias do Limeira Rodeo Music. Fiscalizar e avaliar as condi\u00e7\u00f5es de cuidado e das estrutura onde ficam alocados os animais do festival s\u00e3o a finalidade da visita.\u00a0<\/p><p><strong>Comiss\u00e3o<\/strong><\/p><p>S\u00e3o atribui\u00e7\u00f5es dos membros fiscalizar a implementa\u00e7\u00e3o de pol\u00edticas p\u00fablicas com tem\u00e1tica relacionada \u00e0 legisla\u00e7\u00e3o de defesa do meio ambiente, agricultura, recursos h\u00eddricos, saneamento, polui\u00e7\u00e3o ambiental, flora, fauna, controle e prote\u00e7\u00e3o animal, solo e desenvolvimento sustent\u00e1vel. Compete ainda ao colegiado receber den\u00fancias de viola\u00e7\u00e3o dos direitos dos animais, al\u00e9m de estudar e propor altera\u00e7\u00f5es na legisla\u00e7\u00e3o ambiental.\u00a0<\/p>\t\t\t\t<\/div>\r\n<br>\r\n<br><a href=\"https:\/\/www.limeira.sp.leg.br\/noticias\/view\/2025-03-27_comissao-apresenta-projeto-que-regulariza-o-uso-de-veiculos-por-tracao-animal-em-limeira\" rel=\"noopener\">Informa\u00e7\u00f5es CML <\/a>","protected":false},"excerpt":{"rendered":"<p>Visando a seguran\u00e7a e bem-estar dos animais e a prote\u00e7\u00e3o dos usu\u00e1rios de Ve\u00edculos de Tra\u00e7\u00e3o Animal (VTAs), a Comiss\u00e3o de Meio Ambiente protocolou durante a reuni\u00e3o desta quinta-feira, 27 de mar\u00e7o, o Projeto de Lei N\u00ba 47\/2025 que tem o objetivo de regularizar o uso deste tipo de transporte. Fazem parte do colegiado os [&hellip;]<\/p>\n","protected":false},"author":1,"featured_media":28405,"comment_status":"open","ping_status":"open","sticky":false,"template":"","format":"standard","meta":{"_jetpack_newsletter_access":"","_jetpack_dont_email_post_to_subs":false,"_jetpack_newsletter_tier_id":0,"_jetpack_memberships_contains_paywalled_content":false,"_mbp_banners":[],"_jetpack_feature_clip_id":0,"_jetpack_memberships_contains_paid_content":false,"footnotes":"","jetpack_publicize_message":"","jetpack_publicize_feature_enabled":true,"jetpack_social_post_already_shared":true,"jetpack_social_options":{"image_generator_settings":{"template":"highway","default_image_id":0,"font":"","enabled":false},"version":2},"jetpack_post_was_ever_published":false},"categories":[19],"tags":[],"class_list":["post-28404","post","type-post","status-publish","format-standard","has-post-thumbnail","category-politica"],"jetpack_publicize_connections":[],"jetpack-related-posts":[],"jetpack_shortlink":"https:\/\/wp.me\/p7Eq1F-7o8","jetpack_sharing_enabled":true,"jetpack_featured_media_url":"https:\/\/i0.wp.com\/guialimeira.com.br\/news\/wp-content\/uploads\/2025\/03\/Comissao-apresenta-projeto-que-regulariza-o-uso-de-veiculos-por.jpeg?fit=1280%2C640&ssl=1","_links":{"self":[{"href":"https:\/\/guialimeira.com.br\/news\/wp-json\/wp\/v2\/posts\/28404","targetHints":{"allow":["GET"]}}],"collection":[{"href":"https:\/\/guialimeira.com.br\/news\/wp-json\/wp\/v2\/posts"}],"about":[{"href":"https:\/\/guialimeira.com.br\/news\/wp-json\/wp\/v2\/types\/post"}],"author":[{"embeddable":true,"href":"https:\/\/guialimeira.com.br\/news\/wp-json\/wp\/v2\/users\/1"}],"replies":[{"embeddable":true,"href":"https:\/\/guialimeira.com.br\/news\/wp-json\/wp\/v2\/comments?post=28404"}],"version-history":[{"count":1,"href":"https:\/\/guialimeira.com.br\/news\/wp-json\/wp\/v2\/posts\/28404\/revisions"}],"predecessor-version":[{"id":28406,"href":"https:\/\/guialimeira.com.br\/news\/wp-json\/wp\/v2\/posts\/28404\/revisions\/28406"}],"wp:featuredmedia":[{"embeddable":true,"href":"https:\/\/guialimeira.com.br\/news\/wp-json\/wp\/v2\/media\/28405"}],"wp:attachment":[{"href":"https:\/\/guialimeira.com.br\/news\/wp-json\/wp\/v2\/media?parent=28404"}],"wp:term":[{"taxonomy":"category","embeddable":true,"href":"https:\/\/guialimeira.com.br\/news\/wp-json\/wp\/v2\/categories?post=28404"},{"taxonomy":"post_tag","embeddable":true,"href":"https:\/\/guialimeira.com.br\/news\/wp-json\/wp\/v2\/tags?post=28404"}],"curies":[{"name":"wp","href":"https:\/\/api.w.org\/{rel}","templated":true}]}}