{"id":28390,"date":"2025-03-27T17:49:37","date_gmt":"2025-03-27T20:49:37","guid":{"rendered":"https:\/\/guialimeira.com.br\/?p=28390"},"modified":"2025-03-27T17:49:37","modified_gmt":"2025-03-27T20:49:37","slug":"comissao-de-obras-agenda-nova-data-para-tratar-sobre-vinda-da-microsoft-para-limeira","status":"publish","type":"post","link":"https:\/\/guialimeira.com.br\/news\/comissao-de-obras-agenda-nova-data-para-tratar-sobre-vinda-da-microsoft-para-limeira\/","title":{"rendered":"Comiss\u00e3o de Obras agenda nova data para tratar sobre vinda da Microsoft para Limeira"},"content":{"rendered":"\n<figure class=\"wp-block-gallery has-nested-images columns-default is-cropped wp-block-gallery-1 is-layout-flex wp-block-gallery-is-layout-flex\"><\/figure>\n \r\n<br><img data-recalc-dims=\"1\" decoding=\"async\" src=\"https:\/\/i0.wp.com\/guialimeira.com.br\/wp-content\/uploads\/2025\/03\/2025-03-27_comissao-de-obras-agenda-nova-data-para-tratar-sobre-vinda-da-microsoft-para-limeira_1.jp.jpeg?w=696&#038;ssl=1\" \/><br><div>\n\t\t\t\t\t<p>A Comiss\u00e3o de Obras e Planejamento Urbano da C\u00e2mara agendou para oitiva com os secret\u00e1rios municipais Fabio Mariano (Assuntos Jur\u00eddicos) e Marcelo Bueno dos Reis (Desenvolvimento, Turismo e Inova\u00e7\u00e3o). Eles foram convidados para prestarem esclarecimentos sobre a vinda da empresa Microsoft para Limeira, conforme anunciado pela Prefeitura em 2024. A reuni\u00e3o ser\u00e1 no dia 17 de abril, \u00e0s 14h.<\/p><p>A delibera\u00e7\u00e3o foi feita nesta quinta-feira, 27 de mar\u00e7o, quando estava previsto debater o tema com representantes do Poder Executivo. Por\u00e9m, os secret\u00e1rios justificaram a aus\u00eancia em raz\u00e3o de outros compromissos agendados. Por isso, os vereadores definiram nova data.<\/p><p>O colegiado tamb\u00e9m definiu uma s\u00e9rie de atividades e dilig\u00eancias a serem realizadas no m\u00eas de abril, com o objetivo de fiscalizar obras e projetos em execu\u00e7\u00e3o pela administra\u00e7\u00e3o municipal.<\/p><p><strong>Avenida Buzolin e UPA<\/strong><\/p><p>Uma das visitas ser\u00e1 realizada \u00e0 avenida Maria Buzolin, em Limeira. O piso do canteiro central est\u00e1 sendo trocado e o tra\u00e7ado original passa por altera\u00e7\u00f5es com o objetivo de gerar mais seguran\u00e7a. Os vereadores fiscalizar\u00e3o o trabalho no local no dia 8 de janeiro, \u00e0s 14h.<\/p><p>Na mesma data, o colegiado vai \u00e0 Unidade de Pronto Atendimento do bairro Aeroporto para verifica\u00e7\u00e3o do andamento das obras.<\/p><p>O secret\u00e1rio de Obras e Servi\u00e7os P\u00fablicos, Celson Gon\u00e7alves, foi convidado a acompanhar as duas agendas.\u00a0\u00a0\u00a0<\/p><p><strong>Estradas rurais<\/strong><\/p><p>Outra pauta que preocupa os vereadores \u00e9 a situa\u00e7\u00e3o das estradas rurais. Segundo o colegiado, as reclama\u00e7\u00f5es de mun\u00edcipes que trafegam nessas vias t\u00eam sido constantes, especialmente em rela\u00e7\u00e3o ao a medidas paliativas que n\u00e3o resolvem efetivamente o problema.\u00a0\u00a0\u00a0\u00a0\u00a0<\/p><p>A Comiss\u00e3o deliberou pela expedi\u00e7\u00e3o de oficio ao Poder Executivo para que seja informada a rela\u00e7\u00e3o das estradas rurais que foram reformadas, que ainda n\u00e3o receberam melhorias e o cronograma de obras de todas elas. Tamb\u00e9m questionaram acerca do retrabalho das interven\u00e7\u00f5es paliativas efetuadas em 2025.\u00a0\u00a0<\/p><p><strong>Limeir\u00e3o e outras obras<\/strong><\/p><p>No dia 15 de abril, \u00e0s 14h30, o colegiado vai fiscalizar os servi\u00e7os de conten\u00e7\u00e3o do Limeir\u00e3o.<\/p><p>A Comiss\u00e3o deliberou ainda que a Prefeitura informe a rela\u00e7\u00e3o das principais obras em andamento na cidade e a situa\u00e7\u00e3o atual de cada uma delas, fornecendo imagens do projeto em 3D e ainda a origem dos recursos aplicados.<\/p><p>A Comiss\u00e3o de Obras e Planejamento Urbano \u00e9 respons\u00e1vel por temas como servi\u00e7os p\u00fablicos, uso, ocupa\u00e7\u00e3o e parcelamento do solo, e \u00e9 formada pelos vereadores Helder do T\u00e1xi (PSD), presidente; M\u00e1rcio do Estacionamento (DC), vice-presidente; e Jo\u00e3o Antunes Bano (SD), secret\u00e1rio. Eles se re\u00fanem ordinariamente \u00e0s quintas-feiras, a partir das 13h30. Todas as delibera\u00e7\u00f5es s\u00e3o registradas em <a href=\"https:\/\/consulta.limeira.sp.leg.br\/arquivo?Id=487174\" rel=\"noopener\">ata<\/a>.<\/p>\t\t\t\t<\/div>\r\n<br>\r\n<br><a href=\"https:\/\/www.limeira.sp.leg.br\/noticias\/view\/2025-03-27_comissao-de-obras-agenda-nova-data-para-tratar-sobre-vinda-da-microsoft-para-limeira\" rel=\"noopener\">Informa\u00e7\u00f5es CML <\/a>","protected":false},"excerpt":{"rendered":"<p>A Comiss\u00e3o de Obras e Planejamento Urbano da C\u00e2mara agendou para oitiva com os secret\u00e1rios municipais Fabio Mariano (Assuntos Jur\u00eddicos) e Marcelo Bueno dos Reis (Desenvolvimento, Turismo e Inova\u00e7\u00e3o). Eles foram convidados para prestarem esclarecimentos sobre a vinda da empresa Microsoft para Limeira, conforme anunciado pela Prefeitura em 2024. A reuni\u00e3o ser\u00e1 no dia 17 [&hellip;]<\/p>\n","protected":false},"author":1,"featured_media":28391,"comment_status":"open","ping_status":"open","sticky":false,"template":"","format":"standard","meta":{"_jetpack_newsletter_access":"","_jetpack_dont_email_post_to_subs":false,"_jetpack_newsletter_tier_id":0,"_jetpack_memberships_contains_paywalled_content":false,"_mbp_banners":[],"_jetpack_feature_clip_id":0,"_jetpack_memberships_contains_paid_content":false,"footnotes":"","jetpack_publicize_message":"","jetpack_publicize_feature_enabled":true,"jetpack_social_post_already_shared":true,"jetpack_social_options":{"image_generator_settings":{"template":"highway","default_image_id":0,"font":"","enabled":false},"version":2},"jetpack_post_was_ever_published":false},"categories":[19],"tags":[],"class_list":["post-28390","post","type-post","status-publish","format-standard","has-post-thumbnail","category-politica"],"jetpack_publicize_connections":[],"jetpack-related-posts":[],"jetpack_shortlink":"https:\/\/wp.me\/p7Eq1F-7nU","jetpack_sharing_enabled":true,"jetpack_featured_media_url":"https:\/\/i0.wp.com\/guialimeira.com.br\/news\/wp-content\/uploads\/2025\/03\/Comissao-de-Obras-agenda-nova-data-para-tratar-sobre-vinda.jp.jpeg?fit=1280%2C640&ssl=1","_links":{"self":[{"href":"https:\/\/guialimeira.com.br\/news\/wp-json\/wp\/v2\/posts\/28390","targetHints":{"allow":["GET"]}}],"collection":[{"href":"https:\/\/guialimeira.com.br\/news\/wp-json\/wp\/v2\/posts"}],"about":[{"href":"https:\/\/guialimeira.com.br\/news\/wp-json\/wp\/v2\/types\/post"}],"author":[{"embeddable":true,"href":"https:\/\/guialimeira.com.br\/news\/wp-json\/wp\/v2\/users\/1"}],"replies":[{"embeddable":true,"href":"https:\/\/guialimeira.com.br\/news\/wp-json\/wp\/v2\/comments?post=28390"}],"version-history":[{"count":1,"href":"https:\/\/guialimeira.com.br\/news\/wp-json\/wp\/v2\/posts\/28390\/revisions"}],"predecessor-version":[{"id":28392,"href":"https:\/\/guialimeira.com.br\/news\/wp-json\/wp\/v2\/posts\/28390\/revisions\/28392"}],"wp:featuredmedia":[{"embeddable":true,"href":"https:\/\/guialimeira.com.br\/news\/wp-json\/wp\/v2\/media\/28391"}],"wp:attachment":[{"href":"https:\/\/guialimeira.com.br\/news\/wp-json\/wp\/v2\/media?parent=28390"}],"wp:term":[{"taxonomy":"category","embeddable":true,"href":"https:\/\/guialimeira.com.br\/news\/wp-json\/wp\/v2\/categories?post=28390"},{"taxonomy":"post_tag","embeddable":true,"href":"https:\/\/guialimeira.com.br\/news\/wp-json\/wp\/v2\/tags?post=28390"}],"curies":[{"name":"wp","href":"https:\/\/api.w.org\/{rel}","templated":true}]}}