{"id":2839,"date":"2024-04-25T20:02:44","date_gmt":"2024-04-25T23:02:44","guid":{"rendered":"https:\/\/guialimeira.com.br\/2024\/04\/25\/21-vias-receberam-nova-sinalizacao-e-reforco-horizontal-e-vertical-portal-do-municipio-de-piracicaba\/"},"modified":"2024-04-25T20:02:44","modified_gmt":"2024-04-25T23:02:44","slug":"21-vias-receberam-nova-sinalizacao-e-reforco-horizontal-e-vertical-portal-do-municipio-de-piracicaba","status":"publish","type":"post","link":"https:\/\/guialimeira.com.br\/news\/21-vias-receberam-nova-sinalizacao-e-reforco-horizontal-e-vertical-portal-do-municipio-de-piracicaba\/","title":{"rendered":"21 vias receberam nova sinaliza\u00e7\u00e3o e refor\u00e7o horizontal e vertical \u2013 Portal do Munic\u00edpio de Piracicaba"},"content":{"rendered":"<p> <br \/>\n<\/p>\n<div>\n<figure class=\"wp-block-image size-large\"><img data-recalc-dims=\"1\" fetchpriority=\"high\" decoding=\"async\" width=\"696\" height=\"464\" src=\"https:\/\/i0.wp.com\/piracicaba.sp.gov.br\/wp-content\/uploads\/2024\/04\/Avenida-Virgilio-da-Silva-Fagundes-foi-uma-das-vias-que-foram-sinalizadas-1024x682.jpg?resize=696%2C464&#038;ssl=1\" alt=\"Avenida Virgilio da Silva Fagundes sinalizada com as palavras Lombada e Devagar.\" class=\"wp-image-77884\" srcset=\"https:\/\/piracicaba.sp.gov.br\/wp-content\/uploads\/2024\/04\/Avenida-Virgilio-da-Silva-Fagundes-foi-uma-das-vias-que-foram-sinalizadas-1024x682.jpg 1024w, https:\/\/piracicaba.sp.gov.br\/wp-content\/uploads\/2024\/04\/Avenida-Virgilio-da-Silva-Fagundes-foi-uma-das-vias-que-foram-sinalizadas-300x200.jpg 300w, https:\/\/piracicaba.sp.gov.br\/wp-content\/uploads\/2024\/04\/Avenida-Virgilio-da-Silva-Fagundes-foi-uma-das-vias-que-foram-sinalizadas-768x512.jpg 768w, https:\/\/piracicaba.sp.gov.br\/wp-content\/uploads\/2024\/04\/Avenida-Virgilio-da-Silva-Fagundes-foi-uma-das-vias-que-foram-sinalizadas-1536x1024.jpg 1536w, https:\/\/piracicaba.sp.gov.br\/wp-content\/uploads\/2024\/04\/Avenida-Virgilio-da-Silva-Fagundes-foi-uma-das-vias-que-foram-sinalizadas.jpg 2000w\" sizes=\"(max-width: 1024px) 100vw, 1024px\"\/><figcaption class=\"wp-element-caption\"><strong><sup>Avenida Virgilio da Silva Fagundes foi uma das vias que foram sinalizadas<\/sup><\/strong><\/figcaption><\/figure>\n<p>Entre os dias 18 a 25\/04, por meio da Secretaria Municipal de Mobilidade Urbana, Tr\u00e2nsito e Transportes (Semuttran), foram realizados servi\u00e7os de sinaliza\u00e7\u00e3o horizontal e vertical em 21 vias, sendo tr\u00eas avenidas e 18 ruas.<\/p>\n<p>A a\u00e7\u00e3o faz parte da estrat\u00e9gia da Semuttran que realiza sistematicamente uma s\u00e9rie de servi\u00e7os de revitaliza\u00e7\u00e3o e refor\u00e7o de sinaliza\u00e7\u00e3o de tr\u00e2nsito horizontal e vertical em ruas e avenidas da cidade, com objetivo de garantir mais seguran\u00e7a para pedestres, ciclistas, motociclistas e motoristas no tr\u00e2nsito.<\/p>\n<p>Os servi\u00e7os tamb\u00e9m incluem faixa de pedestre, lombada, faixa elevada, eixo de rua, pare, zebrado, faixa de canaliza\u00e7\u00e3o e desacelera\u00e7\u00e3o, Linha de Redu\u00e7\u00e3o de Velocidade (LRV), entre outros.<\/p>\n<p>De acordo com a Semuttran, a tinta especial utilizada na sinaliza\u00e7\u00e3o horizontal cont\u00e9m microesferas de vidro, que permite melhor visualiza\u00e7\u00e3o por refletir a luz dos ve\u00edculos. Quando necess\u00e1rio, os servi\u00e7os tamb\u00e9m incluem a instala\u00e7\u00e3o de tach\u00e3o e tachinha e troca de placas da sinaliza\u00e7\u00e3o vertical e a\u00e9rea.<\/p>\n<figure class=\"wp-block-image size-large\"><img data-recalc-dims=\"1\" loading=\"lazy\" decoding=\"async\" width=\"696\" height=\"464\" src=\"https:\/\/i0.wp.com\/piracicaba.sp.gov.br\/wp-content\/uploads\/2024\/04\/Rua-Santa-Cruz-recebeu-reforco-na-sinalizacao-1024x682.jpg?resize=696%2C464&#038;ssl=1\" alt=\"Passarela de pedestre na Rua Santa Cruz recebeu refor\u00e7o na sinaliza\u00e7\u00e3o horizontal.\" class=\"wp-image-77886\" srcset=\"https:\/\/piracicaba.sp.gov.br\/wp-content\/uploads\/2024\/04\/Rua-Santa-Cruz-recebeu-reforco-na-sinalizacao-1024x682.jpg 1024w, https:\/\/piracicaba.sp.gov.br\/wp-content\/uploads\/2024\/04\/Rua-Santa-Cruz-recebeu-reforco-na-sinalizacao-300x200.jpg 300w, https:\/\/piracicaba.sp.gov.br\/wp-content\/uploads\/2024\/04\/Rua-Santa-Cruz-recebeu-reforco-na-sinalizacao-768x512.jpg 768w, https:\/\/piracicaba.sp.gov.br\/wp-content\/uploads\/2024\/04\/Rua-Santa-Cruz-recebeu-reforco-na-sinalizacao-1536x1024.jpg 1536w, https:\/\/piracicaba.sp.gov.br\/wp-content\/uploads\/2024\/04\/Rua-Santa-Cruz-recebeu-reforco-na-sinalizacao.jpg 2000w\" sizes=\"auto, (max-width: 1024px) 100vw, 1024px\"\/><figcaption class=\"wp-element-caption\"><strong><sup>Rua Santa Cruz recebeu refor\u00e7o na sinaliza\u00e7\u00e3o<\/sup><\/strong><\/figcaption><\/figure>\n<p><strong>Confira abaixo as vias atendidas:<\/strong><\/p>\n<p><strong>AVENIDAS<\/strong><\/p>\n<p>Avenida Cristov\u00e3o Colombo<\/p>\n<p>Avenida Virg\u00edlio da Silva Fagundes.<\/p>\n<p>Avenida Euclides de Figueiredo<\/p>\n<p><strong>RUAS<\/strong><\/p>\n<p>Rua Brigadeiro Eduardo Gomes<\/p>\n<p>Rua Pedro Habechian<\/p>\n<p>Rua Jos\u00e9 Pinto de Almeida<\/p>\n<p>Rua Santa Cruz<\/p>\n<p>Rua Olivia Antonecella Zanin<\/p>\n<p>Rua Arthur Paulo Furlan<\/p>\n<p>Rua Paulinia<\/p>\n<p>Rua Samuel Pfromm Netto<\/p>\n<p>Rua Clementina Barella Copoli<\/p>\n<p>Rua Arthur Paulo Furlan<\/p>\n<p>Rua Prof.\u00b0 Hildebrando Seixas Siqueira<\/p>\n<p>Rua Laila Chuahy Bettino<\/p>\n<p>Rua Frei Ant\u00f4nio Carlos Mendes<\/p>\n<p>Rua Manoel Elias zina<\/p>\n<p>Rua Marrocos<\/p>\n<p>Rua Dr. Pl\u00ednio Alves de Moraes<\/p>\n<p>Rua Amador de Campos Pacheco<\/p>\n<p>Rua Jos\u00e9 Pinto de Almeida<\/p>\n<\/div>\n<p><br \/>\n<br \/><a href=\"https:\/\/piracicaba.sp.gov.br\/noticias\/21-vias-receberam-nova-sinalizacao-e-reforco-horizontal-e-vertical\/\" rel=\"noopener\">Informa\u00e7\u00f5es PMP <\/a><\/p>\n","protected":false},"excerpt":{"rendered":"<p>Avenida Virgilio da Silva Fagundes foi uma das vias que foram sinalizadas Entre os dias 18 a 25\/04, por meio da Secretaria Municipal de Mobilidade Urbana, Tr\u00e2nsito e Transportes (Semuttran), foram realizados servi\u00e7os de sinaliza\u00e7\u00e3o horizontal e vertical em 21 vias, sendo tr\u00eas avenidas e 18 ruas. A a\u00e7\u00e3o faz parte da estrat\u00e9gia da Semuttran [&hellip;]<\/p>\n","protected":false},"author":1,"featured_media":2840,"comment_status":"open","ping_status":"open","sticky":false,"template":"","format":"standard","meta":{"_jetpack_newsletter_access":"","_jetpack_dont_email_post_to_subs":false,"_jetpack_newsletter_tier_id":0,"_jetpack_memberships_contains_paywalled_content":false,"_mbp_banners":[],"_jetpack_feature_clip_id":0,"_jetpack_memberships_contains_paid_content":false,"footnotes":"","jetpack_publicize_message":"","jetpack_publicize_feature_enabled":true,"jetpack_social_post_already_shared":true,"jetpack_social_options":{"image_generator_settings":{"template":"highway","default_image_id":0,"font":"","enabled":false},"version":2},"jetpack_post_was_ever_published":false},"categories":[20],"tags":[],"class_list":["post-2839","post","type-post","status-publish","format-standard","has-post-thumbnail","category-regiao"],"jetpack_publicize_connections":[],"jetpack-related-posts":[],"jetpack_shortlink":"https:\/\/wp.me\/p7Eq1F-JN","jetpack_sharing_enabled":true,"jetpack_featured_media_url":"https:\/\/i0.wp.com\/guialimeira.com.br\/news\/wp-content\/uploads\/2024\/04\/Avenida-Virgilio-da-Silva-Fagundes-foi-uma-das-vias-que-foram-sinalizadas-1024x682.jpg?fit=1024%2C682&ssl=1","_links":{"self":[{"href":"https:\/\/guialimeira.com.br\/news\/wp-json\/wp\/v2\/posts\/2839","targetHints":{"allow":["GET"]}}],"collection":[{"href":"https:\/\/guialimeira.com.br\/news\/wp-json\/wp\/v2\/posts"}],"about":[{"href":"https:\/\/guialimeira.com.br\/news\/wp-json\/wp\/v2\/types\/post"}],"author":[{"embeddable":true,"href":"https:\/\/guialimeira.com.br\/news\/wp-json\/wp\/v2\/users\/1"}],"replies":[{"embeddable":true,"href":"https:\/\/guialimeira.com.br\/news\/wp-json\/wp\/v2\/comments?post=2839"}],"version-history":[{"count":0,"href":"https:\/\/guialimeira.com.br\/news\/wp-json\/wp\/v2\/posts\/2839\/revisions"}],"wp:featuredmedia":[{"embeddable":true,"href":"https:\/\/guialimeira.com.br\/news\/wp-json\/wp\/v2\/media\/2840"}],"wp:attachment":[{"href":"https:\/\/guialimeira.com.br\/news\/wp-json\/wp\/v2\/media?parent=2839"}],"wp:term":[{"taxonomy":"category","embeddable":true,"href":"https:\/\/guialimeira.com.br\/news\/wp-json\/wp\/v2\/categories?post=2839"},{"taxonomy":"post_tag","embeddable":true,"href":"https:\/\/guialimeira.com.br\/news\/wp-json\/wp\/v2\/tags?post=2839"}],"curies":[{"name":"wp","href":"https:\/\/api.w.org\/{rel}","templated":true}]}}