{"id":28384,"date":"2025-03-27T17:40:23","date_gmt":"2025-03-27T20:40:23","guid":{"rendered":"https:\/\/guialimeira.com.br\/2025\/03\/27\/rj-vai-antecipar-vacinacao-contra-a-gripe-para-proxima-quarta\/"},"modified":"2025-03-27T17:40:23","modified_gmt":"2025-03-27T20:40:23","slug":"rj-vai-antecipar-vacinacao-contra-a-gripe-para-proxima-quarta","status":"publish","type":"post","link":"https:\/\/guialimeira.com.br\/news\/rj-vai-antecipar-vacinacao-contra-a-gripe-para-proxima-quarta\/","title":{"rendered":"RJ vai antecipar vacina\u00e7\u00e3o contra a gripe para pr\u00f3xima quarta"},"content":{"rendered":"<p> <br \/>\n<\/p>\n<div>\n<p>O in\u00edcio da vacina\u00e7\u00e3o contra a gripe foi antecipado para a pr\u00f3xima quarta-feira (02) no estado do Rio de Janeiro. A primeira remessa de 492 mil doses, recebida do Minist\u00e9rio da Sa\u00fade, j\u00e1 est\u00e1 sendo distribu\u00edda para os 92 munic\u00edpios fluminenses. <a href=\"https:\/\/agenciabrasil.ebc.com.br\/saude\/noticia\/2025-03\/campanha-de-vacinacao-contra-gripe-comeca-no-dia-7-de-abril\" target=\"_blank\" rel=\"noopener\">A campanha come\u00e7a dia 7 de abril em todo o pa\u00eds<\/a>, mas algumas cidades e estados j\u00e1 anunciaram a antecipa\u00e7\u00e3o.<img data-recalc-dims=\"1\" decoding=\"async\" src=\"https:\/\/i0.wp.com\/agenciabrasil.ebc.com.br\/ebc.png?w=696&#038;ssl=1\" style=\"width:1px; height:1px; display:inline;\"\/><img data-recalc-dims=\"1\" decoding=\"async\" src=\"https:\/\/i0.wp.com\/agenciabrasil.ebc.com.br\/ebc.gif?w=696&#038;ssl=1\" style=\"width:1px; height:1px; display:inline;\"\/><\/p>\n<p>No Rio de Janeiro, mais de 7 milh\u00f5es de pessoas poder\u00e3o receber o imunizante que protege contra tr\u00eas tipos do v\u00edrus influenza: H1N1, H3N2 e Influenza B. <strong>A vacina \u00e9 atualizada a cada campanha, para trazer as cepas dos v\u00edrus que devem circular com mais frequ\u00eancia no pr\u00f3ximo inverno. Por isso, \u00e9 necess\u00e1rio tom\u00e1-la\u00a0todo ano, para que a efic\u00e1cia continue alta.<\/strong><\/p>\n<p><strong>Grupos priorit\u00e1rios para vacina\u00e7\u00e3o contra a gripe:<\/strong><\/p>\n<ul>\n<li>Idosos com 60 anos ou mais;<\/li>\n<li>Crian\u00e7as de 6 meses a menores de 6 anos;<\/li>\n<li>Gestantes e\u00a0pu\u00e9rperas;<\/li>\n<\/ul>\n<p><strong>Tamb\u00e9m podem se vacinar:<\/strong><\/p>\n<ul>\n<li>Povos ind\u00edgenas e\u00a0quilombolas;<\/li>\n<li>Pessoas em situa\u00e7\u00e3o de rua;<\/li>\n<li>Pessoas com\u00a0cr\u00f4nicas n\u00e3o transmiss\u00edveis e outras condi\u00e7\u00f5es cl\u00ednicas especiais;<\/li>\n<li>Trabalhadores de sa\u00fade e da educa\u00e7\u00e3o;<\/li>\n<li>Profissionais das for\u00e7as de seguran\u00e7a,\u00a0salvamento e\u00a0For\u00e7as Armadas;<\/li>\n<li>Pessoas com defici\u00eancia permanente;<\/li>\n<li>Caminhoneiros e trabalhadores de transporte coletivo;<\/li>\n<li>Trabalhadores portu\u00e1rios;<\/li>\n<li>Trabalhadores dos correios;<\/li>\n<li>Popula\u00e7\u00e3o e os funcion\u00e1rios do sistema prisional.<\/li>\n<\/ul>\n<p><strong>O principal objetivo da vacina\u00e7\u00e3o conta a gripe \u00e9 proteger contra as complica\u00e7\u00f5es da doen\u00e7a que podem levar \u00e0 hospitaliza\u00e7\u00e3o e mortes<\/strong>. Este ano, at\u00e9 o dia 22 de mar\u00e7o, o Brasil registrou mais de 750 casos de S\u00edndrome Respirat\u00f3ria Aguda Grave com diagn\u00f3stico positivo confirmado para influenza e 77 mortes mas o per\u00edodo de maior circula\u00e7\u00e3o desses v\u00edrus ainda n\u00e3o come\u00e7ou. Os dados s\u00e3o do \u00faltimo boletim Infogripe da Funda\u00e7\u00e3o Oswaldo Cruz.<\/p>\n<p>A meta do Minist\u00e9rio da Sa\u00fade\u00a0\u00e9 imunizar 90% dos chamados grupos priorit\u00e1rios para a vacina\u00e7\u00e3o contra a doen\u00e7a.\u00a0Ao receber a primeira remessa de doses destinada ao Distrito Federal na sexta-feira passada (21), o ministro da Sa\u00fade, Alexandre Padilha, destacou que, al\u00e9m de\u00a0proteger contra um total de tr\u00eas v\u00edrus do tipo influenza, a vacina\u00a0garante uma redu\u00e7\u00e3o do risco de casos graves e \u00f3bitos provocados pela doen\u00e7a.<\/p>\n<p>Padilha afirmou que\u00a0estados e munic\u00edpios que receberem as doses ao longo dos pr\u00f3ximos dias podem optar por iniciar a vacina\u00e7\u00e3o antes do dia 7, como S\u00e3o Paulo anunciou nesta quinta-feira.\u00a0<a href=\"https:\/\/agenciabrasil.ebc.com.br\/saude\/noticia\/2025-03\/df-inicia-vacinacao-contra-gripe-nesta-terca-feira\" target=\"_blank\" rel=\"noopener\">No Distrito Federal<\/a>, por exemplo, a imuniza\u00e7\u00e3o deve come\u00e7ou na \u00faltima\u00a0ter\u00e7a\u00a0(26). <a href=\"https:\/\/agenciabrasil.ebc.com.br\/saude\/noticia\/2025-03\/capital-paulista-antecipa-inicio-da-vacinacao-contra-gripe-para-sexta\" target=\"_blank\" rel=\"noopener\">J\u00e1 na cidade de\u00a0S\u00e3o Paulo<\/a>, onde tamb\u00e9m houve antecipa\u00e7\u00e3o, o in\u00edcio est\u00e1 marcado para amanh\u00e3.<\/p>\n<p>\u00a0<\/p>\n<p>      <!-- Relacionada --><\/p>\n<p>            <!-- Relacionada -->\n    <\/div>\n<p><br \/>\n<br \/><a href=\"https:\/\/agenciabrasil.ebc.com.br\/saude\/noticia\/2025-03\/rj-vai-antecipar-vacinacao-contra-gripe-para-proxima-quarta\" rel=\"noopener\">Ag\u00eancia Brasil <\/a><\/p>\n","protected":false},"excerpt":{"rendered":"<p>O in\u00edcio da vacina\u00e7\u00e3o contra a gripe foi antecipado para a pr\u00f3xima quarta-feira (02) no estado do Rio de Janeiro. A primeira remessa de 492 mil doses, recebida do Minist\u00e9rio da Sa\u00fade, j\u00e1 est\u00e1 sendo distribu\u00edda para os 92 munic\u00edpios fluminenses. A campanha come\u00e7a dia 7 de abril em todo o pa\u00eds, mas algumas cidades [&hellip;]<\/p>\n","protected":false},"author":1,"featured_media":28385,"comment_status":"open","ping_status":"open","sticky":false,"template":"","format":"standard","meta":{"_jetpack_newsletter_access":"","_jetpack_dont_email_post_to_subs":false,"_jetpack_newsletter_tier_id":0,"_jetpack_memberships_contains_paywalled_content":false,"_mbp_banners":[],"_jetpack_feature_clip_id":0,"_jetpack_memberships_contains_paid_content":false,"footnotes":"","jetpack_publicize_message":"","jetpack_publicize_feature_enabled":true,"jetpack_social_post_already_shared":true,"jetpack_social_options":{"image_generator_settings":{"template":"highway","default_image_id":0,"font":"","enabled":false},"version":2},"jetpack_post_was_ever_published":false},"categories":[15],"tags":[],"class_list":["post-28384","post","type-post","status-publish","format-standard","has-post-thumbnail","category-saude"],"jetpack_publicize_connections":[],"jetpack-related-posts":[],"jetpack_shortlink":"https:\/\/wp.me\/p7Eq1F-7nO","jetpack_sharing_enabled":true,"jetpack_featured_media_url":"https:\/\/i0.wp.com\/guialimeira.com.br\/news\/wp-content\/uploads\/2025\/03\/dsc8071.jpg?fit=1600%2C800&ssl=1","_links":{"self":[{"href":"https:\/\/guialimeira.com.br\/news\/wp-json\/wp\/v2\/posts\/28384","targetHints":{"allow":["GET"]}}],"collection":[{"href":"https:\/\/guialimeira.com.br\/news\/wp-json\/wp\/v2\/posts"}],"about":[{"href":"https:\/\/guialimeira.com.br\/news\/wp-json\/wp\/v2\/types\/post"}],"author":[{"embeddable":true,"href":"https:\/\/guialimeira.com.br\/news\/wp-json\/wp\/v2\/users\/1"}],"replies":[{"embeddable":true,"href":"https:\/\/guialimeira.com.br\/news\/wp-json\/wp\/v2\/comments?post=28384"}],"version-history":[{"count":0,"href":"https:\/\/guialimeira.com.br\/news\/wp-json\/wp\/v2\/posts\/28384\/revisions"}],"wp:featuredmedia":[{"embeddable":true,"href":"https:\/\/guialimeira.com.br\/news\/wp-json\/wp\/v2\/media\/28385"}],"wp:attachment":[{"href":"https:\/\/guialimeira.com.br\/news\/wp-json\/wp\/v2\/media?parent=28384"}],"wp:term":[{"taxonomy":"category","embeddable":true,"href":"https:\/\/guialimeira.com.br\/news\/wp-json\/wp\/v2\/categories?post=28384"},{"taxonomy":"post_tag","embeddable":true,"href":"https:\/\/guialimeira.com.br\/news\/wp-json\/wp\/v2\/tags?post=28384"}],"curies":[{"name":"wp","href":"https:\/\/api.w.org\/{rel}","templated":true}]}}