{"id":28372,"date":"2025-03-27T16:43:27","date_gmt":"2025-03-27T19:43:27","guid":{"rendered":"https:\/\/guialimeira.com.br\/2025\/03\/27\/lula-visita-vietna-para-elevar-nivel-da-relacao-com-o-pais\/"},"modified":"2025-03-27T16:43:27","modified_gmt":"2025-03-27T19:43:27","slug":"lula-visita-vietna-para-elevar-nivel-da-relacao-com-o-pais","status":"publish","type":"post","link":"https:\/\/guialimeira.com.br\/news\/lula-visita-vietna-para-elevar-nivel-da-relacao-com-o-pais\/","title":{"rendered":"Lula visita Vietn\u00e3 para elevar n\u00edvel da rela\u00e7\u00e3o com o pa\u00eds"},"content":{"rendered":"<p> <br \/>\n<\/p>\n<div>\n<p><strong>O presidente Luiz In\u00e1cio Lula da Silva est\u00e1 em Han\u00f3i, capital do Vietn\u00e3, para a segunda parte de sua viagem \u00e0 \u00c1sia<\/strong>. O objetivo \u00e9 debater um plano de a\u00e7\u00e3o para elevar o relacionamento diplom\u00e1tico ao n\u00edvel de Parceria Estrat\u00e9gica Global, um tipo de rela\u00e7\u00e3o superior ao que os dois pa\u00edses mant\u00eam atualmente. Entre as na\u00e7\u00f5es do Sudeste asi\u00e1tico, apenas a Indon\u00e9sia \u00e9 um parceiro estrat\u00e9gico do Brasil.<img data-recalc-dims=\"1\" decoding=\"async\" src=\"https:\/\/i0.wp.com\/agenciabrasil.ebc.com.br\/ebc.png?w=696&#038;ssl=1\" style=\"width:1px; height:1px; display:inline;\"\/><img data-recalc-dims=\"1\" decoding=\"async\" src=\"https:\/\/i0.wp.com\/agenciabrasil.ebc.com.br\/ebc.gif?w=696&#038;ssl=1\" style=\"width:1px; height:1px; display:inline;\"\/><\/p>\n<p><strong>Amanh\u00e3 (28) &#8211; ainda noite desta quinta-feira (27) no Brasil &#8211; Lula ser\u00e1 recepcionado pelo presidente do pa\u00eds, Luong Cuong<\/strong>. Ao longo do dia, o presidente brasileiro ter\u00e1 outros encontros bilaterais, inclusive com o primeiro-ministro vietnamita, Pham Minh Chinh. A visita segue at\u00e9 s\u00e1bado (29).<\/p>\n<p>O Vietn\u00e3 se tornou o quinto maior consumidor dos produtos agropecu\u00e1rios brasileiros. Em 2024, Brasil e Vietn\u00e3 registraram um volume de com\u00e9rcio de US$ 7,7 bilh\u00f5es, com super\u00e1vit brasileiro de US$ 415 milh\u00f5es.<\/p>\n<p><strong>A meta, de acordo com o Minist\u00e9rio das Rela\u00e7\u00f5es Exteriores (MRE), \u00e9 chegar a US$ 15 bilh\u00f5es em volume comercializado em um contexto mais amplo de aproxima\u00e7\u00e3o do Brasil com na\u00e7\u00f5es do sudeste asi\u00e1tico.<\/strong><\/p>\n<p>Neste sentido, segundo o MRE, a eleva\u00e7\u00e3o das rela\u00e7\u00f5es diplom\u00e1ticas com o Vietn\u00e3 ao n\u00edvel de parceria estrat\u00e9gica possibilitar\u00e1 aprofundar o di\u00e1logo pol\u00edtico, refor\u00e7ar a coopera\u00e7\u00e3o econ\u00f4mica e intensificar o fluxo de com\u00e9rcio e os investimentos.<\/p>\n<p>Desde que Lula assumiu o terceiro mandato, este \u00e9 o terceiro encontro com o primeiro-ministro Pham Minh Chinh. Os dois se reuniram em setembro de 2023, em Bras\u00edlia, e em novembro de 2024, na c\u00fapula do G20, no Rio de Janeiro.<\/p>\n<h2>Jap\u00e3o<\/h2>\n<p>Antes do Vietn\u00e3, <a href=\"https:\/\/agenciabrasil.ebc.com.br\/internacional\/noticia\/2025-03\/japao-propoe-acoes-para-acelerar-abertura-comercial-carne-brasileira\" target=\"_blank\" rel=\"noopener\">Lula esteve no Jap\u00e3o para uma visita de Estado<\/a>. <a href=\"https:\/\/agenciabrasil.ebc.com.br\/internacional\/noticia\/2025-03\/lula-e-janja-sao-recebidos-por-casal-imperial-do-japao\" target=\"_blank\" rel=\"noopener\">Lula chegou a T\u00f3quio na segunda-feira (24)<\/a> e, na ter\u00e7a-feira (25) de manh\u00e3, participou da cerim\u00f4nia de boas-vindas com honras militares, no Pal\u00e1cio Imperial.<\/p>\n<p><a href=\"https:\/\/agenciabrasil.ebc.com.br\/politica\/noticia\/2025-03\/lula-quer-recuperar-us-6-bilhoes-do-comercio-com-o-japao\" target=\"_blank\" rel=\"noopener\">Ap\u00f3s reuni\u00e3o reservada com o casal imperial, o presidente se encontrou com empres\u00e1rios brasileiros<\/a> ligados \u00e0 Associa\u00e7\u00e3o Brasileira das Ind\u00fastrias Exportadoras de Carne (Abiec) para debater a abertura do mercado japon\u00eas ao setor.<\/p>\n<p><strong>Lula participou ainda de jantar oferecido a ele e \u00e0 primeira-dama Janja Lula da Silva pelo imperador do Jap\u00e3o, Naruhito, e a imperatriz Masako<\/strong>. <a href=\"https:\/\/agenciabrasil.ebc.com.br\/politica\/noticia\/2025-03\/lula-quer-recuperar-us-6-bilhoes-do-comercio-com-o-japao\" target=\"_blank\" rel=\"noopener\">Na ocasi\u00e3o, pediu o \u201cfirme engajamento\u201d do Jap\u00e3<\/a>o na <a href=\"http:\/\/Na ocasi\u00e3o, pediu o \u201cfirme engajamento\u201d do Jap\u00e3o [https:\/\/agenciabrasil.ebc.com.br\/politica\/noticia\/2025-03\/lula-pede-firme-engajamento-do-japao-na-cop30\" target=\"_blank\">Confer\u00eancia das Na\u00e7\u00f5es Unidas sobre as Mudan\u00e7as Clim\u00e1ticas de 2025 (COP30)<\/a>, que ser\u00e1 realizada em novembro, em Bel\u00e9m, no Par\u00e1.<\/p>\n<p>Na quarta-feira (26), o presidente teve o dia mais cheio da visita ao Jap\u00e3o. <a href=\"https:\/\/x.com\/LulaOficial\/status\/1904752905694872060\" target=\"_blank\">A agenda come\u00e7ou com representantes de sindicatos japoneses<\/a>. <a href=\"https:\/\/x.com\/LulaOficial\/status\/1904752905694872060\" target=\"_blank\">Em postagem nas redes sociais<\/a>, Lula afirmou que o objetivo foi falar de quest\u00f5es trabalhistas e de como melhorar a qualidade de vida dos trabalhadores no Brasil e no Jap\u00e3o.<\/p>\n<p><a href=\"https:\/\/agenciabrasil.ebc.com.br\/internacional\/noticia\/2025-03\/presidente-convoca-japao-investir-no-brasil-e-critica-protecionismo\" target=\"_blank\" rel=\"noopener\">O presidente tamb\u00e9m falou no F\u00f3rum Empresarial Brasil-Jap\u00e3o<\/a>. <a href=\"http:\/\/O presidente tamb\u00e9m falou no F\u00f3rum Empresarial Brasil-Jap\u00e3o\" target=\"_blank\">Pelo lado brasileiro, estiveram presentes empres\u00e1rios dos setores de alimentos, agroneg\u00f3cio, aeroespacial, bebidas, energia, log\u00edstica e siderurgia<\/a>. No evento, o presidente convocou os japoneses a investirem no Brasil e criticou o crescimento do negacionismo clim\u00e1tico e do protecionismo comercial. <a href=\"https:\/\/agenciabrasil.ebc.com.br\/economia\/noticia\/2025-03\/brasil-e-japao-fecham-acordo-para-venda-de-20-jatos-da-embraer\" target=\"_blank\" rel=\"noopener\">Foi anunciado acordo da Empresa Brasileira de Aeron\u00e1utica (Embraer) com a ANA, a maior companhia a\u00e9rea japonesa, para a compra de 20 jatos E-190.<\/a><\/p>\n<p><a href=\"https:\/\/agenciabrasil.ebc.com.br\/internacional\/noticia\/2025-03\/brasil-e-japao-firmam-acordos-e-plano-de-acao-para-ampliar-parceria\" target=\"_blank\" rel=\"noopener\">Ap\u00f3s outras reuni\u00f5es bilaterais<\/a>, <strong>Lula se encontrou com o primeiro-ministro do Jap\u00e3o, Shigeru Ishiba, no Pal\u00e1cio Akasaka<\/strong>, para firmar compromissos entre os dois pa\u00edses.<a href=\"https:\/\/agenciabrasil.ebc.com.br\/internacional\/noticia\/2025-03\/brasil-e-japao-firmam-acordos-e-plano-de-acao-para-ampliar-parceria\" target=\"_blank\" rel=\"noopener\"> Foram dez acordos de coopera\u00e7\u00e3o<\/a> em \u00e1reas como com\u00e9rcio, ind\u00fastria e meio ambiente, al\u00e9m de 80 instrumentos entre entidades subnacionais como empresas, bancos, universidades e institutos de pesquisas.<\/p>\n<div class=\"dnd-widget-wrapper context-cheio_8colunas type-image\">\n<div class=\"dnd-atom-rendered\"><!-- scald=418841:cheio_8colunas --><br \/>\n            <img data-recalc-dims=\"1\" decoding=\"async\" src=\"https:\/\/i0.wp.com\/imagens.ebc.com.br\/jO0ASvQjRYzIsRwBxglUL0erANo%3D\/754x0\/smart\/https%3A\/\/agenciabrasil.ebc.com.br\/sites\/default\/files\/thumbnails\/image\/2025\/03\/27\/54413578605_bc4eb40507_o.jpg?w=696&#038;ssl=1\" alt=\"Presidente da Rep\u00fablica, Luiz In\u00e1cio Lula da Silva, durante chegada a Han\u00f3i.&#13;&#10;Aeroporto Internacional de Noi Bai \u2013 Vietn\u00e3&#13;&#10;&#13;&#10;Foto: Ricardo Stuckert \/ PR\" title=\"Ricardo Stuckert \/ PR\"\/><br \/>\n        <img data-recalc-dims=\"1\" decoding=\"async\" src=\"https:\/\/i0.wp.com\/imagens.ebc.com.br\/jO0ASvQjRYzIsRwBxglUL0erANo%3D\/754x0\/smart\/https%3A\/\/agenciabrasil.ebc.com.br\/sites\/default\/files\/thumbnails\/image\/2025\/03\/27\/54413578605_bc4eb40507_o.jpg?w=696&#038;ssl=1\" alt=\"Presidente da Rep\u00fablica, Luiz In\u00e1cio Lula da Silva, durante chegada a Han\u00f3i.&#13;&#10;Aeroporto Internacional de Noi Bai \u2013 Vietn\u00e3&#13;&#10;&#13;&#10;Foto: Ricardo Stuckert \/ PR\" title=\"Ricardo Stuckert \/ PR\"\/><br \/>\n    <!-- END scald=418841 --><\/div>\n<div class=\"dnd-caption-wrapper\">\n<p><!--copyright=418841-->Lula \u00e9\u00a0 recepcionado no Aeroporto Internacional de Noi Bai, no Vietn\u00e3 &#8211; Foto &#8212; <strong>Ricardo Stuckert \/ PR<\/strong><!--END copyright=418841--><\/p>\n<\/div>\n<\/div>\n<p>Brasil e Jap\u00e3o tamb\u00e9m anunciaram um plano de a\u00e7\u00e3o para revitalizar a Parceria Estrat\u00e9gica Global estabelecida desde 2014. Na sequ\u00eancia, foi oferecido um jantar a Lula e comitiva.<\/p>\n<p><strong>A visita prosseguiu at\u00e9 esta quinta-feira (27), quando Lula concedeu entrevista a jornalistas e embarcou para Han\u00f3i<\/strong>. <a href=\"https:\/\/agenciabrasil.ebc.com.br\/internacional\/noticia\/2025-03\/nao-adianta-pedir-anistia-antes-do-julgamento-diz-lula-no-japao\" target=\"_blank\" rel=\"noopener\">Ele fez um balan\u00e7o da viagem at\u00e9 ali e falou sobre assuntos diversos, como a den\u00fancia contra o ex-presidente Jair Bolsonaro e aliados<\/a>, sobre a tentativa de golpe de Estado no pa\u00eds, e a<a href=\"https:\/\/agenciabrasil.ebc.com.br\/politica\/noticia\/2025-03\/sobretaxas-vao-prejudicar-os-proprios-estados-unidos-diz-lula\" target=\"_blank\" rel=\"noopener\"> taxa\u00e7\u00e3o de importa\u00e7\u00f5es pelos Estados Unidos<\/a>.<\/p>\n<p>      <!-- Relacionada --><\/p>\n<p>            <!-- Relacionada -->\n    <\/div>\n<p><br \/>\n<br \/><a href=\"https:\/\/agenciabrasil.ebc.com.br\/internacional\/noticia\/2025-03\/lula-visita-vietna-para-elevar-nivel-da-relacao-com-o-pais\" rel=\"noopener\">Ag\u00eancia Brasil <\/a><\/p>\n","protected":false},"excerpt":{"rendered":"<p>O presidente Luiz In\u00e1cio Lula da Silva est\u00e1 em Han\u00f3i, capital do Vietn\u00e3, para a segunda parte de sua viagem \u00e0 \u00c1sia. O objetivo \u00e9 debater um plano de a\u00e7\u00e3o para elevar o relacionamento diplom\u00e1tico ao n\u00edvel de Parceria Estrat\u00e9gica Global, um tipo de rela\u00e7\u00e3o superior ao que os dois pa\u00edses mant\u00eam atualmente. Entre as [&hellip;]<\/p>\n","protected":false},"author":1,"featured_media":28373,"comment_status":"open","ping_status":"open","sticky":false,"template":"","format":"standard","meta":{"_jetpack_newsletter_access":"","_jetpack_dont_email_post_to_subs":false,"_jetpack_newsletter_tier_id":0,"_jetpack_memberships_contains_paywalled_content":false,"_mbp_banners":[],"_jetpack_feature_clip_id":0,"_jetpack_memberships_contains_paid_content":false,"footnotes":"","jetpack_publicize_message":"","jetpack_publicize_feature_enabled":true,"jetpack_social_post_already_shared":true,"jetpack_social_options":{"image_generator_settings":{"template":"highway","default_image_id":0,"font":"","enabled":false},"version":2},"jetpack_post_was_ever_published":false},"categories":[25],"tags":[],"class_list":["post-28372","post","type-post","status-publish","format-standard","has-post-thumbnail","category-internacional"],"jetpack_publicize_connections":[],"jetpack-related-posts":[],"jetpack_shortlink":"https:\/\/wp.me\/p7Eq1F-7nC","jetpack_sharing_enabled":true,"jetpack_featured_media_url":"https:\/\/i0.wp.com\/guialimeira.com.br\/news\/wp-content\/uploads\/2025\/03\/54412346502_4b2bf5d224_o.jpg?fit=1600%2C800&ssl=1","_links":{"self":[{"href":"https:\/\/guialimeira.com.br\/news\/wp-json\/wp\/v2\/posts\/28372","targetHints":{"allow":["GET"]}}],"collection":[{"href":"https:\/\/guialimeira.com.br\/news\/wp-json\/wp\/v2\/posts"}],"about":[{"href":"https:\/\/guialimeira.com.br\/news\/wp-json\/wp\/v2\/types\/post"}],"author":[{"embeddable":true,"href":"https:\/\/guialimeira.com.br\/news\/wp-json\/wp\/v2\/users\/1"}],"replies":[{"embeddable":true,"href":"https:\/\/guialimeira.com.br\/news\/wp-json\/wp\/v2\/comments?post=28372"}],"version-history":[{"count":0,"href":"https:\/\/guialimeira.com.br\/news\/wp-json\/wp\/v2\/posts\/28372\/revisions"}],"wp:featuredmedia":[{"embeddable":true,"href":"https:\/\/guialimeira.com.br\/news\/wp-json\/wp\/v2\/media\/28373"}],"wp:attachment":[{"href":"https:\/\/guialimeira.com.br\/news\/wp-json\/wp\/v2\/media?parent=28372"}],"wp:term":[{"taxonomy":"category","embeddable":true,"href":"https:\/\/guialimeira.com.br\/news\/wp-json\/wp\/v2\/categories?post=28372"},{"taxonomy":"post_tag","embeddable":true,"href":"https:\/\/guialimeira.com.br\/news\/wp-json\/wp\/v2\/tags?post=28372"}],"curies":[{"name":"wp","href":"https:\/\/api.w.org\/{rel}","templated":true}]}}