{"id":28351,"date":"2025-03-27T14:46:45","date_gmt":"2025-03-27T17:46:45","guid":{"rendered":"https:\/\/guialimeira.com.br\/?p=28351"},"modified":"2025-03-27T14:46:45","modified_gmt":"2025-03-27T17:46:45","slug":"comissao-de-esporte-se-reune-com-secretaria-de-administracao-da-prefeitura","status":"publish","type":"post","link":"https:\/\/guialimeira.com.br\/news\/comissao-de-esporte-se-reune-com-secretaria-de-administracao-da-prefeitura\/","title":{"rendered":"Comiss\u00e3o de Esporte se re\u00fane com secret\u00e1ria de Administra\u00e7\u00e3o da Prefeitura"},"content":{"rendered":"\n<figure class=\"wp-block-gallery has-nested-images columns-default is-cropped wp-block-gallery-1 is-layout-flex wp-block-gallery-is-layout-flex\"><\/figure>\n \r\n<br><img data-recalc-dims=\"1\" decoding=\"async\" src=\"https:\/\/i0.wp.com\/guialimeira.com.br\/wp-content\/uploads\/2025\/03\/2025-03-27_comissao-de-esporte-se-reune-com-secretaria-de-administracao-da-prefeitura_1.jpg?w=696&#038;ssl=1\" \/><br><div>\n\t\t\t\t\t<p>Visando obter informa\u00e7\u00f5es sobre a possibilidade de contrata\u00e7\u00e3o de coordenadores para os centros comunit\u00e1rios do munic\u00edpio, a Comiss\u00e3o de Esporte, Cultura e Lazer da C\u00e2mara recebeu a secret\u00e1ria de Administra\u00e7\u00e3o da Prefeitura, Claudete Flor\u00eancio, e a chefe de relacionamento com o Legislativo, Naiara Bigotto, na reuni\u00e3o desta quinta-feira, 27 de mar\u00e7o.<\/p><p>O colegiado busca solu\u00e7\u00f5es para melhorar o atendimento dos centros comunit\u00e1rios da cidade,\u00a0principalmente na quest\u00e3o da falta de seguran\u00e7a. Na reuni\u00e3o do <a href=\"https:\/\/www.limeira.sp.leg.br\/noticias\/view\/2025-03-13_centros-comunitarios-comissao-de-esportes-debate-funcionamento-em-reuniao-intersetorial\" rel=\"noopener\">dia 13 de mar\u00e7o<\/a>, a falta de um profissional para cuidar especificamente da coordena\u00e7\u00e3o dos centros comunit\u00e1rios foi apontada como uma dificuldade, uma vez que este poderia fazer a ponte entre as secretarias que utilizam o espa\u00e7o e seria pe\u00e7a fundamental para contactar a Guarda Civil Municipal, ou mesmo a Pol\u00edcia Militar em caso de invas\u00f5es ou furtos.\u00a0<\/p><p>Os vereadores esclareceram que, entre centros comunit\u00e1rios e pra\u00e7as esportivas Limeira possui cerca de 25 equipamentos p\u00fablicos, e que nem todos precisam de um coordenador, segundo eles, um funcion\u00e1rio poderia ser respons\u00e1vel por mais de um local. Eles destacaram que o importante seria ter um profissional que concentrasse todas as demandas do espa\u00e7o, como a zeladoria, o servi\u00e7os social, as atividades do esporte e a seguran\u00e7a, de forma que estas cheguem \u00e0s pastas respons\u00e1veis e possam ser solucionadas.<\/p><p>Claudete relatou que a Secretaria de Administra\u00e7\u00e3o est\u00e1 no processo de elabora\u00e7\u00e3o da reestrutura\u00e7\u00e3o administrativa, e que a possibilidade de um coordenador dos centros comunit\u00e1rios foi abordada, mas que ainda seria necess\u00e1rio estudos para verificar de que forma o cargo faria parte do organograma, bem como avaliar a legalidade deste junto ao Minist\u00e9rio P\u00fablico e ao Tribunal de Contas.<\/p><p>A secret\u00e1ria falou ao colegiado sobre o processo de montagem da reforma administrativa, no qual cada secret\u00e1rio se reuniu com a Administra\u00e7\u00e3o para desenhar as necessidades da pasta, tudo dentro das limita\u00e7\u00f5es or\u00e7ament\u00e1rias, e disse que falar\u00e1 com as secretarias de Esporte e Seguran\u00e7a e com o Centro de Promo\u00e7\u00e3o Social (Ceprosom) para avaliar de que forma \u00e9 poss\u00edvel desenhar o cargo de respons\u00e1vel pelos centros comunit\u00e1rios, quantos seriam necess\u00e1rios e a qual pasta estar\u00e3o subordinados.<\/p><p>Outra sugest\u00e3o dos vereadores foi a possibilidade de alguns dos centros comunit\u00e1rios ou pra\u00e7as de esporte terem um caseiro, que ficaria respons\u00e1vel n\u00e3o s\u00f3 pela abertura do espa\u00e7o, como tamb\u00e9m pela seguran\u00e7a. A secret\u00e1ria disse que \u00e9 uma hip\u00f3tese legal, por meio de concess\u00e3o, mas que \u00e9 preciso atender a diversos requisitos. Claudete se comprometeu a levantar os dados e verificar qual a melhor forma poss\u00edvel de encaixar o cargo de coordenador na reforma administrativa e trazer com mais detalhes informa\u00e7\u00f5es sobre os requisitos para a concess\u00e3o do espa\u00e7o para moradia de um caseiro.\u00a0<\/p><p>A Comiss\u00e3o agradeceu a disponibilidade das representantes e parabenizou pelo trabalho realizado na Secretaria de Administra\u00e7\u00e3o.\u00a0<\/p><p><strong>Chamamento p\u00fablico<\/strong><\/p><p>Ap\u00f3s dilig\u00eancia realizada em dois centros comunit\u00e1rios nesta <a href=\"https:\/\/www.limeira.sp.leg.br\/noticias\/view\/2025-03-25_comissao-fiscaliza-projetos-esportivos-de-chamamento-publico\" rel=\"noopener\">ter\u00e7a-feira, 25 de mar\u00e7o<\/a>, para fiscalizar como \u00e9 executada a pol\u00edtica de fomento ao esporte por meio de chamamentos p\u00fablicos no munic\u00edpio, os vereadores deliberaram convidar o secret\u00e1rio Municipal de Esporte, Jo\u00e3o Gomes Junior, o diretor administrativo, J\u00falio Cesar Florindo, e a chefe de Servi\u00e7os de Esporte e Lazer, Soraia Caran da Silva,\u00a0 para a reuni\u00e3o do dia 10 de abril.<\/p><p><strong>A Comiss\u00e3o<\/strong><\/p><p>Fazem parte da Comiss\u00e3o de Esporte, Cultura e Turismo: Guilherme Guido (PL), presidente; Costa Junior (Podemos), vice-presidente; e Waguinho da Santa Luzia (PP), secret\u00e1rio. Todas as delibera\u00e7\u00f5es foram registradas em <a href=\"https:\/\/consulta.limeira.sp.leg.br\/arquivo?Id=486962\" rel=\"noopener\">ata<\/a>.<\/p><p>\u00c9 de compet\u00eancia deste colegiado opinar sobre proposi\u00e7\u00f5es, promover debates, semin\u00e1rios e a\u00e7\u00f5es educativas que visem a identificar problemas e propor solu\u00e7\u00f5es para o fortalecimento e a melhoria das pol\u00edticas p\u00fablicas locais nas \u00e1reas de esporte, lazer, cultura e turismo, al\u00e9m de fiscalizar, acompanhar e avaliar a efetividade de programas governamentais, estudar e propor pol\u00edticas p\u00fablicas aptas a proporcionar melhoria de qualidade de vida aos mun\u00edcipes e bem-estar nessas \u00e1reas.<\/p>\t\t\t\t<\/div>\r\n<br>\r\n<br><a href=\"https:\/\/www.limeira.sp.leg.br\/noticias\/view\/2025-03-27_comissao-de-esporte-se-reune-com-secretaria-de-administracao-da-prefeitura\" rel=\"noopener\">Informa\u00e7\u00f5es CML <\/a>","protected":false},"excerpt":{"rendered":"<p>Visando obter informa\u00e7\u00f5es sobre a possibilidade de contrata\u00e7\u00e3o de coordenadores para os centros comunit\u00e1rios do munic\u00edpio, a Comiss\u00e3o de Esporte, Cultura e Lazer da C\u00e2mara recebeu a secret\u00e1ria de Administra\u00e7\u00e3o da Prefeitura, Claudete Flor\u00eancio, e a chefe de relacionamento com o Legislativo, Naiara Bigotto, na reuni\u00e3o desta quinta-feira, 27 de mar\u00e7o. O colegiado busca solu\u00e7\u00f5es [&hellip;]<\/p>\n","protected":false},"author":1,"featured_media":28352,"comment_status":"open","ping_status":"open","sticky":false,"template":"","format":"standard","meta":{"_jetpack_newsletter_access":"","_jetpack_dont_email_post_to_subs":false,"_jetpack_newsletter_tier_id":0,"_jetpack_memberships_contains_paywalled_content":false,"_mbp_banners":[],"_jetpack_feature_clip_id":0,"_jetpack_memberships_contains_paid_content":false,"footnotes":"","jetpack_publicize_message":"","jetpack_publicize_feature_enabled":true,"jetpack_social_post_already_shared":true,"jetpack_social_options":{"image_generator_settings":{"template":"highway","default_image_id":0,"font":"","enabled":false},"version":2},"jetpack_post_was_ever_published":false},"categories":[19],"tags":[],"class_list":["post-28351","post","type-post","status-publish","format-standard","has-post-thumbnail","category-politica"],"jetpack_publicize_connections":[],"jetpack-related-posts":[],"jetpack_shortlink":"https:\/\/wp.me\/p7Eq1F-7nh","jetpack_sharing_enabled":true,"jetpack_featured_media_url":"https:\/\/i0.wp.com\/guialimeira.com.br\/news\/wp-content\/uploads\/2025\/03\/Comissao-de-Esporte-se-reune-com-secretaria-de-Administracao-da.jpg?fit=1280%2C640&ssl=1","_links":{"self":[{"href":"https:\/\/guialimeira.com.br\/news\/wp-json\/wp\/v2\/posts\/28351","targetHints":{"allow":["GET"]}}],"collection":[{"href":"https:\/\/guialimeira.com.br\/news\/wp-json\/wp\/v2\/posts"}],"about":[{"href":"https:\/\/guialimeira.com.br\/news\/wp-json\/wp\/v2\/types\/post"}],"author":[{"embeddable":true,"href":"https:\/\/guialimeira.com.br\/news\/wp-json\/wp\/v2\/users\/1"}],"replies":[{"embeddable":true,"href":"https:\/\/guialimeira.com.br\/news\/wp-json\/wp\/v2\/comments?post=28351"}],"version-history":[{"count":1,"href":"https:\/\/guialimeira.com.br\/news\/wp-json\/wp\/v2\/posts\/28351\/revisions"}],"predecessor-version":[{"id":28353,"href":"https:\/\/guialimeira.com.br\/news\/wp-json\/wp\/v2\/posts\/28351\/revisions\/28353"}],"wp:featuredmedia":[{"embeddable":true,"href":"https:\/\/guialimeira.com.br\/news\/wp-json\/wp\/v2\/media\/28352"}],"wp:attachment":[{"href":"https:\/\/guialimeira.com.br\/news\/wp-json\/wp\/v2\/media?parent=28351"}],"wp:term":[{"taxonomy":"category","embeddable":true,"href":"https:\/\/guialimeira.com.br\/news\/wp-json\/wp\/v2\/categories?post=28351"},{"taxonomy":"post_tag","embeddable":true,"href":"https:\/\/guialimeira.com.br\/news\/wp-json\/wp\/v2\/tags?post=28351"}],"curies":[{"name":"wp","href":"https:\/\/api.w.org\/{rel}","templated":true}]}}