{"id":28340,"date":"2025-03-27T13:45:31","date_gmt":"2025-03-27T16:45:31","guid":{"rendered":"https:\/\/guialimeira.com.br\/?p=28340"},"modified":"2025-03-27T13:45:31","modified_gmt":"2025-03-27T16:45:31","slug":"2o-forum-mulheres-na-politica-e-a-violencia-politica-de-genero-acontece-nesta-sexta-feira","status":"publish","type":"post","link":"https:\/\/guialimeira.com.br\/news\/2o-forum-mulheres-na-politica-e-a-violencia-politica-de-genero-acontece-nesta-sexta-feira\/","title":{"rendered":"2\u00ba F\u00f3rum Mulheres na Pol\u00edtica e a Viol\u00eancia Pol\u00edtica de G\u00eanero acontece nesta sexta-feira"},"content":{"rendered":"\n<figure class=\"wp-block-gallery has-nested-images columns-default is-cropped wp-block-gallery-1 is-layout-flex wp-block-gallery-is-layout-flex\"><\/figure>\n \r\n<br><img data-recalc-dims=\"1\" decoding=\"async\" src=\"https:\/\/i0.wp.com\/guialimeira.com.br\/wp-content\/uploads\/2025\/03\/2025-03-27_2-forum-mulheres-na-politica-e-a-violencia-politica-de-genero-acontece-nesta-sextafeira_1.png?w=696&#038;ssl=1\" \/><br><div>\n\t\t\t\t\t<p>A vereadora Mariana Calsa (MDB) realiza, nesta sexta-feira, 28 de mar\u00e7o, no Teatro Nair Bello, o 2\u00ba F\u00f3rum Mulheres na Pol\u00edtica e a Viol\u00eancia Pol\u00edtica de G\u00eanero. A iniciativa, promovida no m\u00eas dedicado \u00e0s mulheres, conta com o apoio da escola de forma\u00e7\u00e3o pol\u00edtica RenovaBR, do Grupo Mulheres do Brasil, e ter\u00e1 a participa\u00e7\u00e3o de painelistas de destaque nacional.<\/p><p>Mariana explica que o evento \u00e9 voltado para mulheres que ocupam atualmente cargos p\u00fablicos, assessorias e pessoas interessadas no tema. De acordo com a vereadora, o f\u00f3rum ir\u00e1 promover o debate sobre a import\u00e2ncia da participa\u00e7\u00e3o pol\u00edtica das mulheres, dar visibilidade ao combate \u00e0 viol\u00eancia pol\u00edtica de g\u00eanero e discutir as dificuldades de inser\u00e7\u00e3o e da perman\u00eancia das mulheres nos espa\u00e7os de tomada de decis\u00e3o.<\/p><p>&#8220;\u00c9 fundamental que discutamos esses temas. A representatividade da mulher na pol\u00edtica ainda \u00e9 muito escassa e, quando ocorre, enfrenta diversas dificuldades&#8221;, pontuou Mariana.<\/p><p>Nesta edi\u00e7\u00e3o, o f\u00f3rum ter\u00e1 a participa\u00e7\u00e3o de Tabata Amaral (deputada federal por S\u00e3o Paulo), Renata dos Santos (secret\u00e1ria de Estado da Fazenda de Alagoas), Marina Bragante (vereadora de S\u00e3o Paulo), Mafoane Odara (executiva de Pessoas, Cultura e Transforma\u00e7\u00e3o), Joyce Trindade (secret\u00e1ria das Mulheres do munic\u00edpio do Rio de Janeiro), Michelle Melo (deputada estadual do Acre) e Bruna Barros (diretora executiva do RenovaBR).<\/p><p>\u201cEssa \u00e9 uma baita oportunidade para a gente falar das nossas conquistas e avan\u00e7os, mas tamb\u00e9m dos desafios e lutas que ainda se fazem necess\u00e1rios no dia a dia\u201c, refor\u00e7ou a deputada Tabata Amaral.\u00a0<\/p><p>O evento \u00e9 gratuito e, para participar, basta se inscrever no Sympla por meio deste <a href=\"https:\/\/www.sympla.com.br\/evento\/2-forum-mulheres-na-politica-e-a-violencia-politica-de-genero\/2849388?_gl=1*51hsrx*_gcl_au*NDU1MDQ1ODcwLjE3NDA0OTU2MzY.*_ga*MTY2MTc2NzM3Ni4xNzQwNDk1NjM3*_ga_KXH10SQTZF*MTc0MDQ5NTYzNi4xLjEuMTc0MDQ5Njk5My41Mi4wLjE0ODU1NDQ2OA..&amp;referrer=www.google.com\" rel=\"noopener\">link<\/a>.<\/p><p><i>Do Gabinete Parlamentar \u2013 Vereadora Mariana Calsa (MDB)<\/i><\/p><p><strong>As mat\u00e9rias de origem dos Gabinetes Parlamentares s\u00e3o de inteira responsabilidade dos parlamentares e de suas assessorias. S\u00e3o devidamente assinadas e n\u00e3o refletem, necessariamente, a opini\u00e3o institucional da C\u00e2mara Municipal de Limeira.<\/strong><\/p>\t\t\t\t<\/div>\r\n<br>\r\n<br><a href=\"https:\/\/www.limeira.sp.leg.br\/noticias\/view\/2025-03-27_2-forum-mulheres-na-politica-e-a-violencia-politica-de-genero-acontece-nesta-sextafeira\" rel=\"noopener\">Informa\u00e7\u00f5es CML <\/a>","protected":false},"excerpt":{"rendered":"<p>A vereadora Mariana Calsa (MDB) realiza, nesta sexta-feira, 28 de mar\u00e7o, no Teatro Nair Bello, o 2\u00ba F\u00f3rum Mulheres na Pol\u00edtica e a Viol\u00eancia Pol\u00edtica de G\u00eanero. A iniciativa, promovida no m\u00eas dedicado \u00e0s mulheres, conta com o apoio da escola de forma\u00e7\u00e3o pol\u00edtica RenovaBR, do Grupo Mulheres do Brasil, e ter\u00e1 a participa\u00e7\u00e3o de [&hellip;]<\/p>\n","protected":false},"author":1,"featured_media":28341,"comment_status":"open","ping_status":"open","sticky":false,"template":"","format":"standard","meta":{"_jetpack_newsletter_access":"","_jetpack_dont_email_post_to_subs":false,"_jetpack_newsletter_tier_id":0,"_jetpack_memberships_contains_paywalled_content":false,"_mbp_banners":[],"_jetpack_feature_clip_id":0,"_jetpack_memberships_contains_paid_content":false,"footnotes":"","jetpack_publicize_message":"","jetpack_publicize_feature_enabled":true,"jetpack_social_post_already_shared":true,"jetpack_social_options":{"image_generator_settings":{"template":"highway","default_image_id":0,"font":"","enabled":false},"version":2},"jetpack_post_was_ever_published":false},"categories":[19],"tags":[],"class_list":["post-28340","post","type-post","status-publish","format-standard","has-post-thumbnail","category-politica"],"jetpack_publicize_connections":[],"jetpack-related-posts":[],"jetpack_shortlink":"https:\/\/wp.me\/p7Eq1F-7n6","jetpack_sharing_enabled":true,"jetpack_featured_media_url":"https:\/\/i0.wp.com\/guialimeira.com.br\/news\/wp-content\/uploads\/2025\/03\/2o-Forum-Mulheres-na-Politica-e-a-Violencia-Politica-de.png?fit=1280%2C640&ssl=1","_links":{"self":[{"href":"https:\/\/guialimeira.com.br\/news\/wp-json\/wp\/v2\/posts\/28340","targetHints":{"allow":["GET"]}}],"collection":[{"href":"https:\/\/guialimeira.com.br\/news\/wp-json\/wp\/v2\/posts"}],"about":[{"href":"https:\/\/guialimeira.com.br\/news\/wp-json\/wp\/v2\/types\/post"}],"author":[{"embeddable":true,"href":"https:\/\/guialimeira.com.br\/news\/wp-json\/wp\/v2\/users\/1"}],"replies":[{"embeddable":true,"href":"https:\/\/guialimeira.com.br\/news\/wp-json\/wp\/v2\/comments?post=28340"}],"version-history":[{"count":1,"href":"https:\/\/guialimeira.com.br\/news\/wp-json\/wp\/v2\/posts\/28340\/revisions"}],"predecessor-version":[{"id":28342,"href":"https:\/\/guialimeira.com.br\/news\/wp-json\/wp\/v2\/posts\/28340\/revisions\/28342"}],"wp:featuredmedia":[{"embeddable":true,"href":"https:\/\/guialimeira.com.br\/news\/wp-json\/wp\/v2\/media\/28341"}],"wp:attachment":[{"href":"https:\/\/guialimeira.com.br\/news\/wp-json\/wp\/v2\/media?parent=28340"}],"wp:term":[{"taxonomy":"category","embeddable":true,"href":"https:\/\/guialimeira.com.br\/news\/wp-json\/wp\/v2\/categories?post=28340"},{"taxonomy":"post_tag","embeddable":true,"href":"https:\/\/guialimeira.com.br\/news\/wp-json\/wp\/v2\/tags?post=28340"}],"curies":[{"name":"wp","href":"https:\/\/api.w.org\/{rel}","templated":true}]}}