{"id":28333,"date":"2025-03-27T13:35:33","date_gmt":"2025-03-27T16:35:33","guid":{"rendered":"https:\/\/guialimeira.com.br\/?p=28333"},"modified":"2025-03-27T13:35:33","modified_gmt":"2025-03-27T16:35:33","slug":"brasil-chegou-perto-de-voltar-a-ditadura-diz-new-york-times","status":"publish","type":"post","link":"https:\/\/guialimeira.com.br\/news\/brasil-chegou-perto-de-voltar-a-ditadura-diz-new-york-times\/","title":{"rendered":"Brasil chegou perto de voltar \u00e0 ditadura, diz New York Times"},"content":{"rendered":"\n<figure class=\"wp-block-gallery has-nested-images columns-default is-cropped wp-block-gallery-1 is-layout-flex wp-block-gallery-is-layout-flex\">\n<figure class=\"wp-block-image size-large\"><\/figure>\n\t\t\t\t\t\n<figure class=\"wp-block-image size-large\"><img loading=\"lazy\" decoding=\"async\" width=\"1\" height=\"1\" data-attachment-id=\"28331\" data-permalink=\"https:\/\/guialimeira.com.br\/news\/brasil-chegou-perto-de-voltar-a-ditadura-diz-new-york-2\/\" data-orig-file=\"https:\/\/i0.wp.com\/guialimeira.com.br\/news\/wp-content\/uploads\/2025\/03\/1743093329_10_ebc.gif?fit=1%2C1&amp;ssl=1\" data-orig-size=\"1,1\" data-comments-opened=\"1\" data-image-meta=\"{&quot;aperture&quot;:&quot;0&quot;,&quot;credit&quot;:&quot;&quot;,&quot;camera&quot;:&quot;&quot;,&quot;caption&quot;:&quot;&quot;,&quot;created_timestamp&quot;:&quot;0&quot;,&quot;copyright&quot;:&quot;&quot;,&quot;focal_length&quot;:&quot;0&quot;,&quot;iso&quot;:&quot;0&quot;,&quot;shutter_speed&quot;:&quot;0&quot;,&quot;title&quot;:&quot;&quot;,&quot;orientation&quot;:&quot;0&quot;}\" data-image-title=\"Brasil chegou perto de voltar \u00e0 ditadura, diz New York\" data-image-description=\"\" data-image-caption=\"\" data-large-file=\"https:\/\/i0.wp.com\/guialimeira.com.br\/news\/wp-content\/uploads\/2025\/03\/1743093329_10_ebc.gif?fit=1%2C1&amp;ssl=1\" data-id=\"28331\" src=\"https:\/\/i0.wp.com\/guialimeira.com.br\/wp-content\/uploads\/2025\/03\/1743093329_10_ebc.gif?resize=1%2C1&amp;ssl=1\" alt=\"\" class=\"wp-image-28331\" \/><\/figure>\n\t\t\t\t\t\n<figure class=\"wp-block-image size-large\"><img loading=\"lazy\" decoding=\"async\" width=\"754\" height=\"503\" data-attachment-id=\"28332\" data-permalink=\"https:\/\/guialimeira.com.br\/news\/brasil-chegou-perto-de-voltar-a-ditadura-diz-new-york-3\/\" data-orig-file=\"https:\/\/i0.wp.com\/guialimeira.com.br\/news\/wp-content\/uploads\/2025\/03\/1743093329_260_9.jpg?fit=754%2C503&amp;ssl=1\" data-orig-size=\"754,503\" data-comments-opened=\"1\" data-image-meta=\"{&quot;aperture&quot;:&quot;0&quot;,&quot;credit&quot;:&quot;&quot;,&quot;camera&quot;:&quot;&quot;,&quot;caption&quot;:&quot;&quot;,&quot;created_timestamp&quot;:&quot;0&quot;,&quot;copyright&quot;:&quot;&quot;,&quot;focal_length&quot;:&quot;0&quot;,&quot;iso&quot;:&quot;0&quot;,&quot;shutter_speed&quot;:&quot;0&quot;,&quot;title&quot;:&quot;&quot;,&quot;orientation&quot;:&quot;0&quot;}\" data-image-title=\"Brasil chegou perto de voltar \u00e0 ditadura, diz New York\" data-image-description=\"\" data-image-caption=\"\" data-large-file=\"https:\/\/i0.wp.com\/guialimeira.com.br\/news\/wp-content\/uploads\/2025\/03\/1743093329_260_9.jpg?fit=696%2C464&amp;ssl=1\" data-id=\"28332\" src=\"https:\/\/i0.wp.com\/guialimeira.com.br\/wp-content\/uploads\/2025\/03\/1743093329_260_9.jpg?resize=150%2C150&amp;ssl=1\" alt=\"\" class=\"wp-image-28332\" \/><\/figure>\n\t\t\t\t\t<\/figure>\n \r\n<br><div>\n                    <p><strong>Os jornais mais influentes do mundo repercutiram o julgamento que tornou o ex-presidente Jair Bolsonaro r\u00e9u por tentativa de golpe de Estado e v\u00e1rias publica\u00e7\u00f5es relembraram o passado ditatorial do Brasil.<\/strong><img data-recalc-dims=\"1\" decoding=\"async\" src=\"https:\/\/i0.wp.com\/guialimeira.com.br\/wp-content\/uploads\/2025\/03\/1743093329_845_ebc.png?w=696&#038;ssl=1\" style=\"width:1px;height:1px\" \/><img data-recalc-dims=\"1\" decoding=\"async\" src=\"https:\/\/i0.wp.com\/guialimeira.com.br\/wp-content\/uploads\/2025\/03\/1743093329_10_ebc.gif?w=696&#038;ssl=1\" style=\"width:1px;height:1px\" \/><\/p>\n\n<p>O <em>New York Times (NYT)<\/em>, dos Estados Unidos (EUA), disse que a investiga\u00e7\u00e3o revelou que o Brasil chegou perto de voltar \u00e0 ditadura e o franc\u00eas <em>Le Figaro<\/em> destacou que a decis\u00e3o \u00e9 hist\u00f3rica para um pa\u00eds ainda \u201cassombrado pela mem\u00f3ria da ditadura militar (1964-1985)\u201d. \u00a0<\/p>\n\n<blockquote>\n<p>O <a href=\"https:\/\/www.nytimes.com\/2025\/03\/26\/world\/americas\/brazil-bolsonaro-trial-coup-2022-elections.html\" target=\"_blank\" rel=\"noopener\">NYT<\/a> escreveu que \u201ca investiga\u00e7\u00e3o revelou o qu\u00e3o perto o Brasil chegou de retornar a uma ditadura militar quase quatro d\u00e9cadas depois de sua hist\u00f3ria como uma democracia moderna\u201d e que \u201cBolsonaro tamb\u00e9m parece estar apostando no apoio do Sr. Trump\u201d.<\/p>\n<\/blockquote>\n\n<p>J\u00e1 o jornal ligado ao mercado financeiro de Wall Street, o <a href=\"https:\/\/www.wsj.com\/world\/americas\/brazil-jair-bolsonaro-coup-trial-39a1952e\" target=\"_blank\" rel=\"noopener\"><em>The Wall Street Journal<\/em><\/a>, destacou que o julgamento desferiu \u201cum golpe em um dos aliados mais pr\u00f3ximos do presidente Trump na Am\u00e9rica Latina\u201d\u00a0<\/p>\n\n<p><strong>O <em>The Washington Post<\/em>, principal jornal da capital dos EUA, destacou que a acusa\u00e7\u00e3o afirma que os investigados \u201cbuscavam manter Bolsonaro no poder \u2018a todo custo\u2019, em um esquema de v\u00e1rias etapas que se acelerou depois que o pol\u00edtico de extrema direita perdeu para o atual presidente\u201d.<\/strong><\/p>\n\n<p>O jornal de Washington lembrou ainda que Bolsonaro era conhecido por \u201cexpressar nostalgia pela ditadura passada do pa\u00eds, desafiou abertamente o sistema judicial do Brasil durante seu mandato de 2019-2022\u201d.\u00a0<\/p>\n\n<p>Al\u00e9m disso, a publica\u00e7\u00e3o citou que Bolsonaro tem apelado \u00e0 mobiliza\u00e7\u00e3o de apoiadores e ao projeto de lei da anistia no Congresso Nacional para tentar escapar da condena\u00e7\u00e3o.<\/p>\n\n<p><strong><a href=\"https:\/\/agenciabrasil.ebc.com.br\/justica\/noticia\/2025-03\/confira-acusacoes-que-levaram-o-supremo-tornar-bolsonaro-reu\" target=\"_blank\" rel=\"noopener\">&gt;&gt; Confira as acusa\u00e7\u00f5es que levaram o Supremo a tornar Bolsonaro r\u00e9u<\/a><\/strong><\/p>\n\n<h2>Am\u00e9rica Latina<br \/>\u00a0<\/h2>\n\n<div class=\"dnd-widget-wrapper context-cheio_8colunas type-image\"><div class=\"dnd-atom-rendered\"><!-- scald=418660:cheio_8colunas -->\n            <img data-recalc-dims=\"1\" decoding=\"async\" src=\"https:\/\/i0.wp.com\/guialimeira.com.br\/wp-content\/uploads\/2025\/03\/1743093329_260_9.jpg?w=696&#038;ssl=1\" alt=\"Bras\u00edlia (DF) 26\/03\/2025 - O Supremo Tribunal Federal (STF) come\u00e7a a julgar, o ex-presidente Jair Bolsonaro e mais sete denunciados pela trama golpista v\u00e3o se tornar r\u00e9us na a\u00e7\u00e3o.&#013;&#010;O caso ser\u00e1 julgado pela Primeira Turma da Corte, colegiado formado por cinco dos 11 ministros que comp\u00f5em o tribunal. &#013;&#010;Foto: Antonio Augusto\/STF\" title=\"Antonio Augusto\/STF\" \/>\n        <img data-recalc-dims=\"1\" decoding=\"async\" src=\"https:\/\/i0.wp.com\/guialimeira.com.br\/wp-content\/uploads\/2025\/03\/1743093329_260_9.jpg?w=696&#038;ssl=1\" alt=\"Bras\u00edlia (DF) 26\/03\/2025 - O Supremo Tribunal Federal (STF) come\u00e7a a julgar, o ex-presidente Jair Bolsonaro e mais sete denunciados pela trama golpista v\u00e3o se tornar r\u00e9us na a\u00e7\u00e3o.&#013;&#010;O caso ser\u00e1 julgado pela Primeira Turma da Corte, colegiado formado por cinco dos 11 ministros que comp\u00f5em o tribunal. &#013;&#010;Foto: Antonio Augusto\/STF\" title=\"Antonio Augusto\/STF\" \/>\n    <!-- END scald=418660 --><\/div><p>\n<h6 class=\"meta\">O Supremo Tribunal Federal (STF) tornou r\u00e9us o ex-presidente Jair Bolsonaro e mais sete denunciados pela trama golpista. <strong>Foto:\u00a0Antonio Augusto\/STF<\/strong><!--END copyright=418660--><\/h6>\n<\/p><\/div>\n\n<p><strong>O jornal argentino <a href=\"https:\/\/www.clarin.com\/mundo\/brasil-corte-suprema-vota-favor-llevar-juicio-bolsonaro-inento-golpe-estado_0_uulwWlyGh8.html\" target=\"_blank\" rel=\"noopener\"><em>Clar\u00edn<\/em><\/a> tamb\u00e9m deu destaque ao julgamento que tornou Bolsonaro r\u00e9u nessa quarta-feira (26)<\/strong>.<\/p>\n\n<blockquote>\n<p>\u201cO juiz Alexandre de Moraes, respons\u00e1vel pelo caso do Supremo Tribunal Federal contra Bolsonaro e inimigo declarado do ex-presidente, foi o primeiro a votar a favor da abertura de um processo criminal, e um segundo juiz acompanhou seu voto\u201d, disse o <em>Clar\u00edn<\/em>.<\/p>\n<\/blockquote>\n\n<p>O mexicano <em>El Universal <\/em>fez uma reportagem para repercutir a fala do presidente Luiz In\u00e1cio Lula da Silva sobre o julgamento, destacando ainda os argumentos de Moraes e do Bolsonaro sobre a trama golpista.<\/p>\n\n<p>\u201cO Supremo Tribunal Federal (STF) tornou Jair Bolsonaro o primeiro ex-presidente a ser julgado por tentativa de golpe de Estado desde o retorno da democracia\u201d, disse o <a href=\"https:\/\/www.eluniversal.com.mx\/mundo\/solo-espero-que-se-haga-justicia-dice-lula-sobre-juicio-a-bolsonaro-si-es-culpable-que-sea-castigado-afirma\/\" target=\"_blank\" rel=\"noopener\"><em>El Universal<\/em><\/a>.\u00a0<\/p>\n\n<p>\u201cDurante seu discurso, o juiz mostrou imagens dos eventos ocorridos em 8 de janeiro de 2023, quando uma horda de apoiadores do l\u00edder de extrema direita destruiu as tr\u00eas sedes dos Poderes\u201d, disse a publica\u00e7\u00e3o mexicana.\u00a0<\/p>\n\n<h2>Europa<\/h2>\n\n<p><strong>O tradicional jornal ingl\u00eas <a href=\"https:\/\/www.theguardian.com\/world\/2025\/mar\/26\/bolsonaro-trial-coup-brazil-supreme-court\" target=\"_blank\" rel=\"noopener\"><em>The Guardian <\/em><\/a>destacou que a decis\u00e3o que tornou Bolsonaro r\u00e9u \u201cdeixa o populista de extrema direita, que governou o Brasil de 2019 at\u00e9 o final de 2022, enfrentando o esquecimento pol\u00edtico e uma poss\u00edvel pena de pris\u00e3o de mais de 40 anos\u201d.\u00a0<\/strong><\/p>\n\n<blockquote>\n<p>Ainda segundo o <a href=\"https:\/\/www.theguardian.com\/world\/2025\/mar\/27\/is-coup-trial-ruling-the-beginning-of-the-end-for-jair-bolsonaro-and-his-supporters-brazil\" target=\"_blank\" rel=\"noopener\"><em>Guardian<\/em><\/a>, \u201cenquanto muitos no Brasil se regozijam com a queda prevista do ex-presidente, outros temem quem pode seguir seus passos de extrema direita\u201d.\u00a0<\/p>\n<\/blockquote>\n\n<p>O jornal espanhol <em><a href=\"https:\/\/elpais.com\/america\/2025-03-26\/el-expresidente-bolsonaro-sera-juzgado-por-liderar-un-complot-golpista-en-brasil.html\" target=\"_blank\" rel=\"noopener\">El Pa\u00eds<\/a><\/em> disse que n\u00e3o \u00e9 incomum que um ex-presidente seja julgado criminalmente no Brasil, \u201co que \u00e9 in\u00e9dito \u00e9 que ele ser\u00e1 levado a julgamento por um golpe\u201d.\u00a0<\/p>\n\n<p><strong>Um dos principais peri\u00f3dicos da Fran\u00e7a \u2013 o <em>Le Figaro<\/em> \u2013 destacou que a condena\u00e7\u00e3o \u201cminaria as ambi\u00e7\u00f5es de retornar ao poder\u201d de Bolsonaro<\/strong>. \u00a0<\/p>\n\n<p>\u201cA decis\u00e3o \u00e9 hist\u00f3rica em um pa\u00eds ainda assombrado pela mem\u00f3ria da ditadura militar (1964-1985), recentemente revivida pelo fenomenal filme <em>Ainda Estou Aqui<\/em>, de Walter Salles, <a href=\"https:\/\/agenciabrasil.ebc.com.br\/cultura\/noticia\/2025-03\/ainda-estou-aqui-vence-oscar-de-melhor-filme-estrangeiro\" target=\"_blank\" rel=\"noopener\">vencedor do Oscar de melhor filme internacional<\/a>\u201d, escreveu o <em><a href=\"https:\/\/www.lefigaro.fr\/international\/la-justice-bresilienne-confirme-que-l-ex-president-bolsonaro-sera-juge-pour-tentative-de-coup-d-etat-20250326\" target=\"_blank\" rel=\"noopener\">Le Figaro<\/a>.<\/em><\/p>\n\n<p>\u00a0<\/p>\n\n      <!-- Relacionada -->\n              \n            <!-- Relacionada -->\n    <\/div>\r\n<br>\r\n<br><a href=\"https:\/\/agenciabrasil.ebc.com.br\/politica\/noticia\/2025-03\/brasil-chegou-perto-de-voltar-ditadura-diz-new-york-times\" rel=\"noopener\">Ag\u00eancia Brasil<\/a>","protected":false},"excerpt":{"rendered":"<p>Os jornais mais influentes do mundo repercutiram o julgamento que tornou o ex-presidente Jair Bolsonaro r\u00e9u por tentativa de golpe de Estado e v\u00e1rias publica\u00e7\u00f5es relembraram o passado ditatorial do Brasil. O New York Times (NYT), dos Estados Unidos (EUA), disse que a investiga\u00e7\u00e3o revelou que o Brasil chegou perto de voltar \u00e0 ditadura e [&hellip;]<\/p>\n","protected":false},"author":1,"featured_media":28334,"comment_status":"open","ping_status":"open","sticky":false,"template":"","format":"standard","meta":{"_jetpack_newsletter_access":"","_jetpack_dont_email_post_to_subs":false,"_jetpack_newsletter_tier_id":0,"_jetpack_memberships_contains_paywalled_content":false,"_mbp_banners":[],"_jetpack_feature_clip_id":0,"_jetpack_memberships_contains_paid_content":false,"footnotes":"","jetpack_publicize_message":"","jetpack_publicize_feature_enabled":true,"jetpack_social_post_already_shared":true,"jetpack_social_options":{"image_generator_settings":{"template":"highway","default_image_id":0,"font":"","enabled":false},"version":2},"jetpack_post_was_ever_published":false},"categories":[19],"tags":[],"class_list":["post-28333","post","type-post","status-publish","format-standard","has-post-thumbnail","category-politica"],"jetpack_publicize_connections":[],"jetpack-related-posts":[],"jetpack_shortlink":"https:\/\/wp.me\/p7Eq1F-7mZ","jetpack_sharing_enabled":true,"jetpack_featured_media_url":"https:\/\/i0.wp.com\/guialimeira.com.br\/news\/wp-content\/uploads\/2025\/03\/Brasil-chegou-perto-de-voltar-a-ditadura-diz-New-York.jpg?fit=1600%2C800&ssl=1","_links":{"self":[{"href":"https:\/\/guialimeira.com.br\/news\/wp-json\/wp\/v2\/posts\/28333","targetHints":{"allow":["GET"]}}],"collection":[{"href":"https:\/\/guialimeira.com.br\/news\/wp-json\/wp\/v2\/posts"}],"about":[{"href":"https:\/\/guialimeira.com.br\/news\/wp-json\/wp\/v2\/types\/post"}],"author":[{"embeddable":true,"href":"https:\/\/guialimeira.com.br\/news\/wp-json\/wp\/v2\/users\/1"}],"replies":[{"embeddable":true,"href":"https:\/\/guialimeira.com.br\/news\/wp-json\/wp\/v2\/comments?post=28333"}],"version-history":[{"count":1,"href":"https:\/\/guialimeira.com.br\/news\/wp-json\/wp\/v2\/posts\/28333\/revisions"}],"predecessor-version":[{"id":28335,"href":"https:\/\/guialimeira.com.br\/news\/wp-json\/wp\/v2\/posts\/28333\/revisions\/28335"}],"wp:featuredmedia":[{"embeddable":true,"href":"https:\/\/guialimeira.com.br\/news\/wp-json\/wp\/v2\/media\/28334"}],"wp:attachment":[{"href":"https:\/\/guialimeira.com.br\/news\/wp-json\/wp\/v2\/media?parent=28333"}],"wp:term":[{"taxonomy":"category","embeddable":true,"href":"https:\/\/guialimeira.com.br\/news\/wp-json\/wp\/v2\/categories?post=28333"},{"taxonomy":"post_tag","embeddable":true,"href":"https:\/\/guialimeira.com.br\/news\/wp-json\/wp\/v2\/tags?post=28333"}],"curies":[{"name":"wp","href":"https:\/\/api.w.org\/{rel}","templated":true}]}}