{"id":2833,"date":"2024-04-25T19:47:45","date_gmt":"2024-04-25T22:47:45","guid":{"rendered":"https:\/\/guialimeira.com.br\/?p=2833"},"modified":"2024-04-25T19:47:48","modified_gmt":"2024-04-25T22:47:48","slug":"juninho-brum-inspira-empreendedores-em-evento-lotado-na-acil","status":"publish","type":"post","link":"https:\/\/guialimeira.com.br\/news\/juninho-brum-inspira-empreendedores-em-evento-lotado-na-acil\/","title":{"rendered":"Juninho Brum inspira empreendedores em evento lotado na ACIL"},"content":{"rendered":"\n<p class=\"wp-block-paragraph\"><em>CEO da V9 compartilhou insights pr\u00e1ticos e motivacionais durante palestra no Caf\u00e9 Conhecimento<\/em><\/p>\n\n\n\n<p class=\"wp-block-paragraph\">O audit\u00f3rio da Associa\u00e7\u00e3o Comercial e Industrial de Limeira (ACIL) foi palco de uma palestra memor\u00e1vel na manh\u00e3 de quinta-feira (25), quando empreendedores se reuniram para participar do Caf\u00e9 da Manh\u00e3 do Conhecimento e ouvir a palestra inspiradora de Juninho Brum, CEO da Ag\u00eancia V9.<\/p>\n\n\n\n<p class=\"wp-block-paragraph\">Com o audit\u00f3rio completamente lotado, Juninho Brum cativou a plateia com suas palavras motivadoras e sua abordagem pr\u00e1tica para enfrentar os desafios de transformar seguidores em clientes. Durante sua apresenta\u00e7\u00e3o, ele enfatizou a import\u00e2ncia de agir e colocar a m\u00e3o na massa, ao inv\u00e9s apenas de culpar os algoritmos das redes sociais ou esperar por circunst\u00e2ncias ideais.<\/p>\n\n\n\n<p class=\"wp-block-paragraph\">&#8220;\u00c9 f\u00e1cil culpar os algoritmos ou esperar por condi\u00e7\u00f5es perfeitas, mas o verdadeiro sucesso vem da a\u00e7\u00e3o&#8221;, afirmou Juninho Brum. &#8220;\u00c9 importante que os empreendedores ajam, testem e aprendam com os resultados. \u00c9 assim que se alcan\u00e7a o crescimento real nos neg\u00f3cios.&#8221; Sua mensagem ressoou fortemente com a audi\u00eancia que encontrou o que esperavam: insights pr\u00e1ticos e estrat\u00e9gias acion\u00e1veis para impulsionar seus neg\u00f3cios.<\/p>\n\n\n\n<p class=\"wp-block-paragraph\">O evento, organizado pelo Conselho da Mulher Empreendedora (CME) da ACIL, foi um sucesso destacando a demanda crescente por oportunidades de aprendizado e networking. O Caf\u00e9 Conhecimento continua a ser um ponto de encontro essencial para empreendedores locais em busca de inspira\u00e7\u00e3o, conhecimento e conex\u00f5es valiosas.<\/p>\n\n\n\n<p class=\"wp-block-paragraph\">Para ficar por dentro dos pr\u00f3ximos eventos e iniciativas da ACIL, siga o perfil @acillimeira nas redes sociais.<\/p>\n","protected":false},"excerpt":{"rendered":"<p>CEO da V9 compartilhou insights pr\u00e1ticos e motivacionais durante palestra no Caf\u00e9 Conhecimento O audit\u00f3rio da Associa\u00e7\u00e3o Comercial e Industrial de Limeira (ACIL) foi palco de uma palestra memor\u00e1vel na manh\u00e3 de quinta-feira (25), quando empreendedores se reuniram para participar do Caf\u00e9 da Manh\u00e3 do Conhecimento e ouvir a palestra inspiradora de Juninho Brum, CEO [&hellip;]<\/p>\n","protected":false},"author":1,"featured_media":2834,"comment_status":"open","ping_status":"open","sticky":false,"template":"","format":"standard","meta":{"_jetpack_newsletter_access":"","_jetpack_dont_email_post_to_subs":false,"_jetpack_newsletter_tier_id":0,"_jetpack_memberships_contains_paywalled_content":false,"_mbp_banners":[],"_jetpack_feature_clip_id":0,"_jetpack_memberships_contains_paid_content":false,"footnotes":"","jetpack_publicize_message":"","jetpack_publicize_feature_enabled":true,"jetpack_social_post_already_shared":true,"jetpack_social_options":{"image_generator_settings":{"template":"highway","default_image_id":0,"font":"","enabled":false},"version":2},"jetpack_post_was_ever_published":false},"categories":[16],"tags":[],"class_list":["post-2833","post","type-post","status-publish","format-standard","has-post-thumbnail","category-local"],"jetpack_publicize_connections":[],"jetpack-related-posts":[],"jetpack_shortlink":"https:\/\/wp.me\/p7Eq1F-JH","jetpack_sharing_enabled":true,"jetpack_featured_media_url":"https:\/\/i0.wp.com\/guialimeira.com.br\/news\/wp-content\/uploads\/2024\/04\/cafe-juninho-mini.png?fit=1000%2C750&ssl=1","_links":{"self":[{"href":"https:\/\/guialimeira.com.br\/news\/wp-json\/wp\/v2\/posts\/2833","targetHints":{"allow":["GET"]}}],"collection":[{"href":"https:\/\/guialimeira.com.br\/news\/wp-json\/wp\/v2\/posts"}],"about":[{"href":"https:\/\/guialimeira.com.br\/news\/wp-json\/wp\/v2\/types\/post"}],"author":[{"embeddable":true,"href":"https:\/\/guialimeira.com.br\/news\/wp-json\/wp\/v2\/users\/1"}],"replies":[{"embeddable":true,"href":"https:\/\/guialimeira.com.br\/news\/wp-json\/wp\/v2\/comments?post=2833"}],"version-history":[{"count":1,"href":"https:\/\/guialimeira.com.br\/news\/wp-json\/wp\/v2\/posts\/2833\/revisions"}],"predecessor-version":[{"id":2835,"href":"https:\/\/guialimeira.com.br\/news\/wp-json\/wp\/v2\/posts\/2833\/revisions\/2835"}],"wp:featuredmedia":[{"embeddable":true,"href":"https:\/\/guialimeira.com.br\/news\/wp-json\/wp\/v2\/media\/2834"}],"wp:attachment":[{"href":"https:\/\/guialimeira.com.br\/news\/wp-json\/wp\/v2\/media?parent=2833"}],"wp:term":[{"taxonomy":"category","embeddable":true,"href":"https:\/\/guialimeira.com.br\/news\/wp-json\/wp\/v2\/categories?post=2833"},{"taxonomy":"post_tag","embeddable":true,"href":"https:\/\/guialimeira.com.br\/news\/wp-json\/wp\/v2\/tags?post=2833"}],"curies":[{"name":"wp","href":"https:\/\/api.w.org\/{rel}","templated":true}]}}