{"id":28321,"date":"2025-03-27T12:44:31","date_gmt":"2025-03-27T15:44:31","guid":{"rendered":"https:\/\/guialimeira.com.br\/?p=28321"},"modified":"2025-03-27T12:44:31","modified_gmt":"2025-03-27T15:44:31","slug":"comissao-de-saude-recebe-resposta-sobre-falta-de-medicamentos-e-insumos","status":"publish","type":"post","link":"https:\/\/guialimeira.com.br\/news\/comissao-de-saude-recebe-resposta-sobre-falta-de-medicamentos-e-insumos\/","title":{"rendered":"Comiss\u00e3o de Sa\u00fade recebe resposta sobre falta de medicamentos e insumos"},"content":{"rendered":"\n<figure class=\"wp-block-gallery has-nested-images columns-default is-cropped wp-block-gallery-1 is-layout-flex wp-block-gallery-is-layout-flex\"><\/figure>\n \r\n<br><img data-recalc-dims=\"1\" decoding=\"async\" src=\"https:\/\/i0.wp.com\/guialimeira.com.br\/wp-content\/uploads\/2025\/03\/2025-03-27_comissao-de-saude-recebe-resposta-sobre-falta-de-medicamentos-e-insumos_1.jpg?w=696&#038;ssl=1\" \/><br><div>\n\t\t\t\t\t<p>A Comiss\u00e3o de Sa\u00fade da C\u00e2mara Municipal recebeu, na reuni\u00e3o desta quinta-feira, 27 de mar\u00e7o, respostas da Prefeitura sobre questionamentos acerca da falta de medicamentos, do andamento das obras do Centro de Especializa\u00e7\u00e3o Municipal do Autista (Cema), e suporte aos pacientes acometidos pela hipertens\u00e3o arterial pulmonar. Todos os temas foram alvo de of\u00edcios do colegiado em <a href=\"https:\/\/www.limeira.sp.leg.br\/noticias\/view\/2025-02-20_comissao-de-saude-questiona-prefeitura-sobre-falta-de-medicamentos-em-ubss\" rel=\"noopener\">reuni\u00e3o do dia 20 de fevereiro<\/a>.<\/p><p><strong>Falta de medicamentos<\/strong><\/p><p>Conforme resposta sobre a falta de medicamentos e insumos, a Secretaria de Sa\u00fade informou que o planejamento de compras \u00e9 quadrimestral e que os impactos causados pela pandemia afetaram quantitativos e prazos para aquisi\u00e7\u00e3o, resultando em atraso do planejamento, comprometendo os estoques de alguns itens.\u00a0<\/p><p>O documento aponta que no in\u00edcio\u00a0 do ano estavam em falta Amoxicilina 500mg+Clavulanato 125mg, Carbonato de C\u00e1lcio 500mg comprimido, Dimenidrinato+Piridoxina gotas, Fenito\u00edna 100mg comprimido, gaze e ataduras.\u00a0<\/p><p>De acordo com a Secretaria, os processos licitat\u00f3rios para a aquisi\u00e7\u00e3o dos itens foram iniciados em maio de 2024, para medicamentos padronizados e curativos de alta complexidade, e em junho para materiais m\u00e9dico-hospitalares padronizados. A pasta pontuou ainda que o estoque j\u00e1 foi regularizado.<\/p><p><strong>Cema<\/strong><\/p><p>Sobre o andamento da reforma do Cema, a Prefeitura respondeu que ela comp\u00f5e um pacote de obras e servi\u00e7os, juntamente com as obras das unidades b\u00e1sicas de sa\u00fade Geada e Santa Eul\u00e1lia, licitadas de forma \u00fanica.\u00a0<\/p><p>Segundo eles, a reforma apresentou um ritmo lento de execu\u00e7\u00e3o, devido a imprevisibilidades, como a remo\u00e7\u00e3o do entulho encontrado ap\u00f3s a escava\u00e7\u00e3o e o refor\u00e7o do madeiramento e troca parcial da estrutura do telhado. Explicaram ainda que as obras encontram-se paralisadas por causa de um aditivo contratual solicitado, que est\u00e1 em an\u00e1lise da equipe t\u00e9cnica da Secretaria de Obras.<\/p><p><strong>Hipertens\u00e3o arterial pulmonar<\/strong><\/p><p>J\u00e1 em rela\u00e7\u00e3o ao acompanhamento de pacientes com hipertens\u00e3o arterial pulmonar, a Secretaria de Sa\u00fade afirmou que faz o acompanhamento em todas as etapas do processo.<\/p><p>Sobre a disponibiliza\u00e7\u00e3o de medicamentos, a pasta disse que a Secretaria Estadual de Sa\u00fade, por meio da farm\u00e1cia de alto custo, disponibiliza cinco medicamentos: Ambrisentana (5mg e 10mg), Bosentana (62,5mg e 125mg), Iloprosta (10mcg\/ml), Sildenafil (20mg) e Selexipague (200mcg, 400mcg, 800mcg, 1200mcg, 1400mcg e 1600mcg).<\/p><p><strong>A Comiss\u00e3o<\/strong><\/p><p>A Comiss\u00e3o de Sa\u00fade \u00e9 respons\u00e1vel por tratar e fiscalizar todos os assuntos relacionados a hospitais p\u00fablicos e privados que atendem pacientes do SUS, bem como manifestar-se sobre assuntos ligados \u00e0 vigil\u00e2ncia sanit\u00e1ria, epidemiol\u00f3gica e nutricional, al\u00e9m de elaborar campanhas e a\u00e7\u00f5es preventivas sobre sa\u00fade e controle de epidemias.\u00a0<\/p><p>Fazem parte do colegiado os vereadores Dr. Marcelo Rossi (MDB), presidente; Z\u00e9 da Farm\u00e1cia (SD), vice-presidente e Elias Barbosa (PRTB), secret\u00e1rio. Todas as delibera\u00e7\u00f5es foram registradas em <a href=\"https:\/\/consulta.limeira.sp.leg.br\/arquivo?Id=487041\" rel=\"noopener\">ata<\/a>.<\/p>\t\t\t\t<\/div>\r\n<br>\r\n<br><a href=\"https:\/\/www.limeira.sp.leg.br\/noticias\/view\/2025-03-27_comissao-de-saude-recebe-resposta-sobre-falta-de-medicamentos-e-insumos\" rel=\"noopener\">Informa\u00e7\u00f5es CML <\/a>","protected":false},"excerpt":{"rendered":"<p>A Comiss\u00e3o de Sa\u00fade da C\u00e2mara Municipal recebeu, na reuni\u00e3o desta quinta-feira, 27 de mar\u00e7o, respostas da Prefeitura sobre questionamentos acerca da falta de medicamentos, do andamento das obras do Centro de Especializa\u00e7\u00e3o Municipal do Autista (Cema), e suporte aos pacientes acometidos pela hipertens\u00e3o arterial pulmonar. Todos os temas foram alvo de of\u00edcios do colegiado [&hellip;]<\/p>\n","protected":false},"author":1,"featured_media":28322,"comment_status":"open","ping_status":"open","sticky":false,"template":"","format":"standard","meta":{"_jetpack_newsletter_access":"","_jetpack_dont_email_post_to_subs":false,"_jetpack_newsletter_tier_id":0,"_jetpack_memberships_contains_paywalled_content":false,"_mbp_banners":[],"_jetpack_feature_clip_id":0,"_jetpack_memberships_contains_paid_content":false,"footnotes":"","jetpack_publicize_message":"","jetpack_publicize_feature_enabled":true,"jetpack_social_post_already_shared":true,"jetpack_social_options":{"image_generator_settings":{"template":"highway","default_image_id":0,"font":"","enabled":false},"version":2},"jetpack_post_was_ever_published":false},"categories":[19],"tags":[],"class_list":["post-28321","post","type-post","status-publish","format-standard","has-post-thumbnail","category-politica"],"jetpack_publicize_connections":[],"jetpack-related-posts":[],"jetpack_shortlink":"https:\/\/wp.me\/p7Eq1F-7mN","jetpack_sharing_enabled":true,"jetpack_featured_media_url":"https:\/\/i0.wp.com\/guialimeira.com.br\/news\/wp-content\/uploads\/2025\/03\/Comissao-de-Saude-recebe-resposta-sobre-falta-de-medicamentos-e.jpg?fit=1280%2C640&ssl=1","_links":{"self":[{"href":"https:\/\/guialimeira.com.br\/news\/wp-json\/wp\/v2\/posts\/28321","targetHints":{"allow":["GET"]}}],"collection":[{"href":"https:\/\/guialimeira.com.br\/news\/wp-json\/wp\/v2\/posts"}],"about":[{"href":"https:\/\/guialimeira.com.br\/news\/wp-json\/wp\/v2\/types\/post"}],"author":[{"embeddable":true,"href":"https:\/\/guialimeira.com.br\/news\/wp-json\/wp\/v2\/users\/1"}],"replies":[{"embeddable":true,"href":"https:\/\/guialimeira.com.br\/news\/wp-json\/wp\/v2\/comments?post=28321"}],"version-history":[{"count":1,"href":"https:\/\/guialimeira.com.br\/news\/wp-json\/wp\/v2\/posts\/28321\/revisions"}],"predecessor-version":[{"id":28323,"href":"https:\/\/guialimeira.com.br\/news\/wp-json\/wp\/v2\/posts\/28321\/revisions\/28323"}],"wp:featuredmedia":[{"embeddable":true,"href":"https:\/\/guialimeira.com.br\/news\/wp-json\/wp\/v2\/media\/28322"}],"wp:attachment":[{"href":"https:\/\/guialimeira.com.br\/news\/wp-json\/wp\/v2\/media?parent=28321"}],"wp:term":[{"taxonomy":"category","embeddable":true,"href":"https:\/\/guialimeira.com.br\/news\/wp-json\/wp\/v2\/categories?post=28321"},{"taxonomy":"post_tag","embeddable":true,"href":"https:\/\/guialimeira.com.br\/news\/wp-json\/wp\/v2\/tags?post=28321"}],"curies":[{"name":"wp","href":"https:\/\/api.w.org\/{rel}","templated":true}]}}