{"id":28308,"date":"2025-03-27T10:42:28","date_gmt":"2025-03-27T13:42:28","guid":{"rendered":"https:\/\/guialimeira.com.br\/?p=28308"},"modified":"2025-03-27T10:42:28","modified_gmt":"2025-03-27T13:42:28","slug":"costa-junior-solicita-emenda-parlamentar-destinada-ao-transporte-escolar","status":"publish","type":"post","link":"https:\/\/guialimeira.com.br\/news\/costa-junior-solicita-emenda-parlamentar-destinada-ao-transporte-escolar\/","title":{"rendered":"Costa J\u00fanior solicita emenda parlamentar destinada ao transporte escolar"},"content":{"rendered":"\n<figure class=\"wp-block-gallery has-nested-images columns-default is-cropped wp-block-gallery-1 is-layout-flex wp-block-gallery-is-layout-flex\"><\/figure>\n \r\n<br><img data-recalc-dims=\"1\" decoding=\"async\" src=\"https:\/\/i0.wp.com\/guialimeira.com.br\/wp-content\/uploads\/2025\/03\/2025-03-27_costa-junior-solicita-emenda-parlamentar-destinada-ao-transporte-escolar_1.jpg?w=696&#038;ssl=1\" \/><br><div>\n\t\t\t\t\t<p>O vereador Costa J\u00fanior (Podemos) formalizou nesta quarta-feira, 26 de mar\u00e7o, um pedido de emenda parlamentar ao deputado estadual de S\u00e3o Paulo, Major Mecca (PL), para destinar verba a melhorias do transporte escolar em Limeira.<\/p><p>Segundo o parlamentar, a iniciativa se deu em prol da educa\u00e7\u00e3o e bem-estar dos estudantes do munic\u00edpio e afirmou que a solicita\u00e7\u00e3o tem o objetivo de atender as necessidades das fam\u00edlias limeirenses, em especial \u00e0quelas que residem em \u00e1reas mais afastadas da cidade e enfrentam dificuldades devido \u00e0 falta de infraestrutura adequada e transporte seguro para os alunos.<\/p><p>&#8220;Sabemos da import\u00e2ncia de garantir o direito \u00e0 educa\u00e7\u00e3o e de que um transporte escolar seguro e eficiente \u00e9 fundamental para os estudantes&#8221;, enfatizou o vereador.\u00a0<\/p><p>Costa J\u00fanior ainda reiterou que segue empenhado em buscar parcerias e solu\u00e7\u00f5es que atendam as demandas da popula\u00e7\u00e3o e proporcionem mais qualidade de vida para os cidad\u00e3os limeirenses.<\/p><p><i>Do Gabinete Parlamentar \u2013 Vereador\u00a0 Vicente Soares da Costa Junior (Podemos)<\/i><\/p><p><strong>As mat\u00e9rias de origem dos Gabinetes Parlamentares s\u00e3o de inteira\u00a0 responsabilidade dos parlamentares e de suas assessorias. S\u00e3o devidamente assinadas e n\u00e3o refletem, necessariamente, a opini\u00e3o institucional da C\u00e2mara Municipal de Limeira.<\/strong><\/p>\t\t\t\t<\/div>\r\n<br>\r\n<br><a href=\"https:\/\/www.limeira.sp.leg.br\/noticias\/view\/2025-03-27_costa-junior-solicita-emenda-parlamentar-destinada-ao-transporte-escolar\" rel=\"noopener\">Informa\u00e7\u00f5es CML <\/a>","protected":false},"excerpt":{"rendered":"<p>O vereador Costa J\u00fanior (Podemos) formalizou nesta quarta-feira, 26 de mar\u00e7o, um pedido de emenda parlamentar ao deputado estadual de S\u00e3o Paulo, Major Mecca (PL), para destinar verba a melhorias do transporte escolar em Limeira. Segundo o parlamentar, a iniciativa se deu em prol da educa\u00e7\u00e3o e bem-estar dos estudantes do munic\u00edpio e afirmou que [&hellip;]<\/p>\n","protected":false},"author":1,"featured_media":28309,"comment_status":"open","ping_status":"open","sticky":false,"template":"","format":"standard","meta":{"_jetpack_newsletter_access":"","_jetpack_dont_email_post_to_subs":false,"_jetpack_newsletter_tier_id":0,"_jetpack_memberships_contains_paywalled_content":false,"_mbp_banners":[],"_jetpack_feature_clip_id":0,"_jetpack_memberships_contains_paid_content":false,"footnotes":"","jetpack_publicize_message":"","jetpack_publicize_feature_enabled":true,"jetpack_social_post_already_shared":true,"jetpack_social_options":{"image_generator_settings":{"template":"highway","default_image_id":0,"font":"","enabled":false},"version":2},"jetpack_post_was_ever_published":false},"categories":[19],"tags":[],"class_list":["post-28308","post","type-post","status-publish","format-standard","has-post-thumbnail","category-politica"],"jetpack_publicize_connections":[],"jetpack-related-posts":[],"jetpack_shortlink":"https:\/\/wp.me\/p7Eq1F-7mA","jetpack_sharing_enabled":true,"jetpack_featured_media_url":"https:\/\/i0.wp.com\/guialimeira.com.br\/news\/wp-content\/uploads\/2025\/03\/Costa-Junior-solicita-emenda-parlamentar-destinada-ao-transporte-escolar.jpg?fit=1280%2C640&ssl=1","_links":{"self":[{"href":"https:\/\/guialimeira.com.br\/news\/wp-json\/wp\/v2\/posts\/28308","targetHints":{"allow":["GET"]}}],"collection":[{"href":"https:\/\/guialimeira.com.br\/news\/wp-json\/wp\/v2\/posts"}],"about":[{"href":"https:\/\/guialimeira.com.br\/news\/wp-json\/wp\/v2\/types\/post"}],"author":[{"embeddable":true,"href":"https:\/\/guialimeira.com.br\/news\/wp-json\/wp\/v2\/users\/1"}],"replies":[{"embeddable":true,"href":"https:\/\/guialimeira.com.br\/news\/wp-json\/wp\/v2\/comments?post=28308"}],"version-history":[{"count":1,"href":"https:\/\/guialimeira.com.br\/news\/wp-json\/wp\/v2\/posts\/28308\/revisions"}],"predecessor-version":[{"id":28310,"href":"https:\/\/guialimeira.com.br\/news\/wp-json\/wp\/v2\/posts\/28308\/revisions\/28310"}],"wp:featuredmedia":[{"embeddable":true,"href":"https:\/\/guialimeira.com.br\/news\/wp-json\/wp\/v2\/media\/28309"}],"wp:attachment":[{"href":"https:\/\/guialimeira.com.br\/news\/wp-json\/wp\/v2\/media?parent=28308"}],"wp:term":[{"taxonomy":"category","embeddable":true,"href":"https:\/\/guialimeira.com.br\/news\/wp-json\/wp\/v2\/categories?post=28308"},{"taxonomy":"post_tag","embeddable":true,"href":"https:\/\/guialimeira.com.br\/news\/wp-json\/wp\/v2\/tags?post=28308"}],"curies":[{"name":"wp","href":"https:\/\/api.w.org\/{rel}","templated":true}]}}