{"id":2830,"date":"2024-04-25T19:42:00","date_gmt":"2024-04-25T22:42:00","guid":{"rendered":"https:\/\/guialimeira.com.br\/?p=2830"},"modified":"2024-04-25T19:42:04","modified_gmt":"2024-04-25T22:42:04","slug":"brk-alerta-para-nova-onda-de-calor-que-coloca-regiao-sudeste-em-estado-de-atencao","status":"publish","type":"post","link":"https:\/\/guialimeira.com.br\/news\/brk-alerta-para-nova-onda-de-calor-que-coloca-regiao-sudeste-em-estado-de-atencao\/","title":{"rendered":"BRK alerta para nova onda de calor que coloca regi\u00e3o Sudeste em estado de aten\u00e7\u00e3o"},"content":{"rendered":"\n<p class=\"wp-block-paragraph\"><em>Concession\u00e1ria destaca a import\u00e2ncia do consumo consciente, ainda que o abastecimento de \u00e1gua siga normal no munic\u00edpio e que as condi\u00e7\u00f5es dos mananciais permane\u00e7am adequadas no momento<\/em><\/p>\n\n\n\n<p class=\"wp-block-paragraph\">Toda a regi\u00e3o sudeste do Brasil, o que inclui o estado de S\u00e3o Paulo, se prepara para o que deve ser a quarta onda de calor que atingir\u00e1 o Brasil em 2024. Esse fen\u00f4meno tem por caracter\u00edstica o per\u00edodo prolongado (acima de 3 dias) com temperaturas m\u00e1ximas de at\u00e9 5\u00ba graus acima da m\u00e9dia para a \u00e9poca do ano. A BRK, concession\u00e1ria respons\u00e1vel pelos servi\u00e7os de \u00e1gua e esgoto em Limeira, destaca que o clima at\u00edpico requer aten\u00e7\u00e3o e refor\u00e7a a indica\u00e7\u00e3o para o uso respons\u00e1vel da \u00e1gua neste per\u00edodo.<\/p>\n\n\n\n<p class=\"wp-block-paragraph\">De acordo com o Inmet (Instituto Nacional de Meteorologia), uma massa de ar quente e seco come\u00e7a a ganhar for\u00e7a em \u00e1reas das regi\u00f5es Centro-Oeste, Sudeste e Sul do Brasil desde a quarta-feira (23). A previs\u00e3o \u00e9 que partir do domingo (28) as maiores m\u00e1ximas fiquem concentradas em S\u00e3o Paulo, Mato Grosso do Sul e no Paran\u00e1.<\/p>\n\n\n\n<p class=\"wp-block-paragraph\">\u201cAssim como nas ondas de elevadas temperaturas anteriores, novamente a BRK se manter\u00e1 atuante por meio de planejamento e execu\u00e7\u00e3o de a\u00e7\u00f5es aplic\u00e1veis com o objetivo de manter o abastecimento de \u00e1gua para os limeirenses. Contudo, diante do novo quadro que se desenha, devemos manter atitudes voltadas ao consumo consciente. Assim, poderemos mais uma vez passar por este novo per\u00edodo at\u00edpico para a regi\u00e3o Sudeste\u201d, afirma Alexandre Leite, gerente de opera\u00e7\u00f5es da concession\u00e1ria.<\/p>\n\n\n\n<p class=\"wp-block-paragraph\">Entre as medidas indicadas pelo gerente est\u00e3o priorizar o uso da \u00e1gua para hidrata\u00e7\u00e3o, prepara\u00e7\u00e3o de alimentos e higiene pessoal, adiando outras atividades que consomem grandes volumes de \u00e1gua como a lavagem de carros ou de quintais.<\/p>\n\n\n\n<p class=\"wp-block-paragraph\">Essas e outras a\u00e7\u00f5es de consumo consciente est\u00e3o dispon\u00edveis no site da campanha&nbsp;<em>Jogando Junto pela \u00c1gua<\/em>&nbsp;(<a href=\"http:\/\/www.jogandojuntopelaagua.com.br\/\" target=\"_blank\" rel=\"noreferrer noopener\">www.jogandojuntopelaagua.com.br<\/a>) que a concession\u00e1ria mant\u00e9m ativo. Nele, tamb\u00e9m \u00e9 poss\u00edvel verificar as condi\u00e7\u00f5es dos mananciais que abastecem o munic\u00edpio, com atualiza\u00e7\u00e3o semanal, e o volume de chuvas da cidade a cada m\u00eas.<\/p>\n\n\n\n<p class=\"wp-block-paragraph\">O registro desta semana dos mananciais aponta para uma vaz\u00e3o de 13 metros c\u00fabicos por segundo no rio Jaguari, quando o m\u00ednimo necess\u00e1rio \u00e9 de 1 metro c\u00fabico por segundo, e de 70% de capacidade de opera\u00e7\u00e3o para o ribeir\u00e3o Pinhal, que precisa de ao menos 60% para atender o munic\u00edpio.<\/p>\n\n\n\n<p class=\"wp-block-paragraph\"><strong>Mesmo com menos chuvas, mananciais seguem em condi\u00e7\u00f5es adequadas<\/strong><\/p>\n\n\n\n<p class=\"wp-block-paragraph\">O quadro previsto de altas temperaturas se agrava com o atual clima seco, resultado do reduzido volume de chuvas que ca\u00edram sobre a cidade nos primeiros 20 dias de abril. Em Limeira, foram apenas 20 mil\u00edmetros no per\u00edodo, repetindo o cen\u00e1rio registrado nos primeiros tr\u00eas meses do ano, quando foi registrado o menor volume pluviom\u00e9trico desde 2014. De janeiro a mar\u00e7o, choveu apenas 464 mil\u00edmetros na cidade.<\/p>\n\n\n\n<p class=\"wp-block-paragraph\">\u201cO primeiro trimestre deste ano foi muito diferente do que tivemos em 2023, com bem menos chuvas. Ainda assim, nossa situa\u00e7\u00e3o permanece de estabilidade no abastecimento de \u00e1gua do munic\u00edpio e nossos mananciais est\u00e3o com o volume de capta\u00e7\u00e3o dentro dos par\u00e2metros esperados. A concession\u00e1ria, contudo, mant\u00e9m um trabalho constante de vigil\u00e2ncia, que precisa ser refor\u00e7ado pela proximidade do per\u00edodo de estiagem, que come\u00e7a oficialmente em junho e se estender\u00e1 at\u00e9 setembro\u201d, destaca Daniel Makino, gerente de Efici\u00eancia Operacional da BRK.<\/p>\n\n\n\n<p class=\"wp-block-paragraph\">Em caso de d\u00favidas, a BRK mant\u00e9m \u00e0 disposi\u00e7\u00e3o dos clientes o telefone 0800 771 0001, que atende 24 horas, e o WhatsApp (11) 9 9988-0001, que funciona de segunda a sexta-feira, das 8h \u00e0s 20h, e aos s\u00e1bados das 8h \u00e0s 14h.<\/p>\n","protected":false},"excerpt":{"rendered":"<p>Concession\u00e1ria destaca a import\u00e2ncia do consumo consciente, ainda que o abastecimento de \u00e1gua siga normal no munic\u00edpio e que as condi\u00e7\u00f5es dos mananciais permane\u00e7am adequadas no momento Toda a regi\u00e3o sudeste do Brasil, o que inclui o estado de S\u00e3o Paulo, se prepara para o que deve ser a quarta onda de calor que atingir\u00e1 [&hellip;]<\/p>\n","protected":false},"author":1,"featured_media":2831,"comment_status":"open","ping_status":"open","sticky":false,"template":"","format":"standard","meta":{"_jetpack_newsletter_access":"","_jetpack_dont_email_post_to_subs":false,"_jetpack_newsletter_tier_id":0,"_jetpack_memberships_contains_paywalled_content":false,"_mbp_banners":[],"_jetpack_feature_clip_id":0,"_jetpack_memberships_contains_paid_content":false,"footnotes":"","jetpack_publicize_message":"","jetpack_publicize_feature_enabled":true,"jetpack_social_post_already_shared":true,"jetpack_social_options":{"image_generator_settings":{"template":"highway","default_image_id":0,"font":"","enabled":false},"version":2},"jetpack_post_was_ever_published":false},"categories":[16],"tags":[],"class_list":["post-2830","post","type-post","status-publish","format-standard","has-post-thumbnail","category-local"],"jetpack_publicize_connections":[],"jetpack-related-posts":[],"jetpack_shortlink":"https:\/\/wp.me\/p7Eq1F-JE","jetpack_sharing_enabled":true,"jetpack_featured_media_url":"https:\/\/i0.wp.com\/guialimeira.com.br\/news\/wp-content\/uploads\/2024\/04\/BRK-ETA-2024-scaled.jpg?fit=2560%2C1707&ssl=1","_links":{"self":[{"href":"https:\/\/guialimeira.com.br\/news\/wp-json\/wp\/v2\/posts\/2830","targetHints":{"allow":["GET"]}}],"collection":[{"href":"https:\/\/guialimeira.com.br\/news\/wp-json\/wp\/v2\/posts"}],"about":[{"href":"https:\/\/guialimeira.com.br\/news\/wp-json\/wp\/v2\/types\/post"}],"author":[{"embeddable":true,"href":"https:\/\/guialimeira.com.br\/news\/wp-json\/wp\/v2\/users\/1"}],"replies":[{"embeddable":true,"href":"https:\/\/guialimeira.com.br\/news\/wp-json\/wp\/v2\/comments?post=2830"}],"version-history":[{"count":1,"href":"https:\/\/guialimeira.com.br\/news\/wp-json\/wp\/v2\/posts\/2830\/revisions"}],"predecessor-version":[{"id":2832,"href":"https:\/\/guialimeira.com.br\/news\/wp-json\/wp\/v2\/posts\/2830\/revisions\/2832"}],"wp:featuredmedia":[{"embeddable":true,"href":"https:\/\/guialimeira.com.br\/news\/wp-json\/wp\/v2\/media\/2831"}],"wp:attachment":[{"href":"https:\/\/guialimeira.com.br\/news\/wp-json\/wp\/v2\/media?parent=2830"}],"wp:term":[{"taxonomy":"category","embeddable":true,"href":"https:\/\/guialimeira.com.br\/news\/wp-json\/wp\/v2\/categories?post=2830"},{"taxonomy":"post_tag","embeddable":true,"href":"https:\/\/guialimeira.com.br\/news\/wp-json\/wp\/v2\/tags?post=2830"}],"curies":[{"name":"wp","href":"https:\/\/api.w.org\/{rel}","templated":true}]}}