{"id":28299,"date":"2025-03-27T09:41:29","date_gmt":"2025-03-27T12:41:29","guid":{"rendered":"https:\/\/guialimeira.com.br\/?p=28299"},"modified":"2025-03-27T09:41:29","modified_gmt":"2025-03-27T12:41:29","slug":"everton-ferreira-visita-escola-estadual-para-falar-com-professores-sobre-educacao-financeira","status":"publish","type":"post","link":"https:\/\/guialimeira.com.br\/news\/everton-ferreira-visita-escola-estadual-para-falar-com-professores-sobre-educacao-financeira\/","title":{"rendered":"Everton Ferreira visita escola estadual para falar com professores sobre educa\u00e7\u00e3o financeira"},"content":{"rendered":"\n<figure class=\"wp-block-gallery has-nested-images columns-default is-cropped wp-block-gallery-1 is-layout-flex wp-block-gallery-is-layout-flex\"><\/figure>\n \r\n<br><img data-recalc-dims=\"1\" decoding=\"async\" src=\"https:\/\/i0.wp.com\/guialimeira.com.br\/wp-content\/uploads\/2025\/03\/2025-03-27_everton-ferreira-visita-escola-estadual-para-falar-com-professores-sobre-educacao-finance.jpeg?w=696&#038;ssl=1\" \/><br><div>\n\t\t\t\t\t<p>Em visita \u00e0 Escola Estadual Professora Leontina Silva Busch, localizada no bairro Ab\u00edlio Pedro, o vereador Everton Ferreira (PSD) se reuniu com os professores da unidade escolar nesta quarta-feira, 26 de mar\u00e7o, para falar a respeito da capacita\u00e7\u00e3o dos profissionais da educa\u00e7\u00e3o do munic\u00edpio para tratar sobre a import\u00e2ncia da educa\u00e7\u00e3o financeira com estudantes.<\/p><p>Durante o encontro, Everton falou sobre a <a href=\"https:\/\/legislacao.limeira.sp.leg.br\/Limeira-SP\/LeisOrdinarias\/6591-2021\" rel=\"noopener\">Lei N\u00ba 6.591\/2021<\/a>, de autoria do parlamentar, que assegura aos estudantes do ensino fundamental da rede p\u00fablica o acesso a conte\u00fados sobre educa\u00e7\u00e3o financeira, com o objetivo de preparar para o futuro as crian\u00e7as e adolescentes e conscientiz\u00e1-los para a import\u00e2ncia do planejamento financeiro pessoal e familiar.<\/p><p>Com o t\u00edtulo \u201cEscolhas Temporais\u201d, a palestra abordou conceitos como a distribui\u00e7\u00e3o de valores ao longo do tempo, trocas intertemporais, a relev\u00e2ncia das decis\u00f5es financeiras, al\u00e9m da compreens\u00e3o das posi\u00e7\u00f5es credora e devedora, juros, e a intera\u00e7\u00e3o entre o sistema l\u00edmbico e o c\u00f3rtex pr\u00e9-frontal. O vereador enfatizou que o objetivo foi destacar como essas escolhas influenciam na sa\u00fade financeira futura.<\/p><p>\u201c\u00c9 bastante gratificante podermos falar sobre um tema t\u00e3o significativo como a educa\u00e7\u00e3o financeira. Os professores s\u00e3o importantes formadores de opini\u00e3o, que podem transmitir aos alunos estes conhecimentos e conscientizar desde cedo sobre as finan\u00e7as, contribuindo para uma boa administra\u00e7\u00e3o do lar e na sa\u00fade financeira\u201d, afirmou o parlamentar.<\/p><p>Everton Ferreira foi recebido pela diretora Patr\u00edcia Helena de Campos Buck, juntamente com coordenadores, professores e monitores da institui\u00e7\u00e3o.<\/p><p><i>Do Gabinete Parlamentar \u2013 Vereador Everton Ferreira (PSD)<\/i><\/p><p><i>*Fotos do Gabinete parlamentar<\/i><\/p><p><strong>As mat\u00e9rias de origem dos Gabinetes Parlamentares s\u00e3o de inteira\u00a0 responsabilidade dos parlamentares e de suas assessorias. S\u00e3o devidamente assinadas e n\u00e3o refletem, necessariamente, a opini\u00e3o institucional da C\u00e2mara Municipal de Limeira.<\/strong><\/p>\t\t\t\t<\/div>\r\n<br>\r\n<br><a href=\"https:\/\/www.limeira.sp.leg.br\/noticias\/view\/2025-03-27_everton-ferreira-visita-escola-estadual-para-falar-com-professores-sobre-educacao-financeira\" rel=\"noopener\">Informa\u00e7\u00f5es CML <\/a>","protected":false},"excerpt":{"rendered":"<p>Em visita \u00e0 Escola Estadual Professora Leontina Silva Busch, localizada no bairro Ab\u00edlio Pedro, o vereador Everton Ferreira (PSD) se reuniu com os professores da unidade escolar nesta quarta-feira, 26 de mar\u00e7o, para falar a respeito da capacita\u00e7\u00e3o dos profissionais da educa\u00e7\u00e3o do munic\u00edpio para tratar sobre a import\u00e2ncia da educa\u00e7\u00e3o financeira com estudantes. Durante [&hellip;]<\/p>\n","protected":false},"author":1,"featured_media":28300,"comment_status":"open","ping_status":"open","sticky":false,"template":"","format":"standard","meta":{"_jetpack_newsletter_access":"","_jetpack_dont_email_post_to_subs":false,"_jetpack_newsletter_tier_id":0,"_jetpack_memberships_contains_paywalled_content":false,"_mbp_banners":[],"_jetpack_feature_clip_id":0,"_jetpack_memberships_contains_paid_content":false,"footnotes":"","jetpack_publicize_message":"","jetpack_publicize_feature_enabled":true,"jetpack_social_post_already_shared":true,"jetpack_social_options":{"image_generator_settings":{"template":"highway","default_image_id":0,"font":"","enabled":false},"version":2},"jetpack_post_was_ever_published":false},"categories":[19],"tags":[],"class_list":["post-28299","post","type-post","status-publish","format-standard","has-post-thumbnail","category-politica"],"jetpack_publicize_connections":[],"jetpack-related-posts":[],"jetpack_shortlink":"https:\/\/wp.me\/p7Eq1F-7mr","jetpack_sharing_enabled":true,"jetpack_featured_media_url":"https:\/\/i0.wp.com\/guialimeira.com.br\/news\/wp-content\/uploads\/2025\/03\/Everton-Ferreira-visita-escola-estadual-para-falar-com-professores-sobre.jpeg?fit=1280%2C640&ssl=1","_links":{"self":[{"href":"https:\/\/guialimeira.com.br\/news\/wp-json\/wp\/v2\/posts\/28299","targetHints":{"allow":["GET"]}}],"collection":[{"href":"https:\/\/guialimeira.com.br\/news\/wp-json\/wp\/v2\/posts"}],"about":[{"href":"https:\/\/guialimeira.com.br\/news\/wp-json\/wp\/v2\/types\/post"}],"author":[{"embeddable":true,"href":"https:\/\/guialimeira.com.br\/news\/wp-json\/wp\/v2\/users\/1"}],"replies":[{"embeddable":true,"href":"https:\/\/guialimeira.com.br\/news\/wp-json\/wp\/v2\/comments?post=28299"}],"version-history":[{"count":1,"href":"https:\/\/guialimeira.com.br\/news\/wp-json\/wp\/v2\/posts\/28299\/revisions"}],"predecessor-version":[{"id":28301,"href":"https:\/\/guialimeira.com.br\/news\/wp-json\/wp\/v2\/posts\/28299\/revisions\/28301"}],"wp:featuredmedia":[{"embeddable":true,"href":"https:\/\/guialimeira.com.br\/news\/wp-json\/wp\/v2\/media\/28300"}],"wp:attachment":[{"href":"https:\/\/guialimeira.com.br\/news\/wp-json\/wp\/v2\/media?parent=28299"}],"wp:term":[{"taxonomy":"category","embeddable":true,"href":"https:\/\/guialimeira.com.br\/news\/wp-json\/wp\/v2\/categories?post=28299"},{"taxonomy":"post_tag","embeddable":true,"href":"https:\/\/guialimeira.com.br\/news\/wp-json\/wp\/v2\/tags?post=28299"}],"curies":[{"name":"wp","href":"https:\/\/api.w.org\/{rel}","templated":true}]}}