{"id":28291,"date":"2025-03-27T08:35:24","date_gmt":"2025-03-27T11:35:24","guid":{"rendered":"https:\/\/guialimeira.com.br\/2025\/03\/27\/nao-adianta-pedir-anistia-antes-do-julgamento-diz-lula-no-japao\/"},"modified":"2025-03-27T08:35:24","modified_gmt":"2025-03-27T11:35:24","slug":"nao-adianta-pedir-anistia-antes-do-julgamento-diz-lula-no-japao","status":"publish","type":"post","link":"https:\/\/guialimeira.com.br\/news\/nao-adianta-pedir-anistia-antes-do-julgamento-diz-lula-no-japao\/","title":{"rendered":"&#8220;N\u00e3o adianta pedir anistia antes do julgamento&#8221;, diz Lula no Jap\u00e3o"},"content":{"rendered":"<p> <br \/>\n<\/p>\n<div>\n<p>O presidente Luiz In\u00e1cio Lula da Silva afirmou na noite desta quarta-feira (26) \u2013 manh\u00e3 de quinta-feira (27) no Jap\u00e3o \u2013, que a <strong>Justi\u00e7a brasileira est\u00e1 cumprindo seu dever no julgamento que aceitou a den\u00fancia contra o ex-presidente Jair Bolsonaro e aliados, sobre a tentativa de golpe de Estado no pa\u00eds.<\/strong><img data-recalc-dims=\"1\" decoding=\"async\" src=\"https:\/\/i0.wp.com\/agenciabrasil.ebc.com.br\/ebc.png?w=696&#038;ssl=1\" style=\"width:1px; height:1px; display:inline;\"\/><img data-recalc-dims=\"1\" decoding=\"async\" src=\"https:\/\/i0.wp.com\/agenciabrasil.ebc.com.br\/ebc.gif?w=696&#038;ssl=1\" style=\"width:1px; height:1px; display:inline;\"\/><\/p>\n<p>Mais cedo, a Primeira Turma do Supremo Tribunal Federal (STF) <a href=\"https:\/\/agenciabrasil.ebc.com.br\/justica\/noticia\/2025-03\/bolsonaro-vira-reu-saiba-os-proximos-passos-da-acao-no-stf\" target=\"_blank\" rel=\"noopener\">decidiu, por unanimidade, tornar r\u00e9us o ex-presidente Jair Bolsonaro<\/a> e mais sete pessoas pelos crimes de golpe de Estado e tentativa de abolir o Estado Democr\u00e1tico de Direito.<\/p>\n<p>&#8220;O que \u00e9 correto \u00e9 que a Suprema Corte est\u00e1 se baseando e se manifestando nos autos do processo, depois de meses e meses de investiga\u00e7\u00e3o, muito bem feita pela Pol\u00edcia Federal, muito bem feita pelo Minist\u00e9rio P\u00fablico, e com muita dela\u00e7\u00e3o de gente importante que est\u00e1 acusando o que tentou acontecer no Brasil&#8221;, afirmou o presidente ao responder a pergunta de um jornalista durante coletiva de imprensa em T\u00f3quio, onde o presidente cumpre agenda.<\/p>\n<blockquote>\n<p>&#8220;\u00c9 vis\u00edvel que o ex-presidente tentou dar um golpe no pa\u00eds. \u00c9 vis\u00edvel, por todas as provas, que ele tentou contribuir para o meu assassinato, para o assassinato do vice-presidente e para o assassinato do ex-presidente da Justi\u00e7a Eleitoral brasileira. Todo mundo sabe o que aconteceu nesse pa\u00eds&#8221;, prosseguiu Lula.\u00a0<\/p>\n<\/blockquote>\n<p>O presidente ainda criticou os pedidos de Bolsonaro e setores da oposi\u00e7\u00e3o para conceder perd\u00e3o de crimes que ainda est\u00e3o em processo de julgamento.<\/p>\n<p>&#8220;N\u00e3o adianta, agora, ele ficar fazendo bravata, dizendo que est\u00e1 sendo perseguido. S\u00f3 ele sabe o que ele fez, sabe que n\u00e3o \u00e9 correto. <strong>E n\u00e3o adianta ficar pedindo anistia antes do julgamento. Quando ele pede anistia antes do julgamento significa que est\u00e1 dizendo que foi culpado.<\/strong> Ele deveria provar a inoc\u00eancia dele porque n\u00e3o precisava pedir anistia&#8221;, observou.<\/p>\n<p>A entrevista coletiva em T\u00f3quio foi o \u00faltimo compromisso do presidente no Jap\u00e3o, <a href=\"https:\/\/agenciabrasil.ebc.com.br\/politica\/noticia\/2025-03\/lula-pede-firme-engajamento-do-japao-na-cop30\" target=\"_blank\" rel=\"noopener\">onde esteve em visita de Estado<\/a> nos \u00faltimos dias, incluindo <a href=\"https:\/\/agenciabrasil.ebc.com.br\/internacional\/noticia\/2025-03\/brasil-e-japao-firmam-acordos-e-plano-de-acao-para-ampliar-parceria\" target=\"_blank\" rel=\"noopener\">encontros com o primeiro-ministro Shigeru Ishiba<\/a>, e com o imperador Nahurito. <strong>Agora, Lula segue para visita oficial ao Vietn\u00e3, antes de retornar ao Brasil.<\/strong><\/p>\n<p><strong>Na declara\u00e7\u00e3o aos jornalistas, Lula destacou que esta foi &#8220;a visita mais importante&#8221; que ele j\u00e1 fez ao Jap\u00e3o desde a primeira, em 1975<\/strong>, quando ainda era sindicalista e participou de um congresso dos trabalhadores da Toyota.\u00a0<\/p>\n<p>Lula refor\u00e7ou que a viagem fortaleceu as converg\u00eancias entre Brasil e Jap\u00e3o em temas como defesa da democracia e multilateralismo.<\/p>\n<h2>Avalia\u00e7\u00e3o da viagem<\/h2>\n<p>&#8220;Eu saio muito satisfeito. Essa visita ao Jap\u00e3o teve como objetivo primeiro estreitar a rela\u00e7\u00e3o com o Jap\u00e3o no momento em que a democracia corre muito risco no mundo, em que setores de extrema-direita, negacionistas, t\u00eam ganhado corpo em v\u00e1rias parte do planeta Terra&#8221;, disse Lula, ao emendar:\u00a0<\/p>\n<blockquote>\n<p>&#8220;Foi importante porque temos que vencer o protecionismo e fazer o livre com\u00e9rcio crescer e porque queremos discutir mudan\u00e7a na governan\u00e7a mundial, sobretudo mudan\u00e7a no Conselho de Seguran\u00e7a da ONU, para que a gente tenha, no s\u00e9culo 21, uma representa\u00e7\u00e3o mais forte da geopol\u00edtica mundial.&#8221;<\/p>\n<\/blockquote>\n<p>Em 2025, Brasil e Jap\u00e3o celebram 130 anos de rela\u00e7\u00f5es diplom\u00e1ticas. A visita de Estado promovida pelo governo japon\u00eas costuma ocorrer, no m\u00e1ximo, uma vez por ano, mas n\u00e3o era realizada desde 2019, antes da pandemia.<\/p>\n<p>Al\u00e9m dos encontros com as principais autoridade do pa\u00eds, Lula tamb\u00e9m participou de <a href=\"https:\/\/agenciabrasil.ebc.com.br\/internacional\/noticia\/2025-03\/japao-propoe-acoes-para-acelerar-abertura-comercial-carne-brasileira\" target=\"_blank\" rel=\"noopener\">reuni\u00f5es com empres\u00e1rios brasileiros e japoneses<\/a>, com integrantes do movimento sindical, e pesquisadores brasileiros que vivem no Jap\u00e3o.<\/p>\n<p>      <!-- Relacionada --><\/p>\n<p>            <!-- Relacionada -->\n    <\/div>\n<p><br \/>\n<br \/><a href=\"https:\/\/agenciabrasil.ebc.com.br\/internacional\/noticia\/2025-03\/nao-adianta-pedir-anistia-antes-do-julgamento-diz-lula-no-japao\" rel=\"noopener\">Ag\u00eancia Brasil <\/a><\/p>\n","protected":false},"excerpt":{"rendered":"<p>O presidente Luiz In\u00e1cio Lula da Silva afirmou na noite desta quarta-feira (26) \u2013 manh\u00e3 de quinta-feira (27) no Jap\u00e3o \u2013, que a Justi\u00e7a brasileira est\u00e1 cumprindo seu dever no julgamento que aceitou a den\u00fancia contra o ex-presidente Jair Bolsonaro e aliados, sobre a tentativa de golpe de Estado no pa\u00eds. Mais cedo, a Primeira [&hellip;]<\/p>\n","protected":false},"author":1,"featured_media":28292,"comment_status":"open","ping_status":"open","sticky":false,"template":"","format":"standard","meta":{"_jetpack_newsletter_access":"","_jetpack_dont_email_post_to_subs":false,"_jetpack_newsletter_tier_id":0,"_jetpack_memberships_contains_paywalled_content":false,"_mbp_banners":[],"_jetpack_feature_clip_id":0,"_jetpack_memberships_contains_paid_content":false,"footnotes":"","jetpack_publicize_message":"","jetpack_publicize_feature_enabled":true,"jetpack_social_post_already_shared":true,"jetpack_social_options":{"image_generator_settings":{"template":"highway","default_image_id":0,"font":"","enabled":false},"version":2},"jetpack_post_was_ever_published":false},"categories":[25],"tags":[],"class_list":["post-28291","post","type-post","status-publish","format-standard","has-post-thumbnail","category-internacional"],"jetpack_publicize_connections":[],"jetpack-related-posts":[],"jetpack_shortlink":"https:\/\/wp.me\/p7Eq1F-7mj","jetpack_sharing_enabled":true,"jetpack_featured_media_url":"https:\/\/i0.wp.com\/guialimeira.com.br\/news\/wp-content\/uploads\/2025\/03\/54412731976_54fd8fb861_o_0.jpg?fit=1600%2C800&ssl=1","_links":{"self":[{"href":"https:\/\/guialimeira.com.br\/news\/wp-json\/wp\/v2\/posts\/28291","targetHints":{"allow":["GET"]}}],"collection":[{"href":"https:\/\/guialimeira.com.br\/news\/wp-json\/wp\/v2\/posts"}],"about":[{"href":"https:\/\/guialimeira.com.br\/news\/wp-json\/wp\/v2\/types\/post"}],"author":[{"embeddable":true,"href":"https:\/\/guialimeira.com.br\/news\/wp-json\/wp\/v2\/users\/1"}],"replies":[{"embeddable":true,"href":"https:\/\/guialimeira.com.br\/news\/wp-json\/wp\/v2\/comments?post=28291"}],"version-history":[{"count":0,"href":"https:\/\/guialimeira.com.br\/news\/wp-json\/wp\/v2\/posts\/28291\/revisions"}],"wp:featuredmedia":[{"embeddable":true,"href":"https:\/\/guialimeira.com.br\/news\/wp-json\/wp\/v2\/media\/28292"}],"wp:attachment":[{"href":"https:\/\/guialimeira.com.br\/news\/wp-json\/wp\/v2\/media?parent=28291"}],"wp:term":[{"taxonomy":"category","embeddable":true,"href":"https:\/\/guialimeira.com.br\/news\/wp-json\/wp\/v2\/categories?post=28291"},{"taxonomy":"post_tag","embeddable":true,"href":"https:\/\/guialimeira.com.br\/news\/wp-json\/wp\/v2\/tags?post=28291"}],"curies":[{"name":"wp","href":"https:\/\/api.w.org\/{rel}","templated":true}]}}