{"id":28280,"date":"2025-03-27T03:34:26","date_gmt":"2025-03-27T06:34:26","guid":{"rendered":"https:\/\/guialimeira.com.br\/?p=28280"},"modified":"2025-03-27T03:34:26","modified_gmt":"2025-03-27T06:34:26","slug":"politicos-lamentam-morte-de-fuad-noman-prefeito-de-belo-horizonte","status":"publish","type":"post","link":"https:\/\/guialimeira.com.br\/news\/politicos-lamentam-morte-de-fuad-noman-prefeito-de-belo-horizonte\/","title":{"rendered":"Pol\u00edticos lamentam morte de Fuad Noman, prefeito de Belo Horizonte"},"content":{"rendered":"\n<figure class=\"wp-block-gallery has-nested-images columns-default is-cropped wp-block-gallery-1 is-layout-flex wp-block-gallery-is-layout-flex\">\n<figure class=\"wp-block-image size-large\"><\/figure>\n\t\t\t\t\t\n<figure class=\"wp-block-image size-large\"><img loading=\"lazy\" decoding=\"async\" width=\"1\" height=\"1\" data-attachment-id=\"28279\" data-permalink=\"https:\/\/guialimeira.com.br\/news\/politicos-lamentam-morte-de-fuad-noman-prefeito-de-belo-horizonte-2\/\" data-orig-file=\"https:\/\/i0.wp.com\/guialimeira.com.br\/news\/wp-content\/uploads\/2025\/03\/1743057263_510_ebc.gif?fit=1%2C1&amp;ssl=1\" data-orig-size=\"1,1\" data-comments-opened=\"1\" data-image-meta=\"{&quot;aperture&quot;:&quot;0&quot;,&quot;credit&quot;:&quot;&quot;,&quot;camera&quot;:&quot;&quot;,&quot;caption&quot;:&quot;&quot;,&quot;created_timestamp&quot;:&quot;0&quot;,&quot;copyright&quot;:&quot;&quot;,&quot;focal_length&quot;:&quot;0&quot;,&quot;iso&quot;:&quot;0&quot;,&quot;shutter_speed&quot;:&quot;0&quot;,&quot;title&quot;:&quot;&quot;,&quot;orientation&quot;:&quot;0&quot;}\" data-image-title=\"Pol\u00edticos lamentam morte de Fuad Noman, prefeito de Belo Horizonte\" data-image-description=\"\" data-image-caption=\"\" data-large-file=\"https:\/\/i0.wp.com\/guialimeira.com.br\/news\/wp-content\/uploads\/2025\/03\/1743057263_510_ebc.gif?fit=1%2C1&amp;ssl=1\" data-id=\"28279\" src=\"https:\/\/i0.wp.com\/guialimeira.com.br\/wp-content\/uploads\/2025\/03\/1743057263_510_ebc.gif?resize=1%2C1&amp;ssl=1\" alt=\"\" class=\"wp-image-28279\" \/><\/figure>\n\t\t\t\t\t<\/figure>\n \r\n<br><div>\n                    <p><strong>Pol\u00edticos se manifestaram sobre a morte do prefeito de Belo Horizonte, Fuad Noman, nesta quarta-feira (26). <a href=\"https:\/\/agenciabrasil.ebc.com.br\/politica\/noticia\/2025-03\/prefeito-de-bh-tem-parada-cardiorrespiratoria-e-estado-de-saude-piora\" target=\"_blank\" rel=\"noopener\">Noman sofreu uma parada cardiorrespirat\u00f3ria, na noite de ontem (25)<\/a>. Segundo Boletim m\u00e9dico divulgado pelo Hospital Mater Dei, Noman foi reanimado, mas o quadro foi considerado como \u201cbastante grave\u201d.<\/strong><img data-recalc-dims=\"1\" decoding=\"async\" src=\"https:\/\/i0.wp.com\/guialimeira.com.br\/wp-content\/uploads\/2025\/03\/1743057263_0_ebc.png?w=696&#038;ssl=1\" style=\"width:1px;height:1px\" \/><img data-recalc-dims=\"1\" decoding=\"async\" src=\"https:\/\/i0.wp.com\/guialimeira.com.br\/wp-content\/uploads\/2025\/03\/1743057263_510_ebc.gif?w=696&#038;ssl=1\" style=\"width:1px;height:1px\" \/><\/p>\n\n<p>O vice-prefeito de Belo Horizonte, \u00c1lvaro Dami\u00e3o, se manifestou <a href=\"https:\/\/x.com\/alvarodamiao\/status\/1904916337933062486\" target=\"_blank\">em uma rede social<\/a>, lamentando a morte de Noman. \u201c\u00c9 com profundo pesar que recebo a not\u00edcia da perda do meu amigo @eufuadnoman. No \u00faltimo ano o acompanhei passo a passo e testemunhei a for\u00e7a, a f\u00e9 e a coragem de um homem que superou todos os limites poss\u00edveis e imagin\u00e1veis\u201d, escreveu.<\/p>\n\n<blockquote>\n<p>\u201cNosso relacionamento era profissional diante de nossas responsabilidades p\u00fablicas. Mas era humano, fraterno e carinhoso no trato cotidiano. Fuad me tratava como um filho, sempre me orientando, aconselhando e puxando a orelha quando havia necessidade. A pol\u00edtica pode ser feita com ternura. Fuad era firme sem ser intolerante. Era propositivo, sem jamais ser impositivo. E sabia muito bem o que queria, sendo um homem do di\u00e1logo, da converg\u00eancia e da uni\u00e3o\u201d, completou.\u00a0<\/p>\n<\/blockquote>\n\n<p>O governador de Minas Gerais, Romeu Zema, em uma <a href=\"https:\/\/x.com\/RomeuZema\/status\/1904922710968328673\" target=\"_blank\">rede social lamentou a morte do prefeito<\/a>.<\/p>\n\n<p><strong>&#8220;Com tristeza, nos despedimos de Fuad Noman, prefeito de BH. Sua vida p\u00fablica foi marcada pelo di\u00e1logo e respeito, sempre a servi\u00e7o de uma cidade e de um estado mais fortes. Meus sentimentos aos familiares e amigos. Descanse em paz, amigo&#8221;, escreveu.<\/strong>\u00a0<\/p>\n\n<p>O presidente da Assembleia Legislativa de Minas Gerais, <a href=\"https:\/\/x.com\/Tadeuzinho\/status\/1904912771625427309\" target=\"_blank\">deputado estadual Tadeu Leite (MDB)<\/a>, tamb\u00e9m manifestou pesar pela morte de Fuad Noman.<\/p>\n\n<p>\u201cPerdemos um pol\u00edtico e administrador competente, que sempre atuou com \u00e9tica e cuidado, pelo bem das pessoas. Que Deus d\u00ea for\u00e7a aos amigos e familiares neste momento dif\u00edcil\u201d, disse.\u00a0<\/p>\n\n<p>O presidente da C\u00e2mara dos Deputados, <a href=\"http:\/\/(https:\/\/x.com\/HugoMottaPB\/status\/1904913196466520405)\" target=\"_blank\">Hugo Motta (Republicanos-PB)<\/a>, disse que Fuad Noman foi um servidor p\u00fablico de \u201ccarreira not\u00e1vel\u201d.<\/p>\n\n<p><strong>\u201cRecebi com tristeza a not\u00edcia do falecimento de Fuad Noman, prefeito de BH. Fuad foi servidor p\u00fablico de carreira not\u00e1vel, com mais de 50 anos de servi\u00e7o. Envio meus sentimentos \u00e0 fam\u00edlia do prefeito e a todos os cidad\u00e3os de Belo Horizonte\u201d, escreveu.<\/strong><\/p>\n\n<p>O presidente do Senado Federal e do Congresso Nacional, Davi Alcolumbre (Uni\u00e3o-AM), expressou solidariedade aos familiares e\u00a0amigos.<\/p>\n\n<p><strong>&#8220;Recebi com tristeza a not\u00edcia do falecimento de Fuad Noman, prefeito de Belo Horizonte, nesta quarta-feira (26).\u00a0Fuad foi um homem p\u00fablico exemplar, com uma trajet\u00f3ria marcada pela compet\u00eancia, integridade e dedica\u00e7\u00e3o ao servi\u00e7o p\u00fablico. Atuou com destaque em diversas fun\u00e7\u00f5es nos \u00e2mbitos municipal, estadual e federal, sempre com o olhar voltado para o bem comum. \u00c0 frente da Prefeitura de Belo Horizonte, liderou com responsabilidade e compromisso, honrando a confian\u00e7a dos cidad\u00e3os da capital mineira&#8221;, disse Alcolumbre em nota.<\/strong><\/p>\n\n<p>Os ministros da Secretaria de Rela\u00e7\u00f5es Institucionais e deputada federal, Gleisi Hoffmann, e da Sa\u00fade, Alexandre Padilha tamb\u00e9m se manifestaram.<\/p>\n\n<p>\u201cRecebi com muito pesar a not\u00edcia do falecimento do prefeito de Belo Horizonte, Fuad Noman. Quero expressar meus sentimentos \u00e0 fam\u00edlia e aos amigos, neste momento de dor, e \u00e0 popula\u00e7\u00e3o da capital mineira\u201d, disse Gleisi.<\/p>\n\n<p><a href=\"https:\/\/x.com\/padilhando\/status\/1904917116312313968\" target=\"_blank\">Padilha destacou o relacionamento colaborativo do prefeito com o governo federal<\/a> e seu compromisso com Belo Horizonte.<\/p>\n\n<p>\u201c\u00c9 com grande tristeza que recebo a not\u00edcia do falecimento do prefeito Fuad Noman. Tive a honra de trabalhar intensamente ao seu lado nos \u00faltimos anos, na colabora\u00e7\u00e3o direta entre a Prefeitura de Belo Horizonte e o Governo Federal. Como Ministro da Secretaria de Rela\u00e7\u00f5es Institucionais, testemunhei seu compromisso inabal\u00e1vel com o desenvolvimento de Belo Horizonte e seu cuidado com a popula\u00e7\u00e3o belo-horizontina. Meus sentimentos \u00e0 fam\u00edlia, aos amigos e aos moradores de BH\u201d, afirmou.\u00a0<\/p>\n\n<p><strong>O Atl\u00e9tico Mineiro, time de cora\u00e7\u00e3o de Fuad, tamb\u00e9m se manifestou lamentando a morte do prefeito e torcedor<\/strong>.<\/p>\n\n<blockquote>\n<p>O Atl\u00e9tico lamenta o falecim\u201cento do prefeito de Belo Horizonte, Fuad Noman, nesta quarta-feira, aos 77 anos. Economista e escritor, Fuad era torcedor fervoroso do Galo e Conselheiro Grande-Benem\u00e9rito do clube. Como chefe do executivo municipal, participou de importantes decis\u00f5es para a inaugura\u00e7\u00e3o da Arena MRV. Prestamos solidariedade \u00e0 fam\u00edlia e aos amigos\u201d, diz a <a href=\"https:\/\/x.com\/Atletico\/status\/1904916661074866673\" target=\"_blank\">nota divulgada pelo Atl\u00e9tico Mineiro<\/a>.<\/p>\n<\/blockquote>\n\n<p><strong>Em nota, a prefeitura de Belo Horizonte destacou que Fuad Noman era conhecido por seu trato gentil, sua capacidade de escuta e seu amor por Belo Horizonte. \u201cUm homem p\u00fablico \u00edntegro, cuja hist\u00f3ria se confunde com o desenvolvimento da nossa cidade\u201d.<\/strong><\/p>\n\n<p>Economista por forma\u00e7\u00e3o, Fuad Noman tinha 77 anos e teve uma s\u00f3lida trajet\u00f3ria na administra\u00e7\u00e3o p\u00fablica, como servidor de carreira do Banco Central, ocupando ainda cargos importantes no governo federal, governo de Minas Gerais e na Prefeitura de Belo Horizonte.<\/p>\n\n<p><strong>Em 2022, assumiu o cargo de prefeito da capital mineira, ap\u00f3s a ren\u00fancia de Alexandre Kalil, que concorreu ao governo de Minas Gerais, tendo sido reeleito com 53,76% dos votos v\u00e1lidos, na disputa do ano passado<\/strong>.<\/p>\n\n<p>O prefeito estava internado no hospital desde o dia 3 de janeiro, para tratar de uma pneumonia. O boletim disse que ap\u00f3s a reanima\u00e7\u00e3o, o quadro de Noman evoluiu com choque cardiog\u00eanico (diminui\u00e7\u00e3o da capacidade do cora\u00e7\u00e3o de bombear sangue de forma satisfat\u00f3ria), necessitando de doses elevadas de drogas vasoativas e inotr\u00f3picas.<\/p>\n\n<blockquote>\n<p>\u201cNeste momento de dor, nos solidarizamos com os familiares, amigos e todos os cidad\u00e3os belo-horizontinos que perdem n\u00e3o apenas um l\u00edder, mas um exemplo de ser humano. A cidade se despede com gratid\u00e3o e rever\u00eancia\u201d, diz a nota.<\/p>\n<\/blockquote>\n\n<p>Ainda n\u00e3o h\u00e1 informa\u00e7\u00f5es sobre o vel\u00f3rio e sepultamento de Fuad Noman.<\/p>\n\n      <!-- Relacionada -->\n              \n            <!-- Relacionada -->\n    <\/div>\r\n<br>\r\n<br><a href=\"https:\/\/agenciabrasil.ebc.com.br\/politica\/noticia\/2025-03\/politicos-lamentam-morte-de-fuad-noman-prefeito-de-belo-horizonte\" rel=\"noopener\">Ag\u00eancia Brasil<\/a>","protected":false},"excerpt":{"rendered":"<p>Pol\u00edticos se manifestaram sobre a morte do prefeito de Belo Horizonte, Fuad Noman, nesta quarta-feira (26). Noman sofreu uma parada cardiorrespirat\u00f3ria, na noite de ontem (25). Segundo Boletim m\u00e9dico divulgado pelo Hospital Mater Dei, Noman foi reanimado, mas o quadro foi considerado como \u201cbastante grave\u201d. O vice-prefeito de Belo Horizonte, \u00c1lvaro Dami\u00e3o, se manifestou em [&hellip;]<\/p>\n","protected":false},"author":1,"featured_media":28281,"comment_status":"open","ping_status":"open","sticky":false,"template":"","format":"standard","meta":{"_jetpack_newsletter_access":"","_jetpack_dont_email_post_to_subs":false,"_jetpack_newsletter_tier_id":0,"_jetpack_memberships_contains_paywalled_content":false,"_mbp_banners":[],"_jetpack_feature_clip_id":0,"_jetpack_memberships_contains_paid_content":false,"footnotes":"","jetpack_publicize_message":"","jetpack_publicize_feature_enabled":true,"jetpack_social_post_already_shared":true,"jetpack_social_options":{"image_generator_settings":{"template":"highway","default_image_id":0,"font":"","enabled":false},"version":2},"jetpack_post_was_ever_published":false},"categories":[19],"tags":[],"class_list":["post-28280","post","type-post","status-publish","format-standard","has-post-thumbnail","category-politica"],"jetpack_publicize_connections":[],"jetpack-related-posts":[],"jetpack_shortlink":"https:\/\/wp.me\/p7Eq1F-7m8","jetpack_sharing_enabled":true,"jetpack_featured_media_url":"https:\/\/i0.wp.com\/guialimeira.com.br\/news\/wp-content\/uploads\/2025\/03\/Politicos-lamentam-morte-de-Fuad-Noman-prefeito-de-Belo-Horizonte.jpg?fit=1600%2C800&ssl=1","_links":{"self":[{"href":"https:\/\/guialimeira.com.br\/news\/wp-json\/wp\/v2\/posts\/28280","targetHints":{"allow":["GET"]}}],"collection":[{"href":"https:\/\/guialimeira.com.br\/news\/wp-json\/wp\/v2\/posts"}],"about":[{"href":"https:\/\/guialimeira.com.br\/news\/wp-json\/wp\/v2\/types\/post"}],"author":[{"embeddable":true,"href":"https:\/\/guialimeira.com.br\/news\/wp-json\/wp\/v2\/users\/1"}],"replies":[{"embeddable":true,"href":"https:\/\/guialimeira.com.br\/news\/wp-json\/wp\/v2\/comments?post=28280"}],"version-history":[{"count":1,"href":"https:\/\/guialimeira.com.br\/news\/wp-json\/wp\/v2\/posts\/28280\/revisions"}],"predecessor-version":[{"id":28282,"href":"https:\/\/guialimeira.com.br\/news\/wp-json\/wp\/v2\/posts\/28280\/revisions\/28282"}],"wp:featuredmedia":[{"embeddable":true,"href":"https:\/\/guialimeira.com.br\/news\/wp-json\/wp\/v2\/media\/28281"}],"wp:attachment":[{"href":"https:\/\/guialimeira.com.br\/news\/wp-json\/wp\/v2\/media?parent=28280"}],"wp:term":[{"taxonomy":"category","embeddable":true,"href":"https:\/\/guialimeira.com.br\/news\/wp-json\/wp\/v2\/categories?post=28280"},{"taxonomy":"post_tag","embeddable":true,"href":"https:\/\/guialimeira.com.br\/news\/wp-json\/wp\/v2\/tags?post=28280"}],"curies":[{"name":"wp","href":"https:\/\/api.w.org\/{rel}","templated":true}]}}