{"id":28253,"date":"2025-03-26T19:22:24","date_gmt":"2025-03-26T22:22:24","guid":{"rendered":"https:\/\/guialimeira.com.br\/2025\/03\/26\/melhoria-da-alimentacao-em-epoca-de-crises-e-tema-de-cupula-em-paris\/"},"modified":"2025-03-26T19:22:24","modified_gmt":"2025-03-26T22:22:24","slug":"melhoria-da-alimentacao-em-epoca-de-crises-e-tema-de-cupula-em-paris","status":"publish","type":"post","link":"https:\/\/guialimeira.com.br\/news\/melhoria-da-alimentacao-em-epoca-de-crises-e-tema-de-cupula-em-paris\/","title":{"rendered":"Melhoria da alimenta\u00e7\u00e3o em \u00e9poca de crises \u00e9 tema de c\u00fapula em Paris"},"content":{"rendered":"<p> <br \/>\n<\/p>\n<div>\n<p><strong>A c\u00fapula <em>Nutrition for Growth<\/em> (Nutri\u00e7\u00e3o para o Crescimento) come\u00e7a nesta quinta-feira (27), em Paris, com a proposta de buscar uma alimenta\u00e7\u00e3o melhor em um contexto global de crises e de mudan\u00e7as clim\u00e1ticas. <\/strong>Representantes governamentais de pelo menos 76 pa\u00edses devem participar do evento.<img data-recalc-dims=\"1\" decoding=\"async\" src=\"https:\/\/i0.wp.com\/agenciabrasil.ebc.com.br\/ebc.png?w=696&#038;ssl=1\" style=\"width:1px; height:1px; display:inline;\"\/><img data-recalc-dims=\"1\" decoding=\"async\" src=\"https:\/\/i0.wp.com\/agenciabrasil.ebc.com.br\/ebc.gif?w=696&#038;ssl=1\" style=\"width:1px; height:1px; display:inline;\"\/><\/p>\n<p>O encontro, realizado a cada quatro anos desde 2013, re\u00fane ainda representantes de organismos internacionais, da sociedade civil, academia e empresas. Um dos principais objetivos \u00e9 firmar compromissos financeiros e pol\u00edticos que garantam uma alimenta\u00e7\u00e3o adequada para milh\u00f5es de pessoas.<\/p>\n<p>No \u00faltimo evento, em T\u00f3quio, em 2021, foram firmados 396 compromissos por 181 entidades, em um total de 27 bilh\u00f5es de d\u00f3lares. Estima-se, no entanto, que sejam necess\u00e1rios investimentos de cerca de 13 bilh\u00f5es de d\u00f3lares por ano, para se atingir uma alimenta\u00e7\u00e3o adequada para todos.<\/p>\n<p>Para esta edi\u00e7\u00e3o do evento, est\u00e3o previstos compromissos financeiros de bancos p\u00fablicos de desenvolvimento, entidades filantr\u00f3picas e empresas, como a francesa Edenred, que oferece entre seus servi\u00e7os, o t\u00edquete-restaurante implantado no Brasil h\u00e1 seis d\u00e9cadas.\u00a0<\/p>\n<p>Seu compromisso envolve uma meta de garantir 100 mil refei\u00e7\u00f5es at\u00e9 o fim do ano, para o Programa Mundial de Alimenta\u00e7\u00e3o (WFP), por meio de contribui\u00e7\u00f5es volunt\u00e1rias de seus clientes. A empresa usar\u00e1 sua rede de comunica\u00e7\u00e3o com os usu\u00e1rios dos cart\u00f5es alimenta\u00e7\u00e3o para sensilibiliz\u00e1-los a doar pelo menos 80 centavos de d\u00f3lar, no momento do pagamento de suas pr\u00f3prias refei\u00e7\u00f5es.\u00a0<\/p>\n<h2>Temas<\/h2>\n<p>Entre os temas deste ano est\u00e3o o enfrentamento \u00e0 inseguran\u00e7a alimentar e a oferta de uma nutri\u00e7\u00e3o mais adequada, em momentos de crise, como conflitos armados que geram impactos na produ\u00e7\u00e3o de alimentos e na migra\u00e7\u00e3o for\u00e7ada de pessoas.<\/p>\n<blockquote>\n<p>&#8220;A situa\u00e7\u00e3o internacional \u00e9 muito diferente daquela que t\u00ednhamos em 2021, agora com uma guerra massiva aqui na Europa [conflito entre R\u00fassia e Ucr\u00e2nia], que provocou uma crise alimentar mundial e que teve tamb\u00e9m consequ\u00eancias financeiras com a crise inflacion\u00e1ria das commodities&#8221;, afirma o secret\u00e1rio-geral da c\u00fapula, Brieuc Pont.<\/p>\n<\/blockquote>\n<p>Muitos pa\u00edses que t\u00eam a capacidade de financiamento do desenvolvimento, est\u00e3o agora privilegiando despesas de defesa para se proteger, diz o secret\u00e1rio-geral. &#8220;Ent\u00e3o existe esse desafio que \u00e9 procurar financiamento para a nutri\u00e7\u00e3o.&#8221;<\/p>\n<p>As mudan\u00e7as clim\u00e1ticas s\u00e3o outro tema do evento. Para Brieuc Pont, \u00e9 importante investir em alternativas para os modelos atuais de produ\u00e7\u00e3o de alimentos que geram grande impacto na emiss\u00e3o de gases do efeito estufa, no consumo da \u00e1gua e no esgotamento do solo.<\/p>\n<blockquote>\n<p>&#8220;Nossa ideia \u00e9 realmente tentar incentivar a preserva\u00e7\u00e3o de sistemas de produ\u00e7\u00e3o locais para enriquecer os ecossistemas comerciais de produ\u00e7\u00e3o locais, para as que as pessoas n\u00e3o dependam de alimentos ultraprocessados, de produ\u00e7\u00e3o massiva, de uma produ\u00e7\u00e3o industrial de alimentos&#8221;, acrescentou.<\/p>\n<\/blockquote>\n<p><strong>O primeiro-ministro franc\u00eas, Fran\u00e7ois Bayrou, participar\u00e1 da abertura da c\u00fapula, na manh\u00e3 desta quinta, juntamente com a primeira-dama brasileira, Janja Lula da Silva.\u00a0<\/strong><\/p>\n<p>Tamb\u00e9m participar\u00e1 da sess\u00e3o de abertura o rei de Lesoto, Letsie III. Recentemente, o presidente norte-americano, Donald Trump, disse que Lesoto era um &#8220;pa\u00eds do qual ningu\u00e9m ouviu falar&#8221;, ao anunciar, perante o congresso americano, que cortaria a ajuda financeira milion\u00e1ria \u00e0 na\u00e7\u00e3o africana.<\/p>\n<p><em>*O rep\u00f3rter viajou a convite da Embaixada da Fran\u00e7a no Brasil<\/em><\/p>\n<p>      <!-- Relacionada --><\/p>\n<p>            <!-- Relacionada -->\n    <\/div>\n<p><br \/>\n<br \/><a href=\"https:\/\/agenciabrasil.ebc.com.br\/internacional\/noticia\/2025-03\/melhoria-da-alimentacao-em-epoca-de-crises-e-tema-de-cupula-em-paris\" rel=\"noopener\">Ag\u00eancia Brasil <\/a><\/p>\n","protected":false},"excerpt":{"rendered":"<p>A c\u00fapula Nutrition for Growth (Nutri\u00e7\u00e3o para o Crescimento) come\u00e7a nesta quinta-feira (27), em Paris, com a proposta de buscar uma alimenta\u00e7\u00e3o melhor em um contexto global de crises e de mudan\u00e7as clim\u00e1ticas. Representantes governamentais de pelo menos 76 pa\u00edses devem participar do evento. O encontro, realizado a cada quatro anos desde 2013, re\u00fane ainda [&hellip;]<\/p>\n","protected":false},"author":1,"featured_media":28254,"comment_status":"open","ping_status":"open","sticky":false,"template":"","format":"standard","meta":{"_jetpack_newsletter_access":"","_jetpack_dont_email_post_to_subs":false,"_jetpack_newsletter_tier_id":0,"_jetpack_memberships_contains_paywalled_content":false,"_mbp_banners":[],"_jetpack_feature_clip_id":0,"_jetpack_memberships_contains_paid_content":false,"footnotes":"","jetpack_publicize_message":"","jetpack_publicize_feature_enabled":true,"jetpack_social_post_already_shared":true,"jetpack_social_options":{"image_generator_settings":{"template":"highway","default_image_id":0,"font":"","enabled":false},"version":2},"jetpack_post_was_ever_published":false},"categories":[25],"tags":[],"class_list":["post-28253","post","type-post","status-publish","format-standard","has-post-thumbnail","category-internacional"],"jetpack_publicize_connections":[],"jetpack-related-posts":[],"jetpack_shortlink":"https:\/\/wp.me\/p7Eq1F-7lH","jetpack_sharing_enabled":true,"jetpack_featured_media_url":"https:\/\/i0.wp.com\/guialimeira.com.br\/news\/wp-content\/uploads\/2025\/03\/nutrition_for_growth.jpg?fit=1600%2C800&ssl=1","_links":{"self":[{"href":"https:\/\/guialimeira.com.br\/news\/wp-json\/wp\/v2\/posts\/28253","targetHints":{"allow":["GET"]}}],"collection":[{"href":"https:\/\/guialimeira.com.br\/news\/wp-json\/wp\/v2\/posts"}],"about":[{"href":"https:\/\/guialimeira.com.br\/news\/wp-json\/wp\/v2\/types\/post"}],"author":[{"embeddable":true,"href":"https:\/\/guialimeira.com.br\/news\/wp-json\/wp\/v2\/users\/1"}],"replies":[{"embeddable":true,"href":"https:\/\/guialimeira.com.br\/news\/wp-json\/wp\/v2\/comments?post=28253"}],"version-history":[{"count":0,"href":"https:\/\/guialimeira.com.br\/news\/wp-json\/wp\/v2\/posts\/28253\/revisions"}],"wp:featuredmedia":[{"embeddable":true,"href":"https:\/\/guialimeira.com.br\/news\/wp-json\/wp\/v2\/media\/28254"}],"wp:attachment":[{"href":"https:\/\/guialimeira.com.br\/news\/wp-json\/wp\/v2\/media?parent=28253"}],"wp:term":[{"taxonomy":"category","embeddable":true,"href":"https:\/\/guialimeira.com.br\/news\/wp-json\/wp\/v2\/categories?post=28253"},{"taxonomy":"post_tag","embeddable":true,"href":"https:\/\/guialimeira.com.br\/news\/wp-json\/wp\/v2\/tags?post=28253"}],"curies":[{"name":"wp","href":"https:\/\/api.w.org\/{rel}","templated":true}]}}